{"id":23614,"date":"2016-02-03T10:00:25","date_gmt":"2016-02-03T09:00:25","guid":{"rendered":"http:\/\/centcols.org\/backup\/?p=23614"},"modified":"2016-05-16T16:19:56","modified_gmt":"2016-05-16T14:19:56","slug":"concentration-regionale-2016-auvergne","status":"publish","type":"post","link":"https:\/\/centcols.org\/backup\/concentration-regionale-2016-auvergne\/","title":{"rendered":"Concentration r\u00e9gionale Auvergne au col de la Croix de Peccata le 4 juin 2016"},"content":{"rendered":"<p>Samedi 4 juin 2016, Auvergne<br \/>\nCol de la Croix de Peccata, 1570 m (Haute Loire)<\/p>\n<p>Ce col routier sur la D274\u00a0 situ\u00e9 au carrefour des GR 7 et du Tour M\u00e9zenc-Gerbier permet un acc\u00e8s S2 au M\u00e9zenc, mont \u00e0 deux sommets, qui culmine \u00e0 1753m en Ard\u00e8che ou 1724 en Haute-Loire.<br \/>\nEn marge de la LPE Atlantique-M\u00e9diterran\u00e9e, il est sur le parcours de CC en Ard\u00e8che.<br \/>\nSept cols sont ais\u00e9ment r\u00e9alisables dans une bonne demi-journ\u00e9e au sud de Fay sur Lignon.<br \/>\nUne liaison sentier Croix de Peccata \u2013 Croix de Bouti\u00e8res est possible.<br \/>\nDu M\u00e9zenc, panorama sur 10 \u00e0 12 d\u00e9partements et vue sur les \u00ab\u00a0montagnes du soleil\u00a0\u00bb (les Alpes pour les locaux).<br \/>\nLes 3 BPF des lacs sont proches\u00a0: lac de St-Front (20km), lac d&#8217;Issarl\u00e8s et 2-3 cols (25km), lac du\u00a0 Bouchet et Trescols (50km)<\/p>\n<p style=\"text-align: left;\">Diverses approches ou circuits sont possibles. On pourra consulter Openrunner pour<strong> 3 options routi\u00e8res<\/strong> nomm\u00e9es\u00a0CC-R(1-2-4)Auvergne2016<\/p>\n<p style=\"text-align: left;\">&#8211; par l&#8217;ouest du M\u00e9zenc : R1 : 6093234 4 cols, 57km\/1150m\u00a0 ou R2\u00a0 6082311 6 col 73km\/1600 d\u00e9part Le Monastier sur Gazeille (parking du lyc\u00e9e)<\/p>\n<p style=\"text-align: left;\">&#8211; par le nord, depuis chez l&#8217;animateur r\u00e9gional R4\u00a0 6093163 42km\/\/1150<\/p>\n<p><strong>VTT : circuits respirando\u00a0<\/strong> : <a href=\"http:\/\/www.respirando.fr\/index.php\/a-velo-vtt\/circuits-vtt\/vtt-velay.html\">http:\/\/www.respirando.fr\/index.php\/a-velo-vtt\/circuits-vtt\/vtt-velay.html <\/a>: le 6\u00a0: bol d&#8217;air et globules rouges 28km\/800 D+ ou le 5\u00a0: train fant\u00f4me (trac\u00e9 d&#8217;un voie ferr\u00e9e jamais install\u00e9e, passage de viaduc et tunnel (75m)) et grands espaces 51km\/1300. Circuit roulant sauf quelques courts passages R1 ou S-2 pr\u00e9voir +6km\/200 pour 2 cols et le lieu de la concentration.<\/p>\n<p><strong>VTT openrunner<\/strong> 4123788 tour du M\u00e9zenc (28\/750) 2338595 les estables (43\/1150) 09101971 les estables (20\/780) et BPF de St Front en prime.<\/p>\n<p><em>Comme en 2012 et 2014<strong> possibilit\u00e9 de repas en commun le 4 juin au s<\/strong><strong>oir,<\/strong> chez Francine et Claude, avec Jean Dufau (CC 6997 en cuisinier chef). Merci de pr\u00e9venir si vous souhaitez participer \u00e0 ce repas. H\u00e9bergements confortables en h\u00f4tels ou gites ainsi que quelques places plus rustiques \u00a0 chez l&#8217;animateur (dans la limite du possible).<\/em><\/p>\n<p>&nbsp;<\/p>\n<p><a href=\"https:\/\/centcols.org\/backup\/concentration-regionale-2016-auvergne\/peccata\/\" rel=\"attachment wp-att-23626\"><img loading=\"lazy\" decoding=\"async\" class=\"alignnone size-medium wp-image-23626\" src=\"https:\/\/centcols.org\/backup\/wp-content\/uploads\/2016\/02\/peccata-500x389.jpg\" alt=\"peccata\" width=\"500\" height=\"389\" srcset=\"https:\/\/centcols.org\/backup\/wp-content\/uploads\/2016\/02\/peccata-500x389.jpg 500w, https:\/\/centcols.org\/backup\/wp-content\/uploads\/2016\/02\/peccata-600x466.jpg 600w, https:\/\/centcols.org\/backup\/wp-content\/uploads\/2016\/02\/peccata.jpg 746w\" sizes=\"(max-width: 500px) 100vw, 500px\" \/><\/a><\/p>\n<h3>H\u00e9bergements possibles<\/h3>\n<p>&#8211; La ferme de Magnaud\u00e8s, avec 3-4 cols et \u00e0 20 km de la concentration,\u00a0gilbrault.free.fr<br \/>\n&#8211; Tr\u00e8s grand luxe, La grange du baron du M\u00e9zenc \u00e0 Chaudeyrolles<br \/>\n&#8211; Vaste parking camping-cars, h\u00f4tels et g\u00eetes au village \u00ab\u00a0Les Estables\u00a0\u00bb\u00a0 \u00e0 3km du col.<\/p>\n<h3>Contact<\/h3>\n<p>Claude Mabillot<br \/>\n04 71 65 34 78<br \/>\n<a href=\"ma&#105;lt&#111;:mabi&#108;lo&#116;&#64;f&#114;e&#101;.&#102;&#114;\">ma&#98;i&#108;&#108;ot&#64;f&#114;&#101;&#101;&#46;&#102;&#114;<\/a><\/p>\n<p>&nbsp;<\/p>\n","protected":false},"excerpt":{"rendered":"<p>Samedi 4 juin 2016, Auvergne Col de la Croix de Peccata, 1570 m (Haute Loire) Ce col routier sur la D274\u00a0 situ\u00e9 au carrefour des GR 7 et du Tour M\u00e9zenc-Gerbier permet un acc\u00e8s S2 au M\u00e9zenc, mont \u00e0 deux sommets, qui culmine \u00e0 1753m en Ard\u00e8che ou 1724 en Haute-Loire. En marge de la [&hellip;]<\/p>\n","protected":false},"author":147,"featured_media":0,"comment_status":"closed","ping_status":"closed","sticky":false,"template":"","format":"standard","meta":{"_acf_changed":false,"ub_ctt_via":"","_monsterinsights_skip_tracking":false,"_monsterinsights_sitenote_active":false,"_monsterinsights_sitenote_note":"","_monsterinsights_sitenote_category":0,"footnotes":""},"categories":[114,7],"tags":[],"acf":[],"featured_image_urls":{"full":"","thumbnail":"","medium":"","medium_large":"","large":"","1536x1536":"","2048x2048":"","woocommerce_thumbnail":"","woocommerce_single":"","woocommerce_gallery_thumbnail":""},"post_excerpt_stackable":"<p>Samedi 4 juin 2016, Auvergne Col de la Croix de Peccata, 1570 m (Haute Loire) Ce col routier sur la D274\u00a0 situ\u00e9 au carrefour des GR 7 et du Tour M\u00e9zenc-Gerbier permet un acc\u00e8s S2 au M\u00e9zenc, mont \u00e0 deux sommets, qui culmine \u00e0 1753m en Ard\u00e8che ou 1724 en Haute-Loire. En marge de la LPE Atlantique-M\u00e9diterran\u00e9e, il est sur le parcours de CC en Ard\u00e8che. Sept cols sont ais\u00e9ment r\u00e9alisables dans une bonne demi-journ\u00e9e au sud de Fay sur Lignon. Une liaison sentier Croix de Peccata \u2013 Croix de Bouti\u00e8res est possible. Du M\u00e9zenc, panorama sur 10 \u00e0 12\u2026<\/p>\n","category_list":"<a href=\"https:\/\/centcols.org\/backup\/categorie\/rassemblements\/rassemblements-2016\/\" rel=\"category tag\">Les rassemblements de 2016<\/a>, <a href=\"https:\/\/centcols.org\/backup\/categorie\/rassemblements\/\" rel=\"category tag\">Rencontres r\u00e9gionales<\/a>","author_info":{"display_name":"Guy Harl\u00e9","author_link":"https:\/\/centcols.org\/backup\/author\/5193\/"},"comments_num":"0 commentaire","featured_image_urls_v2":{"full":"","thumbnail":"","medium":"","medium_large":"","large":"","1536x1536":"","2048x2048":"","woocommerce_thumbnail":"","woocommerce_single":"","woocommerce_gallery_thumbnail":""},"post_excerpt_stackable_v2":"<p>Samedi 4 juin 2016, Auvergne Col de la Croix de Peccata, 1570 m (Haute Loire) Ce col routier sur la D274\u00a0 situ\u00e9 au carrefour des GR 7 et du Tour M\u00e9zenc-Gerbier permet un acc\u00e8s S2 au M\u00e9zenc, mont \u00e0 deux sommets, qui culmine \u00e0 1753m en Ard\u00e8che ou 1724 en Haute-Loire. En marge de la LPE Atlantique-M\u00e9diterran\u00e9e, il est sur le parcours de CC en Ard\u00e8che. Sept cols sont ais\u00e9ment r\u00e9alisables dans une bonne demi-journ\u00e9e au sud de Fay sur Lignon. Une liaison sentier Croix de Peccata \u2013 Croix de Bouti\u00e8res est possible. Du M\u00e9zenc, panorama sur 10 \u00e0 12\u2026<\/p>\n","category_list_v2":"<a href=\"https:\/\/centcols.org\/backup\/categorie\/rassemblements\/rassemblements-2016\/\" rel=\"category tag\">Les rassemblements de 2016<\/a>, <a href=\"https:\/\/centcols.org\/backup\/categorie\/rassemblements\/\" rel=\"category tag\">Rencontres r\u00e9gionales<\/a>","author_info_v2":{"name":"Guy Harl\u00e9","url":"https:\/\/centcols.org\/backup\/author\/5193\/"},"comments_num_v2":"0 commentaire","featured_image_src":null,"_links":{"self":[{"href":"https:\/\/centcols.org\/backup\/wp-json\/wp\/v2\/posts\/23614"}],"collection":[{"href":"https:\/\/centcols.org\/backup\/wp-json\/wp\/v2\/posts"}],"about":[{"href":"https:\/\/centcols.org\/backup\/wp-json\/wp\/v2\/types\/post"}],"author":[{"embeddable":true,"href":"https:\/\/centcols.org\/backup\/wp-json\/wp\/v2\/users\/147"}],"replies":[{"embeddable":true,"href":"https:\/\/centcols.org\/backup\/wp-json\/wp\/v2\/comments?post=23614"}],"version-history":[{"count":0,"href":"https:\/\/centcols.org\/backup\/wp-json\/wp\/v2\/posts\/23614\/revisions"}],"wp:attachment":[{"href":"https:\/\/centcols.org\/backup\/wp-json\/wp\/v2\/media?parent=23614"}],"wp:term":[{"taxonomy":"category","embeddable":true,"href":"https:\/\/centcols.org\/backup\/wp-json\/wp\/v2\/categories?post=23614"},{"taxonomy":"post_tag","embeddable":true,"href":"https:\/\/centcols.org\/backup\/wp-json\/wp\/v2\/tags?post=23614"}],"curies":[{"name":"wp","href":"https:\/\/api.w.org\/{rel}","templated":true}]}}