{"id":23616,"date":"2016-02-03T13:00:48","date_gmt":"2016-02-03T12:00:48","guid":{"rendered":"http:\/\/centcols.org\/backup\/?p=23616"},"modified":"2016-03-03T12:11:51","modified_gmt":"2016-03-03T11:11:51","slug":"raduno-italien-2016","status":"publish","type":"post","link":"https:\/\/centcols.org\/backup\/raduno-italien-2016\/","title":{"rendered":"Raduno Italien \u00e0 Brescia (BS) les 30 et 31 juillet 2016"},"content":{"rendered":"<p style=\"text-align: justify;\" align=\"center\"><span style=\"font-family: Arial, serif;\"><span style=\"font-size: medium;\">Raduno Italiano 2016 &#8211; 30-31\/07\/2016 &#8211; Alta Val Trompia (BS) \u00a0<\/span><\/span><\/p>\n<p>Il Raduno Italiano 2016 cambia data !<br \/>\nA differenza degli ultimi anni si svolger\u00e0 nell&#8217;ultimo weekend di luglio (sabato 30 e domenica 31) e quindi in piena estate. Questo perch\u00e9 vogliamo offrirvi dei percorsi che permettono di scollinare\u00a0 su una decina di passi con altitudine superiore ai 2000 m.<br \/>\nCi ritroveremo nell&#8217;Alta Val Trompia, in provincia di Brescia, in una zona ricca di passi stradali e non, avrete quindi la possibilit\u00e0 di fare parecchie nuove conquiste<br \/>\nSono previsti due percorsi stradali (R1e R2) e due percorsi per MTB (V1 e V2).\u00a0 Per i percorsi stradali si consiglia di usare pneumatici da 25&#8243;, perch\u00e9 nel R1 c&#8217;\u00e8 un breve tratto non asfaltato (tra Giogo della Bala e Passo Croce Domini).<br \/>\nIl percorso R1 parte dall&#8217;Albergo Pineta, con 18 passi e oltre 2200 m di dislivello ed \u00e8 presentato anche diviso in due parti meno impegnative (R1A e R1B)<br \/>\nIl percorso R2, parte da Tavernole sul Mella (circa 20 km dall&#8217;Albergo Pineta) \u00e8 presentato nelle varianti Lungo e Corto. I percorsi MTB partono entrambi dall&#8217;albergo e sono in buona parte ciclabili (con alcuni tratti a spinta). Il V1 \u00e8 di circa 50 km ma \u00e8 possibile accorciarlo, evitando alcuni passi<\/p>\n<h3>Strada<\/h3>\n<p><a href=\"https:\/\/centcols.org\/backup\/wp-content\/uploads\/2016\/02\/R1-pdf.pdf\" target=\"_blank\" rel=\"\">R1 (pdf)<\/a>\u00a0 \u00a0 \u00a0 \u00a0 \u00a0 \u00a0 \u00a0 \u00a0 \u00a0 \u00a0 \u00a0 \u00a0 \u00a0 \u00a0 \u00a0 \u00a0 \u00a0\u00a0<a href=\"https:\/\/centcols.org\/backup\/wp-content\/uploads\/2016\/02\/R1-gpx.gpx\" target=\"_blank\" rel=\"\">R1 (gpx)<br \/>\n<\/a><a href=\"https:\/\/centcols.org\/backup\/wp-content\/uploads\/2016\/02\/R1A-pdf.pdf\" target=\"_blank\" rel=\"\">R1A (pdf)<\/a>\u00a0 \u00a0 \u00a0 \u00a0<a href=\"https:\/\/centcols.org\/backup\/wp-content\/uploads\/2016\/02\/R1B-pdf.pdf\" target=\"_blank\" rel=\"\">R1B (pdf)<\/a>\u00a0 \u00a0 \u00a0 \u00a0<a href=\"https:\/\/centcols.org\/backup\/wp-content\/uploads\/2016\/02\/R1A-R1B-gpx.gpx\" target=\"_blank\" rel=\"\">R1A-R1B (gpx)<\/a><a href=\"https:\/\/centcols.org\/backup\/wp-content\/uploads\/2016\/02\/R1-gpx.gpx\" target=\"_blank\" rel=\"\"><br \/>\n<\/a><\/p>\n<p><a href=\"https:\/\/centcols.org\/backup\/wp-content\/uploads\/2016\/02\/R2-Corto-pdf.pdf\" target=\"_blank\" rel=\"\">R2 Corto (pdf)<\/a>\u00a0 \u00a0 \u00a0 \u00a0 \u00a0 \u00a0 \u00a0 \u00a0 \u00a0 \u00a0 \u00a0\u00a0<a href=\"https:\/\/centcols.org\/backup\/wp-content\/uploads\/2016\/02\/R2-Corto-gpx.gpx\" target=\"_blank\" rel=\"\">R2 Corto (gpx)<br \/>\n<\/a><a href=\"https:\/\/centcols.org\/backup\/wp-content\/uploads\/2016\/02\/R2-Lungo-pdf.pdf\" target=\"_blank\" rel=\"\">R2 Lungo (pdf)<\/a>\u00a0 \u00a0 \u00a0 \u00a0 \u00a0 \u00a0 \u00a0 \u00a0 \u00a0 \u00a0\u00a0<a href=\"https:\/\/centcols.org\/backup\/wp-content\/uploads\/2016\/02\/R2-Lungo-gpx.gpx\" target=\"_blank\" rel=\"\">R2 Lungo (gpx)<\/a><\/p>\n<h3>VTT<\/h3>\n<p><a href=\"https:\/\/centcols.org\/backup\/wp-content\/uploads\/2016\/02\/V1-IT-pdf.pdf\" target=\"_blank\" rel=\"\">V1-IT (pdf)<\/a>\u00a0 \u00a0 \u00a0 \u00a0 \u00a0 \u00a0 \u00a0 \u00a0 \u00a0 \u00a0 \u00a0 \u00a0<a href=\"https:\/\/centcols.org\/backup\/wp-content\/uploads\/2016\/02\/V1-gpx.gpx\" target=\"_blank\" rel=\"\">V1 (gpx)<br \/>\n<\/a><a href=\"https:\/\/centcols.org\/backup\/wp-content\/uploads\/2016\/02\/V2-IT-pdf.pdf\" target=\"_blank\" rel=\"\">V2-IT (pdf)<\/a>\u00a0 \u00a0 \u00a0 \u00a0 \u00a0 \u00a0 \u00a0 \u00a0 \u00a0 \u00a0 \u00a0\u00a0<a href=\"https:\/\/centcols.org\/backup\/wp-content\/uploads\/2016\/02\/V2-gpx.gpx\" target=\"_blank\" rel=\"\">V2 (gpx)<\/a><a href=\"https:\/\/centcols.org\/backup\/wp-content\/uploads\/2016\/02\/V1-gpx.gpx\" target=\"_blank\" rel=\"\"><br \/>\n<\/a><\/p>\n<h3>H\u00e9bergement<\/h3>\n<p>Potremo soggiornare all&#8217;ALBERGO PINETA,<br \/>\nche si trova a quota 1400 m sulla strada che da Collio (BS) porta al Giogo di Maniva,<br \/>\nVia Maniva 253\/a<br \/>\n25060 San Colombano, Collio Val Trompia (BS)<br \/>\nwww.pineta-albergo.it<br \/>\n<a href=\"m&#97;&#105;l&#116;o:&#105;&#110;f&#111;&#64;pin&#101;ta-a&#108;&#98;&#101;r&#103;&#111;&#46;i&#116;\">&#105;nfo&#64;pineta-albe&#114;g&#111;&#46;&#105;t<\/a><br \/>\ntelefono 0039030927192 &#8211; 0039338980152- fax 00390302055467<\/p>\n<p>L&#8217;albergo offre camere doppie a due letti o matrimoniali al prezzo di 55,00 euro al giorno per persona in pensiona completa, incluso quindi paniere picnic ma escluse le bevande. Per le prenotazioni citare il gruppo Club des Cent Cols.<\/p>\n<h3>Per ogni informazione supplementare non esitate a telefonare ad<\/h3>\n<p>Enrico Alberini<br \/>\n00393703192464<br \/>\no a scrivere a <a href=\"&#109;ai&#108;&#116;o&#58;d&#116;&#46;&#105;&#116;&#64;c&#101;n&#116;&#99;&#111;&#108;&#115;.&#110;et\">d&#116;&#46;i&#116;&#64;c&#101;&#110;&#116;c&#111;ls.&#110;et<\/a><\/p>\n<div id='gallery-1' class='gallery galleryid-23616 gallery-columns-2 gallery-size-thumbnail'><dl class='gallery-item'>\n\t\t\t<dt class='gallery-icon landscape'>\n\t\t\t\t<a href='https:\/\/centcols.org\/backup\/wp-content\/uploads\/2016\/02\/raduno-2016-1.jpg'><img loading=\"lazy\" decoding=\"async\" width=\"300\" height=\"300\" src=\"https:\/\/centcols.org\/backup\/wp-content\/uploads\/2016\/02\/raduno-2016-1-300x300.jpg\" class=\"attachment-thumbnail size-thumbnail\" alt=\"\" srcset=\"https:\/\/centcols.org\/backup\/wp-content\/uploads\/2016\/02\/raduno-2016-1-300x300.jpg 300w, https:\/\/centcols.org\/backup\/wp-content\/uploads\/2016\/02\/raduno-2016-1-100x100.jpg 100w\" sizes=\"(max-width: 300px) 100vw, 300px\" \/><\/a>\n\t\t\t<\/dt><\/dl><dl class='gallery-item'>\n\t\t\t<dt class='gallery-icon landscape'>\n\t\t\t\t<a href='https:\/\/centcols.org\/backup\/wp-content\/uploads\/2016\/02\/raduno-2016-2.jpg'><img loading=\"lazy\" decoding=\"async\" width=\"300\" height=\"300\" src=\"https:\/\/centcols.org\/backup\/wp-content\/uploads\/2016\/02\/raduno-2016-2-300x300.jpg\" class=\"attachment-thumbnail size-thumbnail\" alt=\"\" srcset=\"https:\/\/centcols.org\/backup\/wp-content\/uploads\/2016\/02\/raduno-2016-2-300x300.jpg 300w, https:\/\/centcols.org\/backup\/wp-content\/uploads\/2016\/02\/raduno-2016-2-100x100.jpg 100w\" sizes=\"(max-width: 300px) 100vw, 300px\" \/><\/a>\n\t\t\t<\/dt><\/dl><br style=\"clear: both\" \/>\n\t\t<\/div>\n\n<p>&nbsp;<\/p>\n<p>Le Raduno Italien 2016 change de date !<br \/>\nContrairement aux ann\u00e9es pass\u00e9es le Raduno se d\u00e9roulera le dernier week-end de\u00a0juillet, les 30 et 31 et donc en plein \u00e9t\u00e9, et cela\u00a0parce que nous voulons vous offrir des parcours qui vous permettront de franchir une dizaine de cols \u00e0 plus de 2000 m.<br \/>\nNous nous retrouverons en haute vall\u00e9e de la Trompia, province de Brescia, r\u00e9gion riche en cols routiers et muletiers qui vous offrira la possibilit\u00e9 de passer de nombreux cols.<br \/>\nDes parcours routiers et VTT sont propos\u00e9s<br \/>\nPour les routiers pr\u00e9voir des pneus 25 car la route ( parcours R1) entre Giogo della Bala et Passo Croce Domini n&#8217;est pas goudronn\u00e9e<br \/>\nLe parcours R1, au d\u00e9part du Albergo Pineta\u00a0 avec plus de 2000 m de d\u00e9nivel\u00e9 est aussi propos\u00e9 en deux parties (R1A et R1B)<br \/>\nLe parcours R2, au d\u00e9part de Tavernola sul Mella (environ 20 km de l&#8217;h\u00f4tel) est propos\u00e9 en versions longue et courte<br \/>\nLes parcours VTT partent de l&#8217;h\u00f4tel.\u00a0Le V1 d&#8217;environ 50 km peut \u00eatre raccourci, en \u00e9vitant certains cols<\/p>\n<h3>Route<\/h3>\n<p><a href=\"https:\/\/centcols.org\/backup\/wp-content\/uploads\/2016\/02\/R1-pdf.pdf\" target=\"_blank\" rel=\"\">R1 (pdf)<\/a>\u00a0 \u00a0 \u00a0 \u00a0 \u00a0 \u00a0 \u00a0 \u00a0 \u00a0 \u00a0 \u00a0 \u00a0 \u00a0 \u00a0 \u00a0 \u00a0 \u00a0\u00a0<a href=\"https:\/\/centcols.org\/backup\/wp-content\/uploads\/2016\/02\/R1-gpx.gpx\" target=\"_blank\" rel=\"\">R1 (gpx)<br \/>\n<\/a><a href=\"https:\/\/centcols.org\/backup\/wp-content\/uploads\/2016\/02\/R1A-pdf.pdf\" target=\"_blank\" rel=\"\">R1A (pdf)<\/a>\u00a0 \u00a0 \u00a0 \u00a0\u00a0<a href=\"https:\/\/centcols.org\/backup\/wp-content\/uploads\/2016\/02\/R1B-pdf.pdf\" target=\"_blank\" rel=\"\">R1B (pdf)<\/a>\u00a0 \u00a0 \u00a0 \u00a0\u00a0<a href=\"https:\/\/centcols.org\/backup\/wp-content\/uploads\/2016\/02\/R1A-R1B-gpx.gpx\" target=\"_blank\" rel=\"\">R1A-R1B (gpx)<\/a><a href=\"https:\/\/centcols.org\/backup\/wp-content\/uploads\/2016\/02\/R1-gpx.gpx\" target=\"_blank\" rel=\"\"><br \/>\n<\/a><\/p>\n<p><a href=\"https:\/\/centcols.org\/backup\/wp-content\/uploads\/2016\/02\/R2-Corto-pdf.pdf\" target=\"_blank\" rel=\"\">R2 Corto (pdf)<\/a>\u00a0 \u00a0 \u00a0 \u00a0 \u00a0 \u00a0 \u00a0 \u00a0 \u00a0 \u00a0 \u00a0 \u00a0<a href=\"https:\/\/centcols.org\/backup\/wp-content\/uploads\/2016\/02\/R2-Corto-gpx.gpx\" target=\"_blank\" rel=\"\">R2 Corto (gpx)<br \/>\n<\/a><a href=\"https:\/\/centcols.org\/backup\/wp-content\/uploads\/2016\/02\/R2-Lungo-pdf.pdf\" target=\"_blank\" rel=\"\">R2 Lungo (pdf)<\/a>\u00a0 \u00a0 \u00a0 \u00a0 \u00a0 \u00a0 \u00a0 \u00a0 \u00a0 \u00a0 \u00a0<a href=\"https:\/\/centcols.org\/backup\/wp-content\/uploads\/2016\/02\/R2-Lungo-gpx.gpx\" target=\"_blank\" rel=\"\">R2 Lungo (gpx)<\/a><a href=\"https:\/\/centcols.org\/backup\/wp-content\/uploads\/2016\/02\/R2-Corto-gpx.gpx\" target=\"_blank\" rel=\"\"><br \/>\n<\/a><\/p>\n<h3>VTT<\/h3>\n<p><a href=\"https:\/\/centcols.org\/backup\/wp-content\/uploads\/2016\/02\/V1-FR-pdf.pdf\" target=\"_blank\" rel=\"\">V1-FR (pdf)<\/a>\u00a0 \u00a0 \u00a0 \u00a0 \u00a0 \u00a0 \u00a0 \u00a0 \u00a0 \u00a0 \u00a0 \u00a0 \u00a0<a href=\"https:\/\/centcols.org\/backup\/wp-content\/uploads\/2016\/02\/V1-gpx.gpx\" target=\"_blank\" rel=\"\">V1 (gpx)<br \/>\n<\/a><a href=\"https:\/\/centcols.org\/backup\/wp-content\/uploads\/2016\/02\/V2-FR-pdf.pdf\" target=\"_blank\" rel=\"\">V2-FR (pdf)<\/a>\u00a0 \u00a0 \u00a0 \u00a0 \u00a0 \u00a0 \u00a0 \u00a0 \u00a0 \u00a0 \u00a0 \u00a0\u00a0<a href=\"https:\/\/centcols.org\/backup\/wp-content\/uploads\/2016\/02\/V2-gpx.gpx\" target=\"_blank\" rel=\"\">V2 (gpx)<\/a><a href=\"https:\/\/centcols.org\/backup\/wp-content\/uploads\/2016\/02\/V1-gpx.gpx\" target=\"_blank\" rel=\"\"><br \/>\n<\/a><\/p>\n<h3>H\u00e9bergement<\/h3>\n<p>Hotel ALBERGO PINETA<br \/>\n\u00e0 1400 m sur la route de Collio (BS) menant \u00e0 Giogo di Maniva<br \/>\nVia Maniva 253\/a<br \/>\n25060 San Colombano, Collio Val Trompia (BS)<br \/>\nwww.pineta-albergo.it<br \/>\n[e-mail]info@pineta-albergo.it[\/email]<br \/>\nT\u00e9l : 0039030927192 &#8211; 0039338980152- fax 00390302055467<\/p>\n<p>L&#8217;H\u00f4tel propose des chambres \u00e0 deux lits ou avec un grand lit au prix de 55,00 euros par personne et par jour en pension compl\u00e8te sans les boissons (un panier pique nique est inclus)<br \/>\nPour r\u00e9server, vous recommander du Club des Cent Cols<\/p>\n<h3>Contact<\/h3>\n<p>Enrico Alberini<br \/>\nT\u00e9l : 00393703192464<br \/>\n<a href=\"m&#97;ilt&#111;&#58;d&#116;&#46;i&#116;&#64;&#99;&#101;n&#116;&#99;&#111;&#108;s.&#110;&#101;t\">&#100;t.it&#64;&#99;&#101;&#110;t&#99;o&#108;&#115;.&#110;et<\/a><\/p>\n<p style=\"margin: 0cm; margin-bottom: .0001pt; line-height: 12.6pt;\">\n","protected":false},"excerpt":{"rendered":"<p>Raduno Italiano 2016 &#8211; 30-31\/07\/2016 &#8211; Alta Val Trompia (BS) \u00a0 Il Raduno Italiano 2016 cambia data ! A differenza degli ultimi anni si svolger\u00e0 nell&#8217;ultimo weekend di luglio (sabato 30 e domenica 31) e quindi in piena estate. Questo perch\u00e9 vogliamo offrirvi dei percorsi che permettono di scollinare\u00a0 su una decina di passi con [&hellip;]<\/p>\n","protected":false},"author":147,"featured_media":0,"comment_status":"closed","ping_status":"closed","sticky":false,"template":"","format":"standard","meta":{"_acf_changed":false,"ub_ctt_via":"","_monsterinsights_skip_tracking":false,"_monsterinsights_sitenote_active":false,"_monsterinsights_sitenote_note":"","_monsterinsights_sitenote_category":0,"footnotes":""},"categories":[114,7],"tags":[],"acf":[],"featured_image_urls":{"full":"","thumbnail":"","medium":"","medium_large":"","large":"","1536x1536":"","2048x2048":"","woocommerce_thumbnail":"","woocommerce_single":"","woocommerce_gallery_thumbnail":""},"post_excerpt_stackable":"<p>Raduno Italiano 2016 &#8211; 30-31\/07\/2016 &#8211; Alta Val Trompia (BS) \u00a0 Il Raduno Italiano 2016 cambia data ! A differenza degli ultimi anni si svolger\u00e0 nell&#8217;ultimo weekend di luglio (sabato 30 e domenica 31) e quindi in piena estate. Questo perch\u00e9 vogliamo offrirvi dei percorsi che permettono di scollinare\u00a0 su una decina di passi con altitudine superiore ai 2000 m. Ci ritroveremo nell&#8217;Alta Val Trompia, in provincia di Brescia, in una zona ricca di passi stradali e non, avrete quindi la possibilit\u00e0 di fare parecchie nuove conquiste Sono previsti due percorsi stradali (R1e R2) e due percorsi per MTB (V1\u2026<\/p>\n","category_list":"<a href=\"https:\/\/centcols.org\/backup\/categorie\/rassemblements\/rassemblements-2016\/\" rel=\"category tag\">Les rassemblements de 2016<\/a>, <a href=\"https:\/\/centcols.org\/backup\/categorie\/rassemblements\/\" rel=\"category tag\">Rencontres r\u00e9gionales<\/a>","author_info":{"display_name":"Guy Harl\u00e9","author_link":"https:\/\/centcols.org\/backup\/author\/5193\/"},"comments_num":"0 commentaire","featured_image_urls_v2":{"full":"","thumbnail":"","medium":"","medium_large":"","large":"","1536x1536":"","2048x2048":"","woocommerce_thumbnail":"","woocommerce_single":"","woocommerce_gallery_thumbnail":""},"post_excerpt_stackable_v2":"<p>Raduno Italiano 2016 &#8211; 30-31\/07\/2016 &#8211; Alta Val Trompia (BS) \u00a0 Il Raduno Italiano 2016 cambia data ! A differenza degli ultimi anni si svolger\u00e0 nell&#8217;ultimo weekend di luglio (sabato 30 e domenica 31) e quindi in piena estate. Questo perch\u00e9 vogliamo offrirvi dei percorsi che permettono di scollinare\u00a0 su una decina di passi con altitudine superiore ai 2000 m. Ci ritroveremo nell&#8217;Alta Val Trompia, in provincia di Brescia, in una zona ricca di passi stradali e non, avrete quindi la possibilit\u00e0 di fare parecchie nuove conquiste Sono previsti due percorsi stradali (R1e R2) e due percorsi per MTB (V1\u2026<\/p>\n","category_list_v2":"<a href=\"https:\/\/centcols.org\/backup\/categorie\/rassemblements\/rassemblements-2016\/\" rel=\"category tag\">Les rassemblements de 2016<\/a>, <a href=\"https:\/\/centcols.org\/backup\/categorie\/rassemblements\/\" rel=\"category tag\">Rencontres r\u00e9gionales<\/a>","author_info_v2":{"name":"Guy Harl\u00e9","url":"https:\/\/centcols.org\/backup\/author\/5193\/"},"comments_num_v2":"0 commentaire","featured_image_src":null,"_links":{"self":[{"href":"https:\/\/centcols.org\/backup\/wp-json\/wp\/v2\/posts\/23616"}],"collection":[{"href":"https:\/\/centcols.org\/backup\/wp-json\/wp\/v2\/posts"}],"about":[{"href":"https:\/\/centcols.org\/backup\/wp-json\/wp\/v2\/types\/post"}],"author":[{"embeddable":true,"href":"https:\/\/centcols.org\/backup\/wp-json\/wp\/v2\/users\/147"}],"replies":[{"embeddable":true,"href":"https:\/\/centcols.org\/backup\/wp-json\/wp\/v2\/comments?post=23616"}],"version-history":[{"count":0,"href":"https:\/\/centcols.org\/backup\/wp-json\/wp\/v2\/posts\/23616\/revisions"}],"wp:attachment":[{"href":"https:\/\/centcols.org\/backup\/wp-json\/wp\/v2\/media?parent=23616"}],"wp:term":[{"taxonomy":"category","embeddable":true,"href":"https:\/\/centcols.org\/backup\/wp-json\/wp\/v2\/categories?post=23616"},{"taxonomy":"post_tag","embeddable":true,"href":"https:\/\/centcols.org\/backup\/wp-json\/wp\/v2\/tags?post=23616"}],"curies":[{"name":"wp","href":"https:\/\/api.w.org\/{rel}","templated":true}]}}