{"id":23617,"date":"2016-02-03T08:00:58","date_gmt":"2016-02-03T07:00:58","guid":{"rendered":"http:\/\/centcols.org\/backup\/?p=23617"},"modified":"2016-02-04T08:43:30","modified_gmt":"2016-02-04T07:43:30","slug":"suisse-barboleusaz-21-mai-2016","status":"publish","type":"post","link":"https:\/\/centcols.org\/backup\/suisse-barboleusaz-21-mai-2016\/","title":{"rendered":"Suisse, VTT, La Barboleusaz, le 21 mai 2016"},"content":{"rendered":"<p>Samedi 21 mai 2016, Suisse, La Barboleusaz, sortie VTT<\/p>\n<p>D\u00e9part\u00a0: La Barboleusaz<br \/>\nRendez-vous au parking du centre du village \u00e0 8h30 pour le caf\u00e9, d\u00e9part \u00e0 9h00.<br \/>\nCircuit de 22 km, 1 col, 800 m de d\u00e9nivel\u00e9. Pas de la Larze<br \/>\nEventuellement le col de Sur Champ 1960 m. trouv\u00e9 par Christian.<\/p>\n<p><a href=\"https:\/\/centcols.org\/backup\/suisse-barboleusaz-21-mai-2016\/barboleusaz-2\/\" rel=\"attachment wp-att-23619\"><img loading=\"lazy\" decoding=\"async\" class=\"alignnone size-medium wp-image-23619\" src=\"https:\/\/centcols.org\/backup\/wp-content\/uploads\/2016\/02\/barboleusaz-500x500.jpg\" alt=\"barboleusaz\" width=\"500\" height=\"500\" srcset=\"https:\/\/centcols.org\/backup\/wp-content\/uploads\/2016\/02\/barboleusaz-500x500.jpg 500w, https:\/\/centcols.org\/backup\/wp-content\/uploads\/2016\/02\/barboleusaz-300x300.jpg 300w, https:\/\/centcols.org\/backup\/wp-content\/uploads\/2016\/02\/barboleusaz-100x100.jpg 100w, https:\/\/centcols.org\/backup\/wp-content\/uploads\/2016\/02\/barboleusaz.jpg 569w\" sizes=\"(max-width: 500px) 100vw, 500px\" \/><\/a><\/p>\n<h3>Contact<\/h3>\n<p>Pierre Mai<br \/>\nRoute du Signal 22<br \/>\nCH-1165 Allaman<\/p>\n<p>T\u00e9l :\u00a0(0041) 021 807 34 17\u00a0\u00a0Natel\u00a0: 0041 76 498 58 73<br \/>\n<a href=\"m&#97;&#105;l&#116;&#111;:&#112;ma&#105;&#64;&#98;l&#117;&#101;win&#46;&#99;&#104;\">&#112;&#109;a&#105;&#64;bl&#117;e&#119;i&#110;.&#99;h<\/a><\/p>\n","protected":false},"excerpt":{"rendered":"<p>Samedi 21 mai 2016, Suisse, La Barboleusaz, sortie VTT D\u00e9part\u00a0: La Barboleusaz Rendez-vous au parking du centre du village \u00e0 8h30 pour le caf\u00e9, d\u00e9part \u00e0 9h00. Circuit de 22 km, 1 col, 800 m de d\u00e9nivel\u00e9. Pas de la Larze Eventuellement le col de Sur Champ 1960 m. trouv\u00e9 par Christian. Contact Pierre Mai [&hellip;]<\/p>\n","protected":false},"author":147,"featured_media":0,"comment_status":"closed","ping_status":"closed","sticky":false,"template":"","format":"standard","meta":{"_acf_changed":false,"ub_ctt_via":"","_monsterinsights_skip_tracking":false,"_monsterinsights_sitenote_active":false,"_monsterinsights_sitenote_note":"","_monsterinsights_sitenote_category":0,"footnotes":""},"categories":[114,7],"tags":[],"acf":[],"featured_image_urls":{"full":"","thumbnail":"","medium":"","medium_large":"","large":"","1536x1536":"","2048x2048":"","woocommerce_thumbnail":"","woocommerce_single":"","woocommerce_gallery_thumbnail":""},"post_excerpt_stackable":"<p>Samedi 21 mai 2016, Suisse, La Barboleusaz, sortie VTT D\u00e9part\u00a0: La Barboleusaz Rendez-vous au parking du centre du village \u00e0 8h30 pour le caf\u00e9, d\u00e9part \u00e0 9h00. Circuit de 22 km, 1 col, 800 m de d\u00e9nivel\u00e9. Pas de la Larze Eventuellement le col de Sur Champ 1960 m. trouv\u00e9 par Christian. Contact Pierre Mai Route du Signal 22 CH-1165 Allaman T\u00e9l :\u00a0(0041) 021 807 34 17\u00a0\u00a0Natel\u00a0: 0041 76 498 58 73 pma&#105;&#64;&#98;l&#117;e&#119;&#105;n&#46;c&#104;<\/p>\n","category_list":"<a href=\"https:\/\/centcols.org\/backup\/categorie\/rassemblements\/rassemblements-2016\/\" rel=\"category tag\">Les rassemblements de 2016<\/a>, <a href=\"https:\/\/centcols.org\/backup\/categorie\/rassemblements\/\" rel=\"category tag\">Rencontres r\u00e9gionales<\/a>","author_info":{"display_name":"Guy Harl\u00e9","author_link":"https:\/\/centcols.org\/backup\/author\/5193\/"},"comments_num":"0 commentaire","featured_image_urls_v2":{"full":"","thumbnail":"","medium":"","medium_large":"","large":"","1536x1536":"","2048x2048":"","woocommerce_thumbnail":"","woocommerce_single":"","woocommerce_gallery_thumbnail":""},"post_excerpt_stackable_v2":"<p>Samedi 21 mai 2016, Suisse, La Barboleusaz, sortie VTT D\u00e9part\u00a0: La Barboleusaz Rendez-vous au parking du centre du village \u00e0 8h30 pour le caf\u00e9, d\u00e9part \u00e0 9h00. Circuit de 22 km, 1 col, 800 m de d\u00e9nivel\u00e9. Pas de la Larze Eventuellement le col de Sur Champ 1960 m. trouv\u00e9 par Christian. Contact Pierre Mai Route du Signal 22 CH-1165 Allaman T\u00e9l :\u00a0(0041) 021 807 34 17\u00a0\u00a0Natel\u00a0: 0041 76 498 58 73 &#112;mai&#64;b&#108;&#117;&#101;win&#46;&#99;h<\/p>\n","category_list_v2":"<a href=\"https:\/\/centcols.org\/backup\/categorie\/rassemblements\/rassemblements-2016\/\" rel=\"category tag\">Les rassemblements de 2016<\/a>, <a href=\"https:\/\/centcols.org\/backup\/categorie\/rassemblements\/\" rel=\"category tag\">Rencontres r\u00e9gionales<\/a>","author_info_v2":{"name":"Guy Harl\u00e9","url":"https:\/\/centcols.org\/backup\/author\/5193\/"},"comments_num_v2":"0 commentaire","featured_image_src":null,"_links":{"self":[{"href":"https:\/\/centcols.org\/backup\/wp-json\/wp\/v2\/posts\/23617"}],"collection":[{"href":"https:\/\/centcols.org\/backup\/wp-json\/wp\/v2\/posts"}],"about":[{"href":"https:\/\/centcols.org\/backup\/wp-json\/wp\/v2\/types\/post"}],"author":[{"embeddable":true,"href":"https:\/\/centcols.org\/backup\/wp-json\/wp\/v2\/users\/147"}],"replies":[{"embeddable":true,"href":"https:\/\/centcols.org\/backup\/wp-json\/wp\/v2\/comments?post=23617"}],"version-history":[{"count":0,"href":"https:\/\/centcols.org\/backup\/wp-json\/wp\/v2\/posts\/23617\/revisions"}],"wp:attachment":[{"href":"https:\/\/centcols.org\/backup\/wp-json\/wp\/v2\/media?parent=23617"}],"wp:term":[{"taxonomy":"category","embeddable":true,"href":"https:\/\/centcols.org\/backup\/wp-json\/wp\/v2\/categories?post=23617"},{"taxonomy":"post_tag","embeddable":true,"href":"https:\/\/centcols.org\/backup\/wp-json\/wp\/v2\/tags?post=23617"}],"curies":[{"name":"wp","href":"https:\/\/api.w.org\/{rel}","templated":true}]}}