{"id":23629,"date":"2016-02-03T11:00:07","date_gmt":"2016-02-03T10:00:07","guid":{"rendered":"http:\/\/centcols.org\/backup\/?p=23629"},"modified":"2016-02-04T08:45:56","modified_gmt":"2016-02-04T07:45:56","slug":"suisse-vuedesalpes-4juin2016","status":"publish","type":"post","link":"https:\/\/centcols.org\/backup\/suisse-vuedesalpes-4juin2016\/","title":{"rendered":"Suisse, Route, La Vue des Alpes, le 4 juin 2016"},"content":{"rendered":"<p>Samedi 4 juin 2016, Suisse, La Vue des Alpes, sortie route<\/p>\n<p>D\u00e9part\u00a0: Col des la Vue des Alpes, 1283 m (NE)<br \/>\nRendez-vous parking du col \u00e0 8 h 30 pour le caf\u00e9, d\u00e9part \u00e0 9 h<br \/>\nParcours A\u00a0: 62 km, 6 cols, 1400 m de d\u00e9nivel\u00e9<br \/>\nParcours B\u00a0: 54 km, 5 cols, 1000 m de d\u00e9nivel\u00e9<br \/>\nCol de la Tourne 1170 m, Porte des Chaux 1079 m, Col des Roches 919 m, Le Basset 1238 m, Le Basset 1057 m, Col de la Vue des Alpes 1283 m.<\/p>\n<p><img loading=\"lazy\" decoding=\"async\" class=\"alignnone wp-image-23632\" src=\"https:\/\/centcols.org\/backup\/wp-content\/uploads\/2016\/02\/vuedesalpes-500x307.jpg\" alt=\"vuedesalpes\" width=\"627\" height=\"385\" srcset=\"https:\/\/centcols.org\/backup\/wp-content\/uploads\/2016\/02\/vuedesalpes-500x307.jpg 500w, https:\/\/centcols.org\/backup\/wp-content\/uploads\/2016\/02\/vuedesalpes-600x368.jpg 600w, https:\/\/centcols.org\/backup\/wp-content\/uploads\/2016\/02\/vuedesalpes.jpg 618w\" sizes=\"(max-width: 627px) 100vw, 627px\" \/><\/p>\n<h3>Contact<\/h3>\n<p>Pierre Mai<br \/>\nRoute du Signal 22<br \/>\nCH-1165 Allaman<\/p>\n<p>T\u00e9l :\u00a0(0041) 021 807 34 17\u00a0\u00a0Natel\u00a0: 0041 76 498 58 73<br \/>\n<a href=\"mail&#116;o&#58;&#112;mai&#64;b&#108;&#117;&#101;w&#105;&#110;&#46;ch\">pm&#97;&#105;&#64;&#98;lu&#101;&#119;in&#46;&#99;&#104;<\/a><\/p>\n","protected":false},"excerpt":{"rendered":"<p>Samedi 4 juin 2016, Suisse, La Vue des Alpes, sortie route D\u00e9part\u00a0: Col des la Vue des Alpes, 1283 m (NE) Rendez-vous parking du col \u00e0 8 h 30 pour le caf\u00e9, d\u00e9part \u00e0 9 h Parcours A\u00a0: 62 km, 6 cols, 1400 m de d\u00e9nivel\u00e9 Parcours B\u00a0: 54 km, 5 cols, 1000 m de [&hellip;]<\/p>\n","protected":false},"author":147,"featured_media":0,"comment_status":"closed","ping_status":"closed","sticky":false,"template":"","format":"standard","meta":{"_acf_changed":false,"ub_ctt_via":"","_monsterinsights_skip_tracking":false,"_monsterinsights_sitenote_active":false,"_monsterinsights_sitenote_note":"","_monsterinsights_sitenote_category":0,"footnotes":""},"categories":[114,7],"tags":[],"acf":[],"featured_image_urls":{"full":"","thumbnail":"","medium":"","medium_large":"","large":"","1536x1536":"","2048x2048":"","woocommerce_thumbnail":"","woocommerce_single":"","woocommerce_gallery_thumbnail":""},"post_excerpt_stackable":"<p>Samedi 4 juin 2016, Suisse, La Vue des Alpes, sortie route D\u00e9part\u00a0: Col des la Vue des Alpes, 1283 m (NE) Rendez-vous parking du col \u00e0 8 h 30 pour le caf\u00e9, d\u00e9part \u00e0 9 h Parcours A\u00a0: 62 km, 6 cols, 1400 m de d\u00e9nivel\u00e9 Parcours B\u00a0: 54 km, 5 cols, 1000 m de d\u00e9nivel\u00e9 Col de la Tourne 1170 m, Porte des Chaux 1079 m, Col des Roches 919 m, Le Basset 1238 m, Le Basset 1057 m, Col de la Vue des Alpes 1283 m. Contact Pierre Mai Route du Signal 22 CH-1165 Allaman T\u00e9l :\u00a0(0041) 021\u2026<\/p>\n","category_list":"<a href=\"https:\/\/centcols.org\/backup\/categorie\/rassemblements\/rassemblements-2016\/\" rel=\"category tag\">Les rassemblements de 2016<\/a>, <a href=\"https:\/\/centcols.org\/backup\/categorie\/rassemblements\/\" rel=\"category tag\">Rencontres r\u00e9gionales<\/a>","author_info":{"display_name":"Guy Harl\u00e9","author_link":"https:\/\/centcols.org\/backup\/author\/5193\/"},"comments_num":"0 commentaire","featured_image_urls_v2":{"full":"","thumbnail":"","medium":"","medium_large":"","large":"","1536x1536":"","2048x2048":"","woocommerce_thumbnail":"","woocommerce_single":"","woocommerce_gallery_thumbnail":""},"post_excerpt_stackable_v2":"<p>Samedi 4 juin 2016, Suisse, La Vue des Alpes, sortie route D\u00e9part\u00a0: Col des la Vue des Alpes, 1283 m (NE) Rendez-vous parking du col \u00e0 8 h 30 pour le caf\u00e9, d\u00e9part \u00e0 9 h Parcours A\u00a0: 62 km, 6 cols, 1400 m de d\u00e9nivel\u00e9 Parcours B\u00a0: 54 km, 5 cols, 1000 m de d\u00e9nivel\u00e9 Col de la Tourne 1170 m, Porte des Chaux 1079 m, Col des Roches 919 m, Le Basset 1238 m, Le Basset 1057 m, Col de la Vue des Alpes 1283 m. Contact Pierre Mai Route du Signal 22 CH-1165 Allaman T\u00e9l :\u00a0(0041) 021\u2026<\/p>\n","category_list_v2":"<a href=\"https:\/\/centcols.org\/backup\/categorie\/rassemblements\/rassemblements-2016\/\" rel=\"category tag\">Les rassemblements de 2016<\/a>, <a href=\"https:\/\/centcols.org\/backup\/categorie\/rassemblements\/\" rel=\"category tag\">Rencontres r\u00e9gionales<\/a>","author_info_v2":{"name":"Guy Harl\u00e9","url":"https:\/\/centcols.org\/backup\/author\/5193\/"},"comments_num_v2":"0 commentaire","featured_image_src":null,"_links":{"self":[{"href":"https:\/\/centcols.org\/backup\/wp-json\/wp\/v2\/posts\/23629"}],"collection":[{"href":"https:\/\/centcols.org\/backup\/wp-json\/wp\/v2\/posts"}],"about":[{"href":"https:\/\/centcols.org\/backup\/wp-json\/wp\/v2\/types\/post"}],"author":[{"embeddable":true,"href":"https:\/\/centcols.org\/backup\/wp-json\/wp\/v2\/users\/147"}],"replies":[{"embeddable":true,"href":"https:\/\/centcols.org\/backup\/wp-json\/wp\/v2\/comments?post=23629"}],"version-history":[{"count":0,"href":"https:\/\/centcols.org\/backup\/wp-json\/wp\/v2\/posts\/23629\/revisions"}],"wp:attachment":[{"href":"https:\/\/centcols.org\/backup\/wp-json\/wp\/v2\/media?parent=23629"}],"wp:term":[{"taxonomy":"category","embeddable":true,"href":"https:\/\/centcols.org\/backup\/wp-json\/wp\/v2\/categories?post=23629"},{"taxonomy":"post_tag","embeddable":true,"href":"https:\/\/centcols.org\/backup\/wp-json\/wp\/v2\/tags?post=23629"}],"curies":[{"name":"wp","href":"https:\/\/api.w.org\/{rel}","templated":true}]}}