{"id":23633,"date":"2016-02-03T12:00:30","date_gmt":"2016-02-03T11:00:30","guid":{"rendered":"http:\/\/centcols.org\/backup\/?p=23633"},"modified":"2016-02-04T08:46:13","modified_gmt":"2016-02-04T07:46:13","slug":"suisse-vtt2000-chteaudoex","status":"publish","type":"post","link":"https:\/\/centcols.org\/backup\/suisse-vtt2000-chteaudoex\/","title":{"rendered":"Suisse, VTT, Cols \u00e0 plus de 2000 Ch\u00e2teau d&#8217;\u0152x, le 16 juillet 2016"},"content":{"rendered":"<p>Samedi 16 juillet, Suisse, Ch\u00e2teau d&#8217;Oex (VD), sortie VTT cols \u00e0 plus de 2000<\/p>\n<p>D\u00e9part\u00a0: Ch\u00e2teau-d\u2019Oex,<br \/>\nRendez-vous au parking Les Riaux \u00e0 8h30 pour le caf\u00e9, d\u00e9part \u00e0 9h00.<br \/>\n30 Km, 2 cols, 1500 m de d\u00e9nivel\u00e9. Col de la Videmann 2034 m et col de la Videmanette 2121 m.<\/p>\n<p><a href=\"https:\/\/centcols.org\/backup\/suisse-vtt2000-chteaudoex-23-juillet\/chateau-doex\/\" rel=\"attachment wp-att-23635\"><img loading=\"lazy\" decoding=\"async\" class=\"alignnone size-medium wp-image-23635\" src=\"https:\/\/centcols.org\/backup\/wp-content\/uploads\/2016\/02\/chateau-doex-500x268.jpg\" alt=\"chateau-doex\" width=\"500\" height=\"268\" srcset=\"https:\/\/centcols.org\/backup\/wp-content\/uploads\/2016\/02\/chateau-doex-500x268.jpg 500w, https:\/\/centcols.org\/backup\/wp-content\/uploads\/2016\/02\/chateau-doex-600x322.jpg 600w, https:\/\/centcols.org\/backup\/wp-content\/uploads\/2016\/02\/chateau-doex-768x412.jpg 768w, https:\/\/centcols.org\/backup\/wp-content\/uploads\/2016\/02\/chateau-doex.jpg 832w\" sizes=\"(max-width: 500px) 100vw, 500px\" \/><\/a><\/p>\n<h3>Contact<\/h3>\n<p>Pierre Mai<br \/>\nRoute du Signal 22<br \/>\nCH-1165 Allaman<\/p>\n<p>T\u00e9l :\u00a0(0041) 021 807 34 17\u00a0\u00a0Natel\u00a0: 0041 76 498 58 73<br \/>\n<a href=\"mailt&#111;&#58;p&#109;&#97;&#105;&#64;&#98;&#108;&#117;&#101;w&#105;n.ch\">p&#109;ai&#64;&#98;&#108;ue&#119;&#105;&#110;.&#99;h<\/a><\/p>\n","protected":false},"excerpt":{"rendered":"<p>Samedi 16 juillet, Suisse, Ch\u00e2teau d&#8217;Oex (VD), sortie VTT cols \u00e0 plus de 2000 D\u00e9part\u00a0: Ch\u00e2teau-d\u2019Oex, Rendez-vous au parking Les Riaux \u00e0 8h30 pour le caf\u00e9, d\u00e9part \u00e0 9h00. 30 Km, 2 cols, 1500 m de d\u00e9nivel\u00e9. Col de la Videmann 2034 m et col de la Videmanette 2121 m. Contact Pierre Mai Route du [&hellip;]<\/p>\n","protected":false},"author":147,"featured_media":0,"comment_status":"closed","ping_status":"closed","sticky":false,"template":"","format":"standard","meta":{"_acf_changed":false,"ub_ctt_via":"","_monsterinsights_skip_tracking":false,"_monsterinsights_sitenote_active":false,"_monsterinsights_sitenote_note":"","_monsterinsights_sitenote_category":0,"footnotes":""},"categories":[114,7],"tags":[],"acf":[],"featured_image_urls":{"full":"","thumbnail":"","medium":"","medium_large":"","large":"","1536x1536":"","2048x2048":"","woocommerce_thumbnail":"","woocommerce_single":"","woocommerce_gallery_thumbnail":""},"post_excerpt_stackable":"<p>Samedi 16 juillet, Suisse, Ch\u00e2teau d&#8217;Oex (VD), sortie VTT cols \u00e0 plus de 2000 D\u00e9part\u00a0: Ch\u00e2teau-d\u2019Oex, Rendez-vous au parking Les Riaux \u00e0 8h30 pour le caf\u00e9, d\u00e9part \u00e0 9h00. 30 Km, 2 cols, 1500 m de d\u00e9nivel\u00e9. Col de la Videmann 2034 m et col de la Videmanette 2121 m. Contact Pierre Mai Route du Signal 22 CH-1165 Allaman T\u00e9l :\u00a0(0041) 021 807 34 17\u00a0\u00a0Natel\u00a0: 0041 76 498 58 73 p&#109;&#97;&#105;&#64;b&#108;ue&#119;&#105;&#110;&#46;&#99;h<\/p>\n","category_list":"<a href=\"https:\/\/centcols.org\/backup\/categorie\/rassemblements\/rassemblements-2016\/\" rel=\"category tag\">Les rassemblements de 2016<\/a>, <a href=\"https:\/\/centcols.org\/backup\/categorie\/rassemblements\/\" rel=\"category tag\">Rencontres r\u00e9gionales<\/a>","author_info":{"display_name":"Guy Harl\u00e9","author_link":"https:\/\/centcols.org\/backup\/author\/5193\/"},"comments_num":"0 commentaire","featured_image_urls_v2":{"full":"","thumbnail":"","medium":"","medium_large":"","large":"","1536x1536":"","2048x2048":"","woocommerce_thumbnail":"","woocommerce_single":"","woocommerce_gallery_thumbnail":""},"post_excerpt_stackable_v2":"<p>Samedi 16 juillet, Suisse, Ch\u00e2teau d&#8217;Oex (VD), sortie VTT cols \u00e0 plus de 2000 D\u00e9part\u00a0: Ch\u00e2teau-d\u2019Oex, Rendez-vous au parking Les Riaux \u00e0 8h30 pour le caf\u00e9, d\u00e9part \u00e0 9h00. 30 Km, 2 cols, 1500 m de d\u00e9nivel\u00e9. Col de la Videmann 2034 m et col de la Videmanette 2121 m. Contact Pierre Mai Route du Signal 22 CH-1165 Allaman T\u00e9l :\u00a0(0041) 021 807 34 17\u00a0\u00a0Natel\u00a0: 0041 76 498 58 73 &#112;ma&#105;&#64;blu&#101;&#119;&#105;n.c&#104;<\/p>\n","category_list_v2":"<a href=\"https:\/\/centcols.org\/backup\/categorie\/rassemblements\/rassemblements-2016\/\" rel=\"category tag\">Les rassemblements de 2016<\/a>, <a href=\"https:\/\/centcols.org\/backup\/categorie\/rassemblements\/\" rel=\"category tag\">Rencontres r\u00e9gionales<\/a>","author_info_v2":{"name":"Guy Harl\u00e9","url":"https:\/\/centcols.org\/backup\/author\/5193\/"},"comments_num_v2":"0 commentaire","featured_image_src":null,"_links":{"self":[{"href":"https:\/\/centcols.org\/backup\/wp-json\/wp\/v2\/posts\/23633"}],"collection":[{"href":"https:\/\/centcols.org\/backup\/wp-json\/wp\/v2\/posts"}],"about":[{"href":"https:\/\/centcols.org\/backup\/wp-json\/wp\/v2\/types\/post"}],"author":[{"embeddable":true,"href":"https:\/\/centcols.org\/backup\/wp-json\/wp\/v2\/users\/147"}],"replies":[{"embeddable":true,"href":"https:\/\/centcols.org\/backup\/wp-json\/wp\/v2\/comments?post=23633"}],"version-history":[{"count":0,"href":"https:\/\/centcols.org\/backup\/wp-json\/wp\/v2\/posts\/23633\/revisions"}],"wp:attachment":[{"href":"https:\/\/centcols.org\/backup\/wp-json\/wp\/v2\/media?parent=23633"}],"wp:term":[{"taxonomy":"category","embeddable":true,"href":"https:\/\/centcols.org\/backup\/wp-json\/wp\/v2\/categories?post=23633"},{"taxonomy":"post_tag","embeddable":true,"href":"https:\/\/centcols.org\/backup\/wp-json\/wp\/v2\/tags?post=23633"}],"curies":[{"name":"wp","href":"https:\/\/api.w.org\/{rel}","templated":true}]}}