{"id":23636,"date":"2016-02-03T14:00:53","date_gmt":"2016-02-03T13:00:53","guid":{"rendered":"http:\/\/centcols.org\/backup\/?p=23636"},"modified":"2016-04-25T18:51:49","modified_gmt":"2016-04-25T16:51:49","slug":"suisse-concentration-2016","status":"publish","type":"post","link":"https:\/\/centcols.org\/backup\/suisse-concentration-2016\/","title":{"rendered":"Suisse, 12e concentration des Cent Cols Suisse, 13 ao\u00fbt 2016"},"content":{"rendered":"<p>Samedi 13 ao\u00fbt, 13e concentration des Cent Cols Suisse \u00e0 Saanen (BE)<\/p>\n<p>D\u00e9part\u00a0: Saanen<br \/>\nRendez-vous au terrain de football \u00e0 8 h 30 pour le caf\u00e9, d\u00e9part \u00e0 9 h<br \/>\n30 km, 3 cols, 1100 m de d\u00e9nivel\u00e9 : Wengenpass 1818 m, Parwengesattel 1787 m,\u00a0R\u00fcwlispass 1718 m<\/p>\n<p><img loading=\"lazy\" decoding=\"async\" class=\"alignnone size-medium wp-image-23638\" src=\"https:\/\/centcols.org\/backup\/wp-content\/uploads\/2016\/02\/saanen-500x257.jpg\" alt=\"saanen\" width=\"500\" height=\"257\" srcset=\"https:\/\/centcols.org\/backup\/wp-content\/uploads\/2016\/02\/saanen-500x257.jpg 500w, https:\/\/centcols.org\/backup\/wp-content\/uploads\/2016\/02\/saanen-600x308.jpg 600w, https:\/\/centcols.org\/backup\/wp-content\/uploads\/2016\/02\/saanen.jpg 611w\" sizes=\"(max-width: 500px) 100vw, 500px\" \/><\/p>\n<h3>Contact<\/h3>\n<p>Christian Binggeli<br \/>\nChemin du Jura 1<br \/>\nCH &#8211; 1135 Denens<br \/>\nT\u00e9l\u00a0: (0041) 021 801 01 75\u00a0\u00a0\u00a0 Natel\u00a0: 0041 078\u00a0723 11 33<br \/>\nc&amp;tbinggeli@bluewin.ch<\/p>\n","protected":false},"excerpt":{"rendered":"<p>Samedi 13 ao\u00fbt, 13e concentration des Cent Cols Suisse \u00e0 Saanen (BE) D\u00e9part\u00a0: Saanen Rendez-vous au terrain de football \u00e0 8 h 30 pour le caf\u00e9, d\u00e9part \u00e0 9 h 30 km, 3 cols, 1100 m de d\u00e9nivel\u00e9 : Wengenpass 1818 m, Parwengesattel 1787 m,\u00a0R\u00fcwlispass 1718 m Contact Christian Binggeli Chemin du Jura 1 CH [&hellip;]<\/p>\n","protected":false},"author":147,"featured_media":0,"comment_status":"closed","ping_status":"closed","sticky":false,"template":"","format":"standard","meta":{"_acf_changed":false,"ub_ctt_via":"","_monsterinsights_skip_tracking":false,"_monsterinsights_sitenote_active":false,"_monsterinsights_sitenote_note":"","_monsterinsights_sitenote_category":0,"footnotes":""},"categories":[114,7],"tags":[],"acf":[],"featured_image_urls":{"full":"","thumbnail":"","medium":"","medium_large":"","large":"","1536x1536":"","2048x2048":"","woocommerce_thumbnail":"","woocommerce_single":"","woocommerce_gallery_thumbnail":""},"post_excerpt_stackable":"<p>Samedi 13 ao\u00fbt, 13e concentration des Cent Cols Suisse \u00e0 Saanen (BE) D\u00e9part\u00a0: Saanen Rendez-vous au terrain de football \u00e0 8 h 30 pour le caf\u00e9, d\u00e9part \u00e0 9 h 30 km, 3 cols, 1100 m de d\u00e9nivel\u00e9 : Wengenpass 1818 m, Parwengesattel 1787 m,\u00a0R\u00fcwlispass 1718 m Contact Christian Binggeli Chemin du Jura 1 CH &#8211; 1135 Denens T\u00e9l\u00a0: (0041) 021 801 01 75\u00a0\u00a0\u00a0 Natel\u00a0: 0041 078\u00a0723 11 33 c&amp;tbinggeli@bluewin.ch<\/p>\n","category_list":"<a href=\"https:\/\/centcols.org\/backup\/categorie\/rassemblements\/rassemblements-2016\/\" rel=\"category tag\">Les rassemblements de 2016<\/a>, <a href=\"https:\/\/centcols.org\/backup\/categorie\/rassemblements\/\" rel=\"category tag\">Rencontres r\u00e9gionales<\/a>","author_info":{"display_name":"Guy Harl\u00e9","author_link":"https:\/\/centcols.org\/backup\/author\/5193\/"},"comments_num":"0 commentaire","featured_image_urls_v2":{"full":"","thumbnail":"","medium":"","medium_large":"","large":"","1536x1536":"","2048x2048":"","woocommerce_thumbnail":"","woocommerce_single":"","woocommerce_gallery_thumbnail":""},"post_excerpt_stackable_v2":"<p>Samedi 13 ao\u00fbt, 13e concentration des Cent Cols Suisse \u00e0 Saanen (BE) D\u00e9part\u00a0: Saanen Rendez-vous au terrain de football \u00e0 8 h 30 pour le caf\u00e9, d\u00e9part \u00e0 9 h 30 km, 3 cols, 1100 m de d\u00e9nivel\u00e9 : Wengenpass 1818 m, Parwengesattel 1787 m,\u00a0R\u00fcwlispass 1718 m Contact Christian Binggeli Chemin du Jura 1 CH &#8211; 1135 Denens T\u00e9l\u00a0: (0041) 021 801 01 75\u00a0\u00a0\u00a0 Natel\u00a0: 0041 078\u00a0723 11 33 c&amp;tbinggeli@bluewin.ch<\/p>\n","category_list_v2":"<a href=\"https:\/\/centcols.org\/backup\/categorie\/rassemblements\/rassemblements-2016\/\" rel=\"category tag\">Les rassemblements de 2016<\/a>, <a href=\"https:\/\/centcols.org\/backup\/categorie\/rassemblements\/\" rel=\"category tag\">Rencontres r\u00e9gionales<\/a>","author_info_v2":{"name":"Guy Harl\u00e9","url":"https:\/\/centcols.org\/backup\/author\/5193\/"},"comments_num_v2":"0 commentaire","featured_image_src":null,"_links":{"self":[{"href":"https:\/\/centcols.org\/backup\/wp-json\/wp\/v2\/posts\/23636"}],"collection":[{"href":"https:\/\/centcols.org\/backup\/wp-json\/wp\/v2\/posts"}],"about":[{"href":"https:\/\/centcols.org\/backup\/wp-json\/wp\/v2\/types\/post"}],"author":[{"embeddable":true,"href":"https:\/\/centcols.org\/backup\/wp-json\/wp\/v2\/users\/147"}],"replies":[{"embeddable":true,"href":"https:\/\/centcols.org\/backup\/wp-json\/wp\/v2\/comments?post=23636"}],"version-history":[{"count":0,"href":"https:\/\/centcols.org\/backup\/wp-json\/wp\/v2\/posts\/23636\/revisions"}],"wp:attachment":[{"href":"https:\/\/centcols.org\/backup\/wp-json\/wp\/v2\/media?parent=23636"}],"wp:term":[{"taxonomy":"category","embeddable":true,"href":"https:\/\/centcols.org\/backup\/wp-json\/wp\/v2\/categories?post=23636"},{"taxonomy":"post_tag","embeddable":true,"href":"https:\/\/centcols.org\/backup\/wp-json\/wp\/v2\/tags?post=23636"}],"curies":[{"name":"wp","href":"https:\/\/api.w.org\/{rel}","templated":true}]}}