{"id":23643,"date":"2016-02-03T16:30:01","date_gmt":"2016-02-03T15:30:01","guid":{"rendered":"http:\/\/centcols.org\/backup\/?p=23643"},"modified":"2016-08-18T12:33:55","modified_gmt":"2016-08-18T10:33:55","slug":"concentration-internationale-porte-durle","status":"publish","type":"post","link":"https:\/\/centcols.org\/backup\/concentration-internationale-porte-durle\/","title":{"rendered":"Concentration Internationale du Club des Cent Cols \u00e0 la porte d&#8217;Urle"},"content":{"rendered":"<blockquote>\n<p style=\"text-align: center;\">Le 23 juillet la concentration internationale aura lieu \u00e0 la Porte d&#8217;Urle <a href=\"https:\/\/centcols.org\/backup\/util\/geo\/visuFR.php?code=FR-26-1496\" target=\"_blank\">FR-26-1496.<\/a><\/p>\n<\/blockquote>\n<p><a href=\"https:\/\/centcols.org\/backup\/wp-content\/uploads\/2016\/02\/urleign.jpg\" target=\"_blank\" rel=\"attachment wp-att-23650\"><img loading=\"lazy\" decoding=\"async\" class=\"aligncenter wp-image-23650 size-medium\" src=\"https:\/\/centcols.org\/backup\/wp-content\/uploads\/2016\/02\/urleign-500x375.jpg\" alt=\"urleign\" width=\"500\" height=\"375\" srcset=\"https:\/\/centcols.org\/backup\/wp-content\/uploads\/2016\/02\/urleign-500x375.jpg 500w, https:\/\/centcols.org\/backup\/wp-content\/uploads\/2016\/02\/urleign-600x449.jpg 600w, https:\/\/centcols.org\/backup\/wp-content\/uploads\/2016\/02\/urleign-768x575.jpg 768w, https:\/\/centcols.org\/backup\/wp-content\/uploads\/2016\/02\/urleign.jpg 801w\" sizes=\"(max-width: 500px) 100vw, 500px\" \/><\/a><\/p>\n<p>Une fois n&#8217;est pas coutume, c&#8217;est un col muletier qui accueillera notre rendez-vous annuel. Les cyclos routiers ne pousseront leur v\u00e9lo que\u00a0 sur 500 m sur une bonne piste apr\u00e8s avoir franchi auparavant 2 cols routiers. L&#8217;arriv\u00e9e sur un panorama exceptionnel r\u00e9compense ce petit d\u00e9tour hors bitume.<\/p>\n<div id='gallery-1' class='gallery galleryid-23643 gallery-columns-5 gallery-size-thumbnail'><dl class='gallery-item'>\n\t\t\t<dt class='gallery-icon landscape'>\n\t\t\t\t<a href='https:\/\/centcols.org\/backup\/wp-content\/uploads\/2016\/02\/urle00002.jpg'><img loading=\"lazy\" decoding=\"async\" width=\"300\" height=\"300\" src=\"https:\/\/centcols.org\/backup\/wp-content\/uploads\/2016\/02\/urle00002-300x300.jpg\" class=\"attachment-thumbnail size-thumbnail\" alt=\"\" srcset=\"https:\/\/centcols.org\/backup\/wp-content\/uploads\/2016\/02\/urle00002-300x300.jpg 300w, https:\/\/centcols.org\/backup\/wp-content\/uploads\/2016\/02\/urle00002-100x100.jpg 100w\" sizes=\"(max-width: 300px) 100vw, 300px\" \/><\/a>\n\t\t\t<\/dt><\/dl><dl class='gallery-item'>\n\t\t\t<dt class='gallery-icon landscape'>\n\t\t\t\t<a href='https:\/\/centcols.org\/backup\/wp-content\/uploads\/2016\/02\/urle00001.jpg'><img loading=\"lazy\" decoding=\"async\" width=\"300\" height=\"300\" src=\"https:\/\/centcols.org\/backup\/wp-content\/uploads\/2016\/02\/urle00001-300x300.jpg\" class=\"attachment-thumbnail size-thumbnail\" alt=\"\" srcset=\"https:\/\/centcols.org\/backup\/wp-content\/uploads\/2016\/02\/urle00001-300x300.jpg 300w, https:\/\/centcols.org\/backup\/wp-content\/uploads\/2016\/02\/urle00001-100x100.jpg 100w\" sizes=\"(max-width: 300px) 100vw, 300px\" \/><\/a>\n\t\t\t<\/dt><\/dl><dl class='gallery-item'>\n\t\t\t<dt class='gallery-icon landscape'>\n\t\t\t\t<a href='https:\/\/centcols.org\/backup\/wp-content\/uploads\/2016\/02\/urle00003.jpg'><img loading=\"lazy\" decoding=\"async\" width=\"300\" height=\"300\" src=\"https:\/\/centcols.org\/backup\/wp-content\/uploads\/2016\/02\/urle00003-300x300.jpg\" class=\"attachment-thumbnail size-thumbnail\" alt=\"\" srcset=\"https:\/\/centcols.org\/backup\/wp-content\/uploads\/2016\/02\/urle00003-300x300.jpg 300w, https:\/\/centcols.org\/backup\/wp-content\/uploads\/2016\/02\/urle00003-100x100.jpg 100w\" sizes=\"(max-width: 300px) 100vw, 300px\" \/><\/a>\n\t\t\t<\/dt><\/dl><dl class='gallery-item'>\n\t\t\t<dt class='gallery-icon landscape'>\n\t\t\t\t<a href='https:\/\/centcols.org\/backup\/wp-content\/uploads\/2016\/02\/urle00004.jpg'><img loading=\"lazy\" decoding=\"async\" width=\"300\" height=\"300\" src=\"https:\/\/centcols.org\/backup\/wp-content\/uploads\/2016\/02\/urle00004-300x300.jpg\" class=\"attachment-thumbnail size-thumbnail\" alt=\"\" srcset=\"https:\/\/centcols.org\/backup\/wp-content\/uploads\/2016\/02\/urle00004-300x300.jpg 300w, https:\/\/centcols.org\/backup\/wp-content\/uploads\/2016\/02\/urle00004-100x100.jpg 100w\" sizes=\"(max-width: 300px) 100vw, 300px\" \/><\/a>\n\t\t\t<\/dt><\/dl>\n\t\t\t<br style='clear: both' \/>\n\t\t<\/div>\n\n<p><a href=\"https:\/\/centcols.org\/backup\/wp-content\/uploads\/2016\/02\/urle00005.jpg\" rel=\"attachment wp-att-23649\"><img loading=\"lazy\" decoding=\"async\" class=\"aligncenter size-full wp-image-23649\" src=\"https:\/\/centcols.org\/backup\/wp-content\/uploads\/2016\/02\/urle00005.jpg\" alt=\"urle00005\" width=\"800\" height=\"600\" srcset=\"https:\/\/centcols.org\/backup\/wp-content\/uploads\/2016\/02\/urle00005.jpg 800w, https:\/\/centcols.org\/backup\/wp-content\/uploads\/2016\/02\/urle00005-600x450.jpg 600w, https:\/\/centcols.org\/backup\/wp-content\/uploads\/2016\/02\/urle00005-500x375.jpg 500w, https:\/\/centcols.org\/backup\/wp-content\/uploads\/2016\/02\/urle00005-768x576.jpg 768w\" sizes=\"(max-width: 800px) 100vw, 800px\" \/><\/a><\/p>\n","protected":false},"excerpt":{"rendered":"<p>Le 23 juillet la concentration internationale aura lieu \u00e0 la Porte d&#8217;Urle FR-26-1496. Une fois n&#8217;est pas coutume, c&#8217;est un col muletier qui accueillera notre rendez-vous annuel. Les cyclos routiers ne pousseront leur v\u00e9lo que\u00a0 sur 500 m sur une bonne piste apr\u00e8s avoir franchi auparavant 2 cols routiers. L&#8217;arriv\u00e9e sur un panorama exceptionnel r\u00e9compense [&hellip;]<\/p>\n","protected":false},"author":17,"featured_media":0,"comment_status":"closed","ping_status":"closed","sticky":false,"template":"","format":"standard","meta":{"_acf_changed":false,"ub_ctt_via":"","_monsterinsights_skip_tracking":false,"_monsterinsights_sitenote_active":false,"_monsterinsights_sitenote_note":"","_monsterinsights_sitenote_category":0,"footnotes":""},"categories":[114,7],"tags":[],"acf":[],"featured_image_urls":{"full":"","thumbnail":"","medium":"","medium_large":"","large":"","1536x1536":"","2048x2048":"","woocommerce_thumbnail":"","woocommerce_single":"","woocommerce_gallery_thumbnail":""},"post_excerpt_stackable":"<p>Le 23 juillet la concentration internationale aura lieu \u00e0 la Porte d&#8217;Urle FR-26-1496. Une fois n&#8217;est pas coutume, c&#8217;est un col muletier qui accueillera notre rendez-vous annuel. Les cyclos routiers ne pousseront leur v\u00e9lo que\u00a0 sur 500 m sur une bonne piste apr\u00e8s avoir franchi auparavant 2 cols routiers. L&#8217;arriv\u00e9e sur un panorama exceptionnel r\u00e9compense ce petit d\u00e9tour hors bitume.<\/p>\n","category_list":"<a href=\"https:\/\/centcols.org\/backup\/categorie\/rassemblements\/rassemblements-2016\/\" rel=\"category tag\">Les rassemblements de 2016<\/a>, <a href=\"https:\/\/centcols.org\/backup\/categorie\/rassemblements\/\" rel=\"category tag\">Rencontres r\u00e9gionales<\/a>","author_info":{"display_name":"R\u00e9gis Paraz","author_link":"https:\/\/centcols.org\/backup\/author\/3225\/"},"comments_num":"0 commentaire","featured_image_urls_v2":{"full":"","thumbnail":"","medium":"","medium_large":"","large":"","1536x1536":"","2048x2048":"","woocommerce_thumbnail":"","woocommerce_single":"","woocommerce_gallery_thumbnail":""},"post_excerpt_stackable_v2":"<p>Le 23 juillet la concentration internationale aura lieu \u00e0 la Porte d&#8217;Urle FR-26-1496. Une fois n&#8217;est pas coutume, c&#8217;est un col muletier qui accueillera notre rendez-vous annuel. Les cyclos routiers ne pousseront leur v\u00e9lo que\u00a0 sur 500 m sur une bonne piste apr\u00e8s avoir franchi auparavant 2 cols routiers. L&#8217;arriv\u00e9e sur un panorama exceptionnel r\u00e9compense ce petit d\u00e9tour hors bitume.<\/p>\n","category_list_v2":"<a href=\"https:\/\/centcols.org\/backup\/categorie\/rassemblements\/rassemblements-2016\/\" rel=\"category tag\">Les rassemblements de 2016<\/a>, <a href=\"https:\/\/centcols.org\/backup\/categorie\/rassemblements\/\" rel=\"category tag\">Rencontres r\u00e9gionales<\/a>","author_info_v2":{"name":"R\u00e9gis Paraz","url":"https:\/\/centcols.org\/backup\/author\/3225\/"},"comments_num_v2":"0 commentaire","featured_image_src":null,"_links":{"self":[{"href":"https:\/\/centcols.org\/backup\/wp-json\/wp\/v2\/posts\/23643"}],"collection":[{"href":"https:\/\/centcols.org\/backup\/wp-json\/wp\/v2\/posts"}],"about":[{"href":"https:\/\/centcols.org\/backup\/wp-json\/wp\/v2\/types\/post"}],"author":[{"embeddable":true,"href":"https:\/\/centcols.org\/backup\/wp-json\/wp\/v2\/users\/17"}],"replies":[{"embeddable":true,"href":"https:\/\/centcols.org\/backup\/wp-json\/wp\/v2\/comments?post=23643"}],"version-history":[{"count":0,"href":"https:\/\/centcols.org\/backup\/wp-json\/wp\/v2\/posts\/23643\/revisions"}],"wp:attachment":[{"href":"https:\/\/centcols.org\/backup\/wp-json\/wp\/v2\/media?parent=23643"}],"wp:term":[{"taxonomy":"category","embeddable":true,"href":"https:\/\/centcols.org\/backup\/wp-json\/wp\/v2\/categories?post=23643"},{"taxonomy":"post_tag","embeddable":true,"href":"https:\/\/centcols.org\/backup\/wp-json\/wp\/v2\/tags?post=23643"}],"curies":[{"name":"wp","href":"https:\/\/api.w.org\/{rel}","templated":true}]}}