{"id":23654,"date":"2016-02-03T19:00:15","date_gmt":"2016-02-03T18:00:15","guid":{"rendered":"http:\/\/centcols.org\/backup\/?p=23654"},"modified":"2016-05-05T18:13:47","modified_gmt":"2016-05-05T16:13:47","slug":"concentration-regionale-massif-central-est-2016","status":"publish","type":"post","link":"https:\/\/centcols.org\/backup\/concentration-regionale-massif-central-est-2016\/","title":{"rendered":"Concentration r\u00e9gionale Massif Central Est au col de Favardy le 25 septembre 2016"},"content":{"rendered":"<p>Dimanche 25 septembre 2016, Massif Central est<br \/>\nCol de Favardy, 856 m (Rh\u00f4ne)<\/p>\n<p>Accueil au col \u00e0 partir de 11 h pour partager le pain et le fromage dans la tradition du Club des Cent Cols<\/p>\n<p>Le col de Favardy (856 m) se situe dans le Haut Beaujolais particuli\u00e8rement riche en cols non loin des d\u00e9partements du Rh\u00f4ne, Loire, Sa\u00f4ne et Loire et est l\u2019un des 3 plus \u00e9lev\u00e9s du d\u00e9partement du Rh\u00f4ne.<br \/>\nLes cols environnants sont tous routiers , un seul col muletier \u00e0 proximit\u00e9 du parcours (col de la Croix de l\u2019Allier 812 m) peut se rejoindre par une piste R1.<br \/>\nLe d\u00e9partement du Rh\u00f4ne ne comptant que 10 cols muletiers (et encore certains ne sont pas rev\u00eatus que sur quelques centaines de m\u00e8tres) il n\u2019est donc pas utile de se munir d\u2019un VTT<\/p>\n<h3>Parcours propos\u00e9s au d\u00e9part de Lamure-sur-Azergues,\u00a0(multiples autres possibilit\u00e9s)<\/h3>\n<h4>Possibilit\u00e9 d&#8217;un d\u00e9part group\u00e9, RV \u00e0 9 h<\/h4>\n<p><strong>PARCOURS OUEST<br \/>\n<\/strong> 72.5 km, 1366 m de d\u00e9nivel\u00e9 (68km au col de Favardy) :<br \/>\n7 cols (possibilit\u00e9 de rajouter 3 cols depuis Ranchal + 13 km AR)<br \/>\nD\u00e9part parking de la gare de Lamure-sur-Azergues<br \/>\n<a href=\"http:\/\/www.openrunner.com\/index.php?id=5909152\" target=\"_blank\">http:\/\/www.openrunner.com\/index.php?id=5909152<\/a><\/p>\n<p><strong>PARCOURS EST<br \/>\n<\/strong>60 km, 1271 m se d\u00e9nivel\u00e9 (55 au col de Favardy)<br \/>\nD\u00e9part parking de Lamure-sur-Azergues<br \/>\n11 cols (possibilit\u00e9 d&#8217;aller au col de la Croix de l&#8217;Allier depuis le col de Casse Froide)<br \/>\n<a href=\"http:\/\/www.openrunner.com\/index.php?id=5915661\" target=\"_blank\">http:\/\/www.openrunner.com\/index.php?id=5915661<br \/>\n<\/a><\/p>\n<p><strong><span lang=\"FR\">PARCOURS NORD<br \/>\n<\/span><\/strong><span lang=\"FR\">65 km, 1316 m de d\u00e9nivel\u00e9<br \/>\n<\/span>8 cols (+ Col de la Serve 4 km AR depuis le col de Crie)<br \/>\nD\u00e9part du col des Echarmeaux<br \/>\n<a href=\"http:\/\/www.openrunner.com\/index.php?id=5920846\" target=\"_blank\">http:\/\/www.openrunner.com\/index.php?id=5920846<\/a><\/p>\n<p><span lang=\"FR\">\u00a0<\/span><\/p>\n<h4><a href=\"https:\/\/centcols.org\/backup\/concentration-regionale-massif-central-est-2016\/favardy\/\" rel=\"attachment wp-att-23655\"><img loading=\"lazy\" decoding=\"async\" class=\"alignnone size-medium wp-image-23655\" src=\"https:\/\/centcols.org\/backup\/wp-content\/uploads\/2016\/02\/favardy-500x394.jpg\" alt=\"favardy\" width=\"500\" height=\"394\" srcset=\"https:\/\/centcols.org\/backup\/wp-content\/uploads\/2016\/02\/favardy-500x394.jpg 500w, https:\/\/centcols.org\/backup\/wp-content\/uploads\/2016\/02\/favardy-600x472.jpg 600w, https:\/\/centcols.org\/backup\/wp-content\/uploads\/2016\/02\/favardy.jpg 743w\" sizes=\"(max-width: 500px) 100vw, 500px\" \/><\/a><\/h4>\n<h3>Contact<\/h3>\n<p>Philippe Chazottier<br \/>\n33 avenue des Alpes<br \/>\n69510 MESSIMY<br \/>\n04 78 45 15 12 &#8211;\u00a006 12 51 32 55<br \/>\n<a href=\"&#109;&#97;ilt&#111;:&#112;cha&#122;&#111;t&#116;i&#101;r&#64;wa&#110;ad&#111;o.fr\">pc&#104;&#97;z&#111;&#116;&#116;&#105;&#101;r&#64;&#119;an&#97;&#100;o&#111;&#46;&#102;&#114;<\/a><\/p>\n","protected":false},"excerpt":{"rendered":"<p>Dimanche 25 septembre 2016, Massif Central est Col de Favardy, 856 m (Rh\u00f4ne) Accueil au col \u00e0 partir de 11 h pour partager le pain et le fromage dans la tradition du Club des Cent Cols Le col de Favardy (856 m) se situe dans le Haut Beaujolais particuli\u00e8rement riche en cols non loin des [&hellip;]<\/p>\n","protected":false},"author":147,"featured_media":0,"comment_status":"closed","ping_status":"closed","sticky":false,"template":"","format":"standard","meta":{"_acf_changed":false,"ub_ctt_via":"","_monsterinsights_skip_tracking":false,"_monsterinsights_sitenote_active":false,"_monsterinsights_sitenote_note":"","_monsterinsights_sitenote_category":0,"footnotes":""},"categories":[114,7],"tags":[],"acf":[],"featured_image_urls":{"full":"","thumbnail":"","medium":"","medium_large":"","large":"","1536x1536":"","2048x2048":"","woocommerce_thumbnail":"","woocommerce_single":"","woocommerce_gallery_thumbnail":""},"post_excerpt_stackable":"<p>Dimanche 25 septembre 2016, Massif Central est Col de Favardy, 856 m (Rh\u00f4ne) Accueil au col \u00e0 partir de 11 h pour partager le pain et le fromage dans la tradition du Club des Cent Cols Le col de Favardy (856 m) se situe dans le Haut Beaujolais particuli\u00e8rement riche en cols non loin des d\u00e9partements du Rh\u00f4ne, Loire, Sa\u00f4ne et Loire et est l\u2019un des 3 plus \u00e9lev\u00e9s du d\u00e9partement du Rh\u00f4ne. Les cols environnants sont tous routiers , un seul col muletier \u00e0 proximit\u00e9 du parcours (col de la Croix de l\u2019Allier 812 m) peut se rejoindre par\u2026<\/p>\n","category_list":"<a href=\"https:\/\/centcols.org\/backup\/categorie\/rassemblements\/rassemblements-2016\/\" rel=\"category tag\">Les rassemblements de 2016<\/a>, <a href=\"https:\/\/centcols.org\/backup\/categorie\/rassemblements\/\" rel=\"category tag\">Rencontres r\u00e9gionales<\/a>","author_info":{"display_name":"Guy Harl\u00e9","author_link":"https:\/\/centcols.org\/backup\/author\/5193\/"},"comments_num":"0 commentaire","featured_image_urls_v2":{"full":"","thumbnail":"","medium":"","medium_large":"","large":"","1536x1536":"","2048x2048":"","woocommerce_thumbnail":"","woocommerce_single":"","woocommerce_gallery_thumbnail":""},"post_excerpt_stackable_v2":"<p>Dimanche 25 septembre 2016, Massif Central est Col de Favardy, 856 m (Rh\u00f4ne) Accueil au col \u00e0 partir de 11 h pour partager le pain et le fromage dans la tradition du Club des Cent Cols Le col de Favardy (856 m) se situe dans le Haut Beaujolais particuli\u00e8rement riche en cols non loin des d\u00e9partements du Rh\u00f4ne, Loire, Sa\u00f4ne et Loire et est l\u2019un des 3 plus \u00e9lev\u00e9s du d\u00e9partement du Rh\u00f4ne. Les cols environnants sont tous routiers , un seul col muletier \u00e0 proximit\u00e9 du parcours (col de la Croix de l\u2019Allier 812 m) peut se rejoindre par\u2026<\/p>\n","category_list_v2":"<a href=\"https:\/\/centcols.org\/backup\/categorie\/rassemblements\/rassemblements-2016\/\" rel=\"category tag\">Les rassemblements de 2016<\/a>, <a href=\"https:\/\/centcols.org\/backup\/categorie\/rassemblements\/\" rel=\"category tag\">Rencontres r\u00e9gionales<\/a>","author_info_v2":{"name":"Guy Harl\u00e9","url":"https:\/\/centcols.org\/backup\/author\/5193\/"},"comments_num_v2":"0 commentaire","featured_image_src":null,"_links":{"self":[{"href":"https:\/\/centcols.org\/backup\/wp-json\/wp\/v2\/posts\/23654"}],"collection":[{"href":"https:\/\/centcols.org\/backup\/wp-json\/wp\/v2\/posts"}],"about":[{"href":"https:\/\/centcols.org\/backup\/wp-json\/wp\/v2\/types\/post"}],"author":[{"embeddable":true,"href":"https:\/\/centcols.org\/backup\/wp-json\/wp\/v2\/users\/147"}],"replies":[{"embeddable":true,"href":"https:\/\/centcols.org\/backup\/wp-json\/wp\/v2\/comments?post=23654"}],"version-history":[{"count":0,"href":"https:\/\/centcols.org\/backup\/wp-json\/wp\/v2\/posts\/23654\/revisions"}],"wp:attachment":[{"href":"https:\/\/centcols.org\/backup\/wp-json\/wp\/v2\/media?parent=23654"}],"wp:term":[{"taxonomy":"category","embeddable":true,"href":"https:\/\/centcols.org\/backup\/wp-json\/wp\/v2\/categories?post=23654"},{"taxonomy":"post_tag","embeddable":true,"href":"https:\/\/centcols.org\/backup\/wp-json\/wp\/v2\/tags?post=23654"}],"curies":[{"name":"wp","href":"https:\/\/api.w.org\/{rel}","templated":true}]}}