{"id":23662,"date":"2016-02-03T16:30:47","date_gmt":"2016-02-03T15:30:47","guid":{"rendered":"http:\/\/centcols.org\/backup\/?p=23662"},"modified":"2016-08-24T18:41:39","modified_gmt":"2016-08-24T16:41:39","slug":"concentration-regionale-dav-2016","status":"publish","type":"post","link":"https:\/\/centcols.org\/backup\/concentration-regionale-dav-2016\/","title":{"rendered":"Concentration r\u00e9gionale Dr\u00f4me Ard\u00e8che Vaucluse au col de Macu\u00e8gne le 11 septembre 2016"},"content":{"rendered":"<p>Dimanche 11 septembre 2016, Dr\u00f4me, Ard\u00e8che, Vaucluse<br \/>\nCol de Macu\u00e8gne, 1068 m (Dr\u00f4me)<\/p>\n<p>Rendez-vous pour partager le pain et le fromage, le casse-cro\u00fbte sera tir\u00e9 du sac, accueil de 11 h \u00e0 15 h<br \/>\nLes informations sur les circuits Route et VTT seront communiqu\u00e9es plus tard<\/p>\n<p><a href=\"https:\/\/centcols.org\/backup\/concentration-regionale-dav-2016\/macuegne\/\" rel=\"attachment wp-att-23663\"><img loading=\"lazy\" decoding=\"async\" class=\"alignnone size-medium wp-image-23663\" src=\"https:\/\/centcols.org\/backup\/wp-content\/uploads\/2016\/02\/macuegne-500x396.jpg\" alt=\"macuegne\" width=\"500\" height=\"396\" srcset=\"https:\/\/centcols.org\/backup\/wp-content\/uploads\/2016\/02\/macuegne-500x396.jpg 500w, https:\/\/centcols.org\/backup\/wp-content\/uploads\/2016\/02\/macuegne-600x475.jpg 600w, https:\/\/centcols.org\/backup\/wp-content\/uploads\/2016\/02\/macuegne.jpg 731w\" sizes=\"(max-width: 500px) 100vw, 500px\" \/><\/a><\/p>\n<h3>Les cols<\/h3>\n<p>Col de la Pigi\u00e8re (968 m)<br \/>\nCol de l&#8217;Aiguillon (742 m)<br \/>\nCol d&#8217;Aulan (845 m)<br \/>\nCol de M\u00e9vouillon (889 m)<br \/>\nCol de la Loge (1005 m)<br \/>\nCol de Macu\u00e8gne (1068 m)<br \/>\nCol de Bays (1125 m)<br \/>\nCol de l&#8217;Homme Mort (1211 m)<br \/>\nCollet de Reilhane (755 m)<br \/>\nCollet Blanc (765 m)<\/p>\n<h3>Les circuits<\/h3>\n<p>VTT 29 km 10 cols D+ 840 m, point + haut 1326m<br \/>\nD\u00e9part du col de Macu\u00e8gne<br \/>\nId Openrunner : 6387220<br \/>\n<a href=\"https:\/\/centcols.org\/backup\/wp-content\/uploads\/2016\/02\/VTT-Macu\u00e8gne.gpx\" rel=\"\">VTT Macu\u00e8gne<\/a>\u00a0(gpx)<\/p>\n<p>Route 98 km 10 cols D+ 1800 m, point + haut 1230m<br \/>\nId Openrunner : 6389161<br \/>\n<a href=\"https:\/\/centcols.org\/backup\/wp-content\/uploads\/2016\/02\/Routier-Macuegne.gpx\" rel=\"\">Routier Macuegne<\/a>\u00a0(gpx)<\/p>\n<h3>Contact<\/h3>\n<p>Jean-Marie Gilouin<br \/>\n06 31 79 01 06<br \/>\n<a href=\"m&#97;ilto&#58;bj&#109;&#46;&#99;e&#110;t&#99;o&#108;&#115;&#64;&#103;&#109;ai&#108;&#46;&#99;o&#109;\">b&#106;m&#46;&#99;&#101;&#110;t&#99;o&#108;&#115;&#64;&#103;mail&#46;co&#109;<\/a><\/p>\n","protected":false},"excerpt":{"rendered":"<p>Dimanche 11 septembre 2016, Dr\u00f4me, Ard\u00e8che, Vaucluse Col de Macu\u00e8gne, 1068 m (Dr\u00f4me) Rendez-vous pour partager le pain et le fromage, le casse-cro\u00fbte sera tir\u00e9 du sac, accueil de 11 h \u00e0 15 h Les informations sur les circuits Route et VTT seront communiqu\u00e9es plus tard Les cols Col de la Pigi\u00e8re (968 m) Col [&hellip;]<\/p>\n","protected":false},"author":147,"featured_media":0,"comment_status":"closed","ping_status":"closed","sticky":false,"template":"","format":"standard","meta":{"_acf_changed":false,"ub_ctt_via":"","_monsterinsights_skip_tracking":false,"_monsterinsights_sitenote_active":false,"_monsterinsights_sitenote_note":"","_monsterinsights_sitenote_category":0,"footnotes":""},"categories":[114,7],"tags":[],"acf":[],"featured_image_urls":{"full":"","thumbnail":"","medium":"","medium_large":"","large":"","1536x1536":"","2048x2048":"","woocommerce_thumbnail":"","woocommerce_single":"","woocommerce_gallery_thumbnail":""},"post_excerpt_stackable":"<p>Dimanche 11 septembre 2016, Dr\u00f4me, Ard\u00e8che, Vaucluse Col de Macu\u00e8gne, 1068 m (Dr\u00f4me) Rendez-vous pour partager le pain et le fromage, le casse-cro\u00fbte sera tir\u00e9 du sac, accueil de 11 h \u00e0 15 h Les informations sur les circuits Route et VTT seront communiqu\u00e9es plus tard Les cols Col de la Pigi\u00e8re (968 m) Col de l&#8217;Aiguillon (742 m) Col d&#8217;Aulan (845 m) Col de M\u00e9vouillon (889 m) Col de la Loge (1005 m) Col de Macu\u00e8gne (1068 m) Col de Bays (1125 m) Col de l&#8217;Homme Mort (1211 m) Collet de Reilhane (755 m) Collet Blanc (765 m) Les\u2026<\/p>\n","category_list":"<a href=\"https:\/\/centcols.org\/backup\/categorie\/rassemblements\/rassemblements-2016\/\" rel=\"category tag\">Les rassemblements de 2016<\/a>, <a href=\"https:\/\/centcols.org\/backup\/categorie\/rassemblements\/\" rel=\"category tag\">Rencontres r\u00e9gionales<\/a>","author_info":{"display_name":"Guy Harl\u00e9","author_link":"https:\/\/centcols.org\/backup\/author\/5193\/"},"comments_num":"0 commentaire","featured_image_urls_v2":{"full":"","thumbnail":"","medium":"","medium_large":"","large":"","1536x1536":"","2048x2048":"","woocommerce_thumbnail":"","woocommerce_single":"","woocommerce_gallery_thumbnail":""},"post_excerpt_stackable_v2":"<p>Dimanche 11 septembre 2016, Dr\u00f4me, Ard\u00e8che, Vaucluse Col de Macu\u00e8gne, 1068 m (Dr\u00f4me) Rendez-vous pour partager le pain et le fromage, le casse-cro\u00fbte sera tir\u00e9 du sac, accueil de 11 h \u00e0 15 h Les informations sur les circuits Route et VTT seront communiqu\u00e9es plus tard Les cols Col de la Pigi\u00e8re (968 m) Col de l&#8217;Aiguillon (742 m) Col d&#8217;Aulan (845 m) Col de M\u00e9vouillon (889 m) Col de la Loge (1005 m) Col de Macu\u00e8gne (1068 m) Col de Bays (1125 m) Col de l&#8217;Homme Mort (1211 m) Collet de Reilhane (755 m) Collet Blanc (765 m) Les\u2026<\/p>\n","category_list_v2":"<a href=\"https:\/\/centcols.org\/backup\/categorie\/rassemblements\/rassemblements-2016\/\" rel=\"category tag\">Les rassemblements de 2016<\/a>, <a href=\"https:\/\/centcols.org\/backup\/categorie\/rassemblements\/\" rel=\"category tag\">Rencontres r\u00e9gionales<\/a>","author_info_v2":{"name":"Guy Harl\u00e9","url":"https:\/\/centcols.org\/backup\/author\/5193\/"},"comments_num_v2":"0 commentaire","featured_image_src":null,"_links":{"self":[{"href":"https:\/\/centcols.org\/backup\/wp-json\/wp\/v2\/posts\/23662"}],"collection":[{"href":"https:\/\/centcols.org\/backup\/wp-json\/wp\/v2\/posts"}],"about":[{"href":"https:\/\/centcols.org\/backup\/wp-json\/wp\/v2\/types\/post"}],"author":[{"embeddable":true,"href":"https:\/\/centcols.org\/backup\/wp-json\/wp\/v2\/users\/147"}],"replies":[{"embeddable":true,"href":"https:\/\/centcols.org\/backup\/wp-json\/wp\/v2\/comments?post=23662"}],"version-history":[{"count":0,"href":"https:\/\/centcols.org\/backup\/wp-json\/wp\/v2\/posts\/23662\/revisions"}],"wp:attachment":[{"href":"https:\/\/centcols.org\/backup\/wp-json\/wp\/v2\/media?parent=23662"}],"wp:term":[{"taxonomy":"category","embeddable":true,"href":"https:\/\/centcols.org\/backup\/wp-json\/wp\/v2\/categories?post=23662"},{"taxonomy":"post_tag","embeddable":true,"href":"https:\/\/centcols.org\/backup\/wp-json\/wp\/v2\/tags?post=23662"}],"curies":[{"name":"wp","href":"https:\/\/api.w.org\/{rel}","templated":true}]}}