{"id":23676,"date":"2016-02-06T10:39:21","date_gmt":"2016-02-06T09:39:21","guid":{"rendered":"http:\/\/centcols.org\/backup\/?p=23676"},"modified":"2016-02-08T17:49:21","modified_gmt":"2016-02-08T16:49:21","slug":"concentration-regionale-pyrenees-2016","status":"publish","type":"post","link":"https:\/\/centcols.org\/backup\/concentration-regionale-pyrenees-2016\/","title":{"rendered":"Concentration r\u00e9gionale Pyr\u00e9n\u00e9es au col de la Croix Blanche le 2 octobre 2016"},"content":{"rendered":"<p>Dimanche 2 octobre 2016, Pyr\u00e9n\u00e9es<br \/>\nCol dela Croix Blanche, 820 m (Hautes-Pyr\u00e9n\u00e9es)<\/p>\n<p><a href=\"https:\/\/centcols.org\/backup\/concentration-regionale-pyrenees-2016\/croix-blanche\/\" rel=\"attachment wp-att-23677\"><img loading=\"lazy\" decoding=\"async\" class=\"alignnone size-medium wp-image-23677\" src=\"https:\/\/centcols.org\/backup\/wp-content\/uploads\/2016\/02\/croix-blanche-500x393.jpg\" alt=\"croix-blanche\" width=\"500\" height=\"393\" srcset=\"https:\/\/centcols.org\/backup\/wp-content\/uploads\/2016\/02\/croix-blanche-500x393.jpg 500w, https:\/\/centcols.org\/backup\/wp-content\/uploads\/2016\/02\/croix-blanche-600x472.jpg 600w, https:\/\/centcols.org\/backup\/wp-content\/uploads\/2016\/02\/croix-blanche.jpg 738w\" sizes=\"(max-width: 500px) 100vw, 500px\" \/><\/a><\/p>\n<h3>Contact<\/h3>\n<p>Alain Gillodes<br \/>\n05 61 56 74 35<br \/>\n<a href=\"&#109;&#97;&#105;l&#116;&#111;:dt.&#48;&#53;&#64;&#99;&#101;nt&#99;&#111;ls&#46;&#110;&#101;&#116;\">&#100;t&#46;05&#64;c&#101;&#110;&#116;&#99;o&#108;&#115;&#46;&#110;et<\/a><\/p>\n","protected":false},"excerpt":{"rendered":"<p>Dimanche 2 octobre 2016, Pyr\u00e9n\u00e9es Col dela Croix Blanche, 820 m (Hautes-Pyr\u00e9n\u00e9es) Contact Alain Gillodes 05 61 56 74 35<\/p>\n","protected":false},"author":147,"featured_media":0,"comment_status":"closed","ping_status":"closed","sticky":false,"template":"","format":"standard","meta":{"_acf_changed":false,"ub_ctt_via":"","_monsterinsights_skip_tracking":false,"_monsterinsights_sitenote_active":false,"_monsterinsights_sitenote_note":"","_monsterinsights_sitenote_category":0,"footnotes":""},"categories":[114,7],"tags":[],"acf":[],"featured_image_urls":{"full":"","thumbnail":"","medium":"","medium_large":"","large":"","1536x1536":"","2048x2048":"","woocommerce_thumbnail":"","woocommerce_single":"","woocommerce_gallery_thumbnail":""},"post_excerpt_stackable":"<p>Dimanche 2 octobre 2016, Pyr\u00e9n\u00e9es Col dela Croix Blanche, 820 m (Hautes-Pyr\u00e9n\u00e9es) Contact Alain Gillodes 05 61 56 74 35 d&#116;.0&#53;&#64;&#99;en&#116;&#99;&#111;&#108;&#115;&#46;&#110;&#101;t<\/p>\n","category_list":"<a href=\"https:\/\/centcols.org\/backup\/categorie\/rassemblements\/rassemblements-2016\/\" rel=\"category tag\">Les rassemblements de 2016<\/a>, <a href=\"https:\/\/centcols.org\/backup\/categorie\/rassemblements\/\" rel=\"category tag\">Rencontres r\u00e9gionales<\/a>","author_info":{"display_name":"Guy Harl\u00e9","author_link":"https:\/\/centcols.org\/backup\/author\/5193\/"},"comments_num":"0 commentaire","featured_image_urls_v2":{"full":"","thumbnail":"","medium":"","medium_large":"","large":"","1536x1536":"","2048x2048":"","woocommerce_thumbnail":"","woocommerce_single":"","woocommerce_gallery_thumbnail":""},"post_excerpt_stackable_v2":"<p>Dimanche 2 octobre 2016, Pyr\u00e9n\u00e9es Col dela Croix Blanche, 820 m (Hautes-Pyr\u00e9n\u00e9es) Contact Alain Gillodes 05 61 56 74 35 &#100;&#116;&#46;05&#64;&#99;&#101;nt&#99;&#111;l&#115;&#46;&#110;e&#116;<\/p>\n","category_list_v2":"<a href=\"https:\/\/centcols.org\/backup\/categorie\/rassemblements\/rassemblements-2016\/\" rel=\"category tag\">Les rassemblements de 2016<\/a>, <a href=\"https:\/\/centcols.org\/backup\/categorie\/rassemblements\/\" rel=\"category tag\">Rencontres r\u00e9gionales<\/a>","author_info_v2":{"name":"Guy Harl\u00e9","url":"https:\/\/centcols.org\/backup\/author\/5193\/"},"comments_num_v2":"0 commentaire","featured_image_src":null,"_links":{"self":[{"href":"https:\/\/centcols.org\/backup\/wp-json\/wp\/v2\/posts\/23676"}],"collection":[{"href":"https:\/\/centcols.org\/backup\/wp-json\/wp\/v2\/posts"}],"about":[{"href":"https:\/\/centcols.org\/backup\/wp-json\/wp\/v2\/types\/post"}],"author":[{"embeddable":true,"href":"https:\/\/centcols.org\/backup\/wp-json\/wp\/v2\/users\/147"}],"replies":[{"embeddable":true,"href":"https:\/\/centcols.org\/backup\/wp-json\/wp\/v2\/comments?post=23676"}],"version-history":[{"count":0,"href":"https:\/\/centcols.org\/backup\/wp-json\/wp\/v2\/posts\/23676\/revisions"}],"wp:attachment":[{"href":"https:\/\/centcols.org\/backup\/wp-json\/wp\/v2\/media?parent=23676"}],"wp:term":[{"taxonomy":"category","embeddable":true,"href":"https:\/\/centcols.org\/backup\/wp-json\/wp\/v2\/categories?post=23676"},{"taxonomy":"post_tag","embeddable":true,"href":"https:\/\/centcols.org\/backup\/wp-json\/wp\/v2\/tags?post=23676"}],"curies":[{"name":"wp","href":"https:\/\/api.w.org\/{rel}","templated":true}]}}