{"id":24021,"date":"2016-02-03T14:05:24","date_gmt":"2016-02-03T13:05:24","guid":{"rendered":"http:\/\/centcols.org\/backup\/?p=24021"},"modified":"2016-08-18T16:05:08","modified_gmt":"2016-08-18T14:05:08","slug":"alpes-cote-dazur-2016","status":"publish","type":"post","link":"https:\/\/centcols.org\/backup\/alpes-cote-dazur-2016\/","title":{"rendered":"Concentration r\u00e9gionale Alpes C\u00f4te d&#8217;Azur cols interdits du Camp de Canjuers (Var), 27 ao\u00fbt 2016"},"content":{"rendered":"<p>Samedi 27 ao\u00fbt 2016, Alpes C\u00f4te d&#8217;Azur<\/p>\n<div>Simone Dayn\u00e9 et Christophe Badonnel vous donnent rendez-vous \u00e0 la base militaire du camp de Canjuers, pr\u00e8s de Draguignan (Var)<b><b><br \/>\n<span style=\"color: #ff0000;\">Rendez vous 9 h 45 pr\u00e9cises devant l&#8217;entr\u00e9e du Camp coordonn\u00e9es GPS : <\/span><\/b><\/b>E 6\u00b028&#8242; 28&#8243; \u00a0 \u00a0 \u00a0 \u00a0 \u00a0 \u00a0 \u00a0 \u00a0 \u00a0 N 43\u00b0 38&#8217;43&#8221;<b><span style=\"color: #ff0000;\"><br \/>\n<\/span><\/b><\/div>\n<div><b><br \/>\n<span style=\"color: #000000;\">Il faut imp\u00e9rativement le nom des participants pour faire \u00e9tablir les laissez passer une semaine avant <span style=\"color: #ff0000;\">(s&#8217;inscrire le plus vite possible aupr\u00e8s de Simone)<\/span><br \/>\nDe plus, ne pas oublier la carte<\/span><\/b><span style=\"color: #000000;\"><b> d&#8217;identit\u00e9<\/b><\/span><\/div>\n<div><span style=\"color: #000000;\"><b>Si des voitures veulent suivre : n\u00b0 d&#8217;immatriculation et mod\u00e8le<\/b><\/span><\/div>\n<div><\/div>\n<div><strong>Au programme les 4 cols situ\u00e9s dans le camp et normalement interdits aux civils :\u00a0<\/strong><\/div>\n<div><b>\u00a0<\/b><\/div>\n<div>&#8211; Collet d&#8217;Audibert (864 m)<\/div>\n<div>&#8211; Col de la Cabane (981 m)<\/div>\n<div>&#8211; Col d&#8217;Aisse (955 m)<\/div>\n<div>&#8211; Col de la Glaci\u00e8re (1069 m)<br \/>\nCes cols peuvent se faire en v\u00e9lo de route &#8211; un peu de poussage pour la Glaci\u00e8re et le collet d&#8217;Audibert, mais nous irons plus vite sur le goudron<br \/>\nLe parcours a \u00e9t\u00e9 fait en concertation avec le PC tir de Canjuers car les cartes que l&#8217;on trouve du camp ne sont pas \u00e0 jour<b><br \/>\n<\/b><\/div>\n<p>Une petite c\u00e9r\u00e9monie\u00a0 sera organis\u00e9e avec les militaires de la base<br \/>\nAp\u00e9ritif et dessert offerts par Simone<\/p>\n<h3><\/h3>\n<div id='gallery-1' class='gallery galleryid-24021 gallery-columns-2 gallery-size-medium'><dl class='gallery-item'>\n\t\t\t<dt class='gallery-icon landscape'>\n\t\t\t\t<a href='https:\/\/centcols.org\/backup\/alpes-cote-dazur-2016\/aisse\/'><img loading=\"lazy\" decoding=\"async\" width=\"500\" height=\"407\" src=\"https:\/\/centcols.org\/backup\/wp-content\/uploads\/2016\/03\/Aisse-500x407.png\" class=\"attachment-medium size-medium\" alt=\"\" srcset=\"https:\/\/centcols.org\/backup\/wp-content\/uploads\/2016\/03\/Aisse-500x407.png 500w, https:\/\/centcols.org\/backup\/wp-content\/uploads\/2016\/03\/Aisse-600x489.png 600w, https:\/\/centcols.org\/backup\/wp-content\/uploads\/2016\/03\/Aisse.png 708w\" sizes=\"(max-width: 500px) 100vw, 500px\" \/><\/a>\n\t\t\t<\/dt><\/dl><dl class='gallery-item'>\n\t\t\t<dt class='gallery-icon landscape'>\n\t\t\t\t<a href='https:\/\/centcols.org\/backup\/alpes-cote-dazur-2016\/glaciere\/'><img loading=\"lazy\" decoding=\"async\" width=\"500\" height=\"387\" src=\"https:\/\/centcols.org\/backup\/wp-content\/uploads\/2016\/03\/glaciere-500x387.png\" class=\"attachment-medium size-medium\" alt=\"\" srcset=\"https:\/\/centcols.org\/backup\/wp-content\/uploads\/2016\/03\/glaciere-500x387.png 500w, https:\/\/centcols.org\/backup\/wp-content\/uploads\/2016\/03\/glaciere-600x464.png 600w, https:\/\/centcols.org\/backup\/wp-content\/uploads\/2016\/03\/glaciere.png 720w\" sizes=\"(max-width: 500px) 100vw, 500px\" \/><\/a>\n\t\t\t<\/dt><\/dl><br style=\"clear: both\" \/>\n\t\t<\/div>\n\n<p>&nbsp;<\/p>\n<h3>Contact<\/h3>\n<p>Simone Dayn\u00e9<br \/>\n06 19 02 54 04<br \/>\n<a href=\"&#109;a&#105;&#108;&#116;o&#58;sd&#97;yn&#101;&#64;9&#111;n&#108;&#105;&#110;e.fr\">s&#100;&#97;y&#110;e&#64;9o&#110;&#108;&#105;ne.f&#114;<\/a><\/p>\n<p>Christophe Badonnel<br \/>\n<a href=\"&#109;ailto&#58;&#116;o&#112;&#104;&#101;&#46;&#98;ado&#110;&#110;el&#64;&#108;&#97;pos&#116;&#101;.&#110;&#101;t\">&#116;o&#112;&#104;e.&#98;a&#100;onne&#108;&#64;&#108;&#97;p&#111;&#115;&#116;e.&#110;&#101;&#116;<\/a><\/p>\n","protected":false},"excerpt":{"rendered":"<p>Samedi 27 ao\u00fbt 2016, Alpes C\u00f4te d&#8217;Azur Simone Dayn\u00e9 et Christophe Badonnel vous donnent rendez-vous \u00e0 la base militaire du camp de Canjuers, pr\u00e8s de Draguignan (Var) Rendez vous 9 h 45 pr\u00e9cises devant l&#8217;entr\u00e9e du Camp coordonn\u00e9es GPS : E 6\u00b028&#8242; 28&#8243; \u00a0 \u00a0 \u00a0 \u00a0 \u00a0 \u00a0 \u00a0 \u00a0 \u00a0 N 43\u00b0 38&#8217;43&#8221; [&hellip;]<\/p>\n","protected":false},"author":147,"featured_media":0,"comment_status":"closed","ping_status":"closed","sticky":false,"template":"","format":"standard","meta":{"_acf_changed":false,"ub_ctt_via":"","_monsterinsights_skip_tracking":false,"_monsterinsights_sitenote_active":false,"_monsterinsights_sitenote_note":"","_monsterinsights_sitenote_category":0,"footnotes":""},"categories":[114,7],"tags":[],"acf":[],"featured_image_urls":{"full":"","thumbnail":"","medium":"","medium_large":"","large":"","1536x1536":"","2048x2048":"","woocommerce_thumbnail":"","woocommerce_single":"","woocommerce_gallery_thumbnail":""},"post_excerpt_stackable":"<p>Samedi 27 ao\u00fbt 2016, Alpes C\u00f4te d&#8217;Azur Simone Dayn\u00e9 et Christophe Badonnel vous donnent rendez-vous \u00e0 la base militaire du camp de Canjuers, pr\u00e8s de Draguignan (Var) Rendez vous 9 h 45 pr\u00e9cises devant l&#8217;entr\u00e9e du Camp coordonn\u00e9es GPS : E 6\u00b028&#8242; 28&#8243; \u00a0 \u00a0 \u00a0 \u00a0 \u00a0 \u00a0 \u00a0 \u00a0 \u00a0 N 43\u00b0 38&#8217;43&#8221; Il faut imp\u00e9rativement le nom des participants pour faire \u00e9tablir les laissez passer une semaine avant (s&#8217;inscrire le plus vite possible aupr\u00e8s de Simone) De plus, ne pas oublier la carte d&#8217;identit\u00e9 Si des voitures veulent suivre : n\u00b0 d&#8217;immatriculation et mod\u00e8le Au programme les\u2026<\/p>\n","category_list":"<a href=\"https:\/\/centcols.org\/backup\/categorie\/rassemblements\/rassemblements-2016\/\" rel=\"category tag\">Les rassemblements de 2016<\/a>, <a href=\"https:\/\/centcols.org\/backup\/categorie\/rassemblements\/\" rel=\"category tag\">Rencontres r\u00e9gionales<\/a>","author_info":{"display_name":"Guy Harl\u00e9","author_link":"https:\/\/centcols.org\/backup\/author\/5193\/"},"comments_num":"0 commentaire","featured_image_urls_v2":{"full":"","thumbnail":"","medium":"","medium_large":"","large":"","1536x1536":"","2048x2048":"","woocommerce_thumbnail":"","woocommerce_single":"","woocommerce_gallery_thumbnail":""},"post_excerpt_stackable_v2":"<p>Samedi 27 ao\u00fbt 2016, Alpes C\u00f4te d&#8217;Azur Simone Dayn\u00e9 et Christophe Badonnel vous donnent rendez-vous \u00e0 la base militaire du camp de Canjuers, pr\u00e8s de Draguignan (Var) Rendez vous 9 h 45 pr\u00e9cises devant l&#8217;entr\u00e9e du Camp coordonn\u00e9es GPS : E 6\u00b028&#8242; 28&#8243; \u00a0 \u00a0 \u00a0 \u00a0 \u00a0 \u00a0 \u00a0 \u00a0 \u00a0 N 43\u00b0 38&#8217;43&#8221; Il faut imp\u00e9rativement le nom des participants pour faire \u00e9tablir les laissez passer une semaine avant (s&#8217;inscrire le plus vite possible aupr\u00e8s de Simone) De plus, ne pas oublier la carte d&#8217;identit\u00e9 Si des voitures veulent suivre : n\u00b0 d&#8217;immatriculation et mod\u00e8le Au programme les\u2026<\/p>\n","category_list_v2":"<a href=\"https:\/\/centcols.org\/backup\/categorie\/rassemblements\/rassemblements-2016\/\" rel=\"category tag\">Les rassemblements de 2016<\/a>, <a href=\"https:\/\/centcols.org\/backup\/categorie\/rassemblements\/\" rel=\"category tag\">Rencontres r\u00e9gionales<\/a>","author_info_v2":{"name":"Guy Harl\u00e9","url":"https:\/\/centcols.org\/backup\/author\/5193\/"},"comments_num_v2":"0 commentaire","featured_image_src":null,"_links":{"self":[{"href":"https:\/\/centcols.org\/backup\/wp-json\/wp\/v2\/posts\/24021"}],"collection":[{"href":"https:\/\/centcols.org\/backup\/wp-json\/wp\/v2\/posts"}],"about":[{"href":"https:\/\/centcols.org\/backup\/wp-json\/wp\/v2\/types\/post"}],"author":[{"embeddable":true,"href":"https:\/\/centcols.org\/backup\/wp-json\/wp\/v2\/users\/147"}],"replies":[{"embeddable":true,"href":"https:\/\/centcols.org\/backup\/wp-json\/wp\/v2\/comments?post=24021"}],"version-history":[{"count":0,"href":"https:\/\/centcols.org\/backup\/wp-json\/wp\/v2\/posts\/24021\/revisions"}],"wp:attachment":[{"href":"https:\/\/centcols.org\/backup\/wp-json\/wp\/v2\/media?parent=24021"}],"wp:term":[{"taxonomy":"category","embeddable":true,"href":"https:\/\/centcols.org\/backup\/wp-json\/wp\/v2\/categories?post=24021"},{"taxonomy":"post_tag","embeddable":true,"href":"https:\/\/centcols.org\/backup\/wp-json\/wp\/v2\/tags?post=24021"}],"curies":[{"name":"wp","href":"https:\/\/api.w.org\/{rel}","templated":true}]}}