





{"id":24526,"date":"2016-10-05T20:55:20","date_gmt":"2016-10-05T18:55:20","guid":{"rendered":"http:\/\/centcols.org\/backup\/?p=24526"},"modified":"2023-06-04T12:49:40","modified_gmt":"2023-06-04T10:49:40","slug":"sejour-de-printemps-2017-ligurie","status":"publish","type":"post","link":"https:\/\/centcols.org\/backup\/sejour-de-printemps-2017-ligurie\/","title":{"rendered":"S\u00e9jour de printemps \u00e0 Ceriale en Ligurie (Italie) du 8 au 15 mai 2017"},"content":{"rendered":"<blockquote>\n<p style=\"text-align: justify;\"><span style=\"color: #ff0000;\">Le s\u00e9jour Ligurie est complet. Les inscriptions qui seront re\u00e7ues\u00a0 seront mises en liste d&#8217;attente, par ordre chronologique de r\u00e9ception.<\/span><\/p>\n<\/blockquote>\n<p style=\"text-align: justify;\">La publication du nouveau catalogue des cols d\u2019Italie en 2016 a \u00e9t\u00e9 \u00e0 l\u2019origine de la mise en \u0153uvre d\u2019un s\u00e9jour de printemps en Italie. Pour des raisons de proximit\u00e9 pour les adh\u00e9rents du club et de climat, la Ligurie a \u00e9t\u00e9 choisie plut\u00f4t que le Pi\u00e9mont encore enneig\u00e9 \u00e0 cette \u00e9poque.<\/p>\n<p style=\"text-align: justify;\">Les dates retenues du 8 au 15 mai sont inhabituelles et dues \u00e0 l\u2019\u00e9lection pr\u00e9sidentielle en France et \u00e0 la p\u00e9riode des vacances de P\u00e2ques en Italie.<\/p>\n<h2 style=\"text-align: justify;\">Pr\u00e9sentation<\/h2>\n<p style=\"text-align: justify;\">La Ligurie est l&#8217;une des 20\u00a0 r\u00e9gions qui constituent l\u2019<em>Italie<\/em>. C\u2019est une bande de terre ayant la forme d\u2019un quartier de lune pris entre la mer M\u00e9diterran\u00e9e et la cha\u00eene de montagnes de l\u2019Apennin.<\/p>\n<p style=\"text-align: justify;\">\n\n\t\t\t\t<div id=\"map_ol3js_1\" class=\"map undefined\" data-map_name=\"undefined\" data-map=\"map_ol3js_1\" style=\"width:100%; max-width:100%; height:450px; display:block; overflow:hidden;border:2px solid grey;\" >\n\t\t\t\t  <div id=\"map_ol3js_1_popup\" class=\"ol-popup\" >\n\t\t\t\t\t<a href=\"#\" id=\"map_ol3js_1_popup-closer\" class=\"ol-popup-closer\"><\/a>\n\t\t\t\t\t<div id=\"map_ol3js_1_popup-content\" ><\/div>\n\t\t\t\t  <\/div>\n\t\t\t\t<\/div>\n\t\t\t\n\t\t\t\t<link rel=\"stylesheet\" href=\"https:\/\/centcols.org\/backup\/wp-content\/plugins\/osm\/js\/OL\/7.1.0\/ol.css?ver=7.1.0\" type=\"text\/css\">\n\t\t\t\t<link rel=\"stylesheet\" href=\"https:\/\/centcols.org\/backup\/wp-content\/plugins\/osm\/css\/osm_map_v3.css?ver=1.0.0\" type=\"text\/css\">\n\t\t\t\t<link rel=\"stylesheet\" href=\"https:\/\/centcols.org\/backup\/wp-content\/plugins\/osm\/css\/osm_map.css?ver=1.0.0\" type=\"text\/css\">\n\t\t\t\t<!-- The line below is only needed for old environments like Internet Explorer and Android 4.x -->\n                                <script src=\"https:\/\/centcols.org\/backup\/wp-content\/plugins\/osm\/js\/polyfill\/v2\/polyfill.min.js?features=requestAnimationFrame,Element.prototype.classList,URL\"><\/script>\n\n\t\t\t\t<script src=\"https:\/\/centcols.org\/backup\/wp-content\/plugins\/osm\/js\/OL\/7.1.0\/ol.js?ver=7.1.0\" type=\"text\/javascript\"><\/script>\n\t\t\t\t<script src=\"https:\/\/centcols.org\/backup\/wp-content\/plugins\/osm\/js\/osm-v3-plugin-lib.js?ver=1.0.0\" type=\"text\/javascript\"><\/script>\n\t\t\t\t<script src=\"https:\/\/centcols.org\/backup\/wp-content\/plugins\/osm\/js\/osm-metabox-events.js?ver=1.0.0\" type=\"text\/javascript\"><\/script>\n\t\t\t\t<script src=\"https:\/\/centcols.org\/backup\/wp-content\/plugins\/osm\/js\/osm-startup-lib.js\" type=\"text\/javascript\"><\/script>\n\t\t\t\t<script type=\"text\/javascript\">\n\t\t\t\t\ttranslations['openlayer'] = \"open layer\";\n\t\t\t\t\ttranslations['openlayerAtStartup'] = \"open layer at startup\";\n\t\t\t\t\ttranslations['generateLink'] = \"link to this map with opened layers\";\n\t\t\t\t\ttranslations['shortDescription'] = \"short description\";\n\t\t\t\t\ttranslations['generatedShortCode'] = \"to get a text control link paste this code in your wordpress editor\";\n\t\t\t\t\ttranslations['closeLayer'] = \"close layer\";\n\t\t\t\t\ttranslations['cantGenerateLink'] = \"put this string in the existing map short code to control this map\";\n\t\t\t  <\/script>\n\n\n\t\t\t  <script type=\"text\/javascript\">\n\t\t\t  vectorM['map_ol3js_1'] = [];\n\t        \n        var raster = getTileLayer(\"osm\",\"NoKey\");\t\t\t\n\n\t\t\t  var map_ol3js_1 = new ol.Map({\n\t\t\t\tinteractions: ol.interaction.defaults.defaults({mouseWheelZoom:false}),\n\t\t\t\tlayers: [raster],\n\t\t\t\ttarget: \"map_ol3js_1\",\n\t\t\t\tview: new ol.View({\n\t\t\t\t  center: ol.proj.transform([8.364,44.181], \"EPSG:4326\", \"EPSG:3857\"),\n\t\t\t\t  zoom: 9\n\t\t\t\t})\n\t\t\t  });\n\t\t\t  addControls2Map(map_ol3js_1,0,0,3,0,5,6,7,0,1);\nosm_addPopupClickhandler(map_ol3js_1,  \"map_ol3js_1\"); \nosm_addMouseHover(map_ol3js_1); <\/script><\/p>\n<p style=\"text-align: justify;\">Elle s\u2019\u00e9tale entre Menton et la Spezia (Vintimille, San Remo, Albenga, Savona, G\u00eanes, Portofino, La Spezia sont les principales villes c\u00f4ti\u00e8res). La Commune de Ceriale est situ\u00e9e entre Sanremo et Savona \u00e0 proximit\u00e9 de la ville d\u2019Albenga, qui est le march\u00e9 aux fleurs le plus important de Ligurie.<\/p>\n<div id='gallery-1' class='gallery galleryid-24526 gallery-columns-3 gallery-size-thumbnail'><dl class='gallery-item'>\n\t\t\t<dt class='gallery-icon landscape'>\n\t\t\t\t<a href='https:\/\/centcols.org\/backup\/wp-content\/uploads\/2016\/10\/Ligurie.png'><img loading=\"lazy\" decoding=\"async\" width=\"300\" height=\"300\" src=\"https:\/\/centcols.org\/backup\/wp-content\/uploads\/2016\/10\/Ligurie-300x300.png\" class=\"attachment-thumbnail size-thumbnail\" alt=\"\" srcset=\"https:\/\/centcols.org\/backup\/wp-content\/uploads\/2016\/10\/Ligurie-300x300.png 300w, https:\/\/centcols.org\/backup\/wp-content\/uploads\/2016\/10\/Ligurie-100x100.png 100w\" sizes=\"(max-width: 300px) 100vw, 300px\" \/><\/a>\n\t\t\t<\/dt><\/dl><dl class='gallery-item'>\n\t\t\t<dt class='gallery-icon landscape'>\n\t\t\t\t<a href='https:\/\/centcols.org\/backup\/wp-content\/uploads\/2016\/10\/Image1.jpg'><img loading=\"lazy\" decoding=\"async\" width=\"300\" height=\"300\" src=\"https:\/\/centcols.org\/backup\/wp-content\/uploads\/2016\/10\/Image1-300x300.jpg\" class=\"attachment-thumbnail size-thumbnail\" alt=\"\" srcset=\"https:\/\/centcols.org\/backup\/wp-content\/uploads\/2016\/10\/Image1-300x300.jpg 300w, https:\/\/centcols.org\/backup\/wp-content\/uploads\/2016\/10\/Image1-100x100.jpg 100w\" sizes=\"(max-width: 300px) 100vw, 300px\" \/><\/a>\n\t\t\t<\/dt><\/dl><dl class='gallery-item'>\n\t\t\t<dt class='gallery-icon landscape'>\n\t\t\t\t<a href='https:\/\/centcols.org\/backup\/wp-content\/uploads\/2016\/10\/City_icon_Noun_Project.svg_.png'><img loading=\"lazy\" decoding=\"async\" width=\"300\" height=\"300\" src=\"https:\/\/centcols.org\/backup\/wp-content\/uploads\/2016\/10\/City_icon_Noun_Project.svg_-300x300.png\" class=\"attachment-thumbnail size-thumbnail\" alt=\"\" srcset=\"https:\/\/centcols.org\/backup\/wp-content\/uploads\/2016\/10\/City_icon_Noun_Project.svg_-300x300.png 300w, https:\/\/centcols.org\/backup\/wp-content\/uploads\/2016\/10\/City_icon_Noun_Project.svg_-100x100.png 100w, https:\/\/centcols.org\/backup\/wp-content\/uploads\/2016\/10\/City_icon_Noun_Project.svg_-600x600.png 600w, https:\/\/centcols.org\/backup\/wp-content\/uploads\/2016\/10\/City_icon_Noun_Project.svg_-500x500.png 500w, https:\/\/centcols.org\/backup\/wp-content\/uploads\/2016\/10\/City_icon_Noun_Project.svg_.png 768w\" sizes=\"(max-width: 300px) 100vw, 300px\" \/><\/a>\n\t\t\t<\/dt><\/dl><br style=\"clear: both\" \/>\n\t\t<\/div>\n\n<h2 style=\"text-align: justify;\"><a href=\"\/les_rendez-vous\/2017\/Ceriale\/geo\/\">Les circuits<\/a><\/h2>\n<p style=\"text-align: justify;\">Comme le s\u00e9jour se tiendra d\u00e9but mai, les jambes des participants auront d\u00e9j\u00e0 pas mal d\u2019heures d\u2019entrainement bien utiles. Les vall\u00e9es sont perpendiculaires \u00e0 la c\u00f4te et communiquent peu, de plus Apennin plonge brutalement dans la mer ce qui provoque des d\u00e9nivel\u00e9es cons\u00e9quentes. Comme le disait Velocio\u00a0: \u00ab\u00a0Il n\u2019y a pas de mauvaise pente, il n\u2019y a que des mauvais braquets\u00a0\u00bb. De par la configuration de la Ligurie, il n\u2019est pas possible d\u2019offrir des parcours en \u00e9toile. Il y aura donc plusieurs d\u00e9placements entre l\u2019h\u00e9bergement et les points de d\u00e9part des parcours. Ainsi ce sera l\u2019occasion de visiter la Riviera italienne et les villes pr\u00e9c\u00e9demment cit\u00e9es riches en histoire.<\/p>\n<p style=\"text-align: justify;\">Il y aura 6 <a href=\"\/membres\/cctours\/tours.php?lieu=Ceriale&amp;an=2017&amp;genre=R\">parcours routiers<\/a> avec des variantes longues ou courtes permettant de franchir 55 cols. Un parcours en extra est propos\u00e9 pour grimper le fameux Poggio. Les <a href=\"\/membres\/cctours\/tours.php?lieu=Ceriale&amp;an=2017&amp;genre=V\">parcours muletiers<\/a> sont nettement moins exigeants physiquement et techniquement qu\u2019\u00e0 Gilette. Les 6 parcours permettront de franchir 85 cols dont certains sur les anciennes pistes militaires sur la fronti\u00e8re franco-italienne.<\/p>\n<h2 style=\"text-align: justify;\">H\u00e9bergement<\/h2>\n<p style=\"text-align: justify;\">L\u2019h\u00e9bergement principal aura pour cadre le village Bungalows \u00ab\u00a0Il Paese di Ciribi\u00a0\u00bb sur la commune de Ceriale comprenant 62 bungalows en construction dure. (Via Asti 50, 17023 Ceriale SV, Italie, +39 0182 992411). Les bungalows sont de diff\u00e9rentes tailles permettant d\u2019accueillir entre 3 et 6 personnes.\u00a0 Les adh\u00e9rents peuvent consulter le site internet <a href=\"http:\/\/www.ciribi.it\/it\" target=\"_blank\" rel=\"noopener\">http:\/\/www.ciribi.it\/it<\/a> pour le visiter virtuellement. Il est situ\u00e9 dans une ancienne oliveraie \u00e0 proximit\u00e9 du Parc Aquatique Le Caravelle. Nous avons n\u00e9goci\u00e9 les prix en pension compl\u00e8te sur la base de 3 personnes par bungalows afin de pr\u00e9server une certaine intimit\u00e9 tout en permettant de satisfaire les nombreuses demandes.<\/p>\n<p style=\"text-align: justify;\">Pour ceux qui souhaitent se rendre en caravane ou camping-car le site offre quelques places mais il est pr\u00e9f\u00e9rable de se rendre au camping voisin \u00ab\u00a0Camping Baciccia\u00a0\u00bb (Via Torino 19, 17023 Ceriale SV, Italie, +39 0182 990743). Il est situ\u00e9 \u00e0 moins de 500 m de l\u2019h\u00e9bergement principal et comprend 90 places de camping, des bungalows et des mobil-homes. Le club ne se charge pas des r\u00e9servations \u00e0 faire individuellement et directement aupr\u00e8s du camping. Pour ceux qui auraient choisi cette solution nous avons n\u00e9goci\u00e9 les prix des repas et pique-nique avec l\u2019h\u00e9bergement principal afin de favoriser la convivialit\u00e9.<\/p>\n<p style=\"text-align: justify;\">G\u00e9rard Birelli, CC 5553<\/p>\n<p style=\"text-align: justify;\"><a href=\"https:\/\/centcols.org\/backup\/wp-content\/uploads\/2021\/11\/Ceriale2017.pdf\">T\u00e9l\u00e9charger la plaquette du s\u00e9jour<\/a><\/p>\n","protected":false},"excerpt":{"rendered":"<p>Le s\u00e9jour Ligurie est complet. Les inscriptions qui seront re\u00e7ues\u00a0 seront mises en liste d&#8217;attente, par ordre chronologique de r\u00e9ception. La publication du nouveau catalogue des cols d\u2019Italie en 2016 a \u00e9t\u00e9 \u00e0 l\u2019origine de la mise en \u0153uvre d\u2019un s\u00e9jour de printemps en Italie. Pour des raisons de proximit\u00e9 pour les adh\u00e9rents du club [&hellip;]<\/p>\n","protected":false},"author":17,"featured_media":0,"comment_status":"closed","ping_status":"closed","sticky":false,"template":"","format":"standard","meta":{"_acf_changed":false,"ub_ctt_via":"","_monsterinsights_skip_tracking":false,"_monsterinsights_sitenote_active":false,"_monsterinsights_sitenote_note":"","_monsterinsights_sitenote_category":0,"footnotes":""},"categories":[35],"tags":[],"acf":[],"featured_image_urls":{"full":"","thumbnail":"","medium":"","medium_large":"","large":"","1536x1536":"","2048x2048":"","woocommerce_thumbnail":"","woocommerce_single":"","woocommerce_gallery_thumbnail":""},"post_excerpt_stackable":"<p>Le s\u00e9jour Ligurie est complet. Les inscriptions qui seront re\u00e7ues\u00a0 seront mises en liste d&#8217;attente, par ordre chronologique de r\u00e9ception. La publication du nouveau catalogue des cols d\u2019Italie en 2016 a \u00e9t\u00e9 \u00e0 l\u2019origine de la mise en \u0153uvre d\u2019un s\u00e9jour de printemps en Italie. Pour des raisons de proximit\u00e9 pour les adh\u00e9rents du club et de climat, la Ligurie a \u00e9t\u00e9 choisie plut\u00f4t que le Pi\u00e9mont encore enneig\u00e9 \u00e0 cette \u00e9poque. Les dates retenues du 8 au 15 mai sont inhabituelles et dues \u00e0 l\u2019\u00e9lection pr\u00e9sidentielle en France et \u00e0 la p\u00e9riode des vacances de P\u00e2ques en Italie. Pr\u00e9sentation\u2026<\/p>\n","category_list":"<a href=\"https:\/\/centcols.org\/backup\/categorie\/sejours\/\" rel=\"category tag\">S\u00e9jours<\/a>","author_info":{"display_name":"R\u00e9gis Paraz","author_link":"https:\/\/centcols.org\/backup\/author\/3225\/"},"comments_num":"0 commentaire","featured_image_urls_v2":{"full":"","thumbnail":"","medium":"","medium_large":"","large":"","1536x1536":"","2048x2048":"","woocommerce_thumbnail":"","woocommerce_single":"","woocommerce_gallery_thumbnail":""},"post_excerpt_stackable_v2":"<p>Le s\u00e9jour Ligurie est complet. Les inscriptions qui seront re\u00e7ues\u00a0 seront mises en liste d&#8217;attente, par ordre chronologique de r\u00e9ception. La publication du nouveau catalogue des cols d\u2019Italie en 2016 a \u00e9t\u00e9 \u00e0 l\u2019origine de la mise en \u0153uvre d\u2019un s\u00e9jour de printemps en Italie. Pour des raisons de proximit\u00e9 pour les adh\u00e9rents du club et de climat, la Ligurie a \u00e9t\u00e9 choisie plut\u00f4t que le Pi\u00e9mont encore enneig\u00e9 \u00e0 cette \u00e9poque. Les dates retenues du 8 au 15 mai sont inhabituelles et dues \u00e0 l\u2019\u00e9lection pr\u00e9sidentielle en France et \u00e0 la p\u00e9riode des vacances de P\u00e2ques en Italie. Pr\u00e9sentation\u2026<\/p>\n","category_list_v2":"<a href=\"https:\/\/centcols.org\/backup\/categorie\/sejours\/\" rel=\"category tag\">S\u00e9jours<\/a>","author_info_v2":{"name":"R\u00e9gis Paraz","url":"https:\/\/centcols.org\/backup\/author\/3225\/"},"comments_num_v2":"0 commentaire","featured_image_src":null,"_links":{"self":[{"href":"https:\/\/centcols.org\/backup\/wp-json\/wp\/v2\/posts\/24526"}],"collection":[{"href":"https:\/\/centcols.org\/backup\/wp-json\/wp\/v2\/posts"}],"about":[{"href":"https:\/\/centcols.org\/backup\/wp-json\/wp\/v2\/types\/post"}],"author":[{"embeddable":true,"href":"https:\/\/centcols.org\/backup\/wp-json\/wp\/v2\/users\/17"}],"replies":[{"embeddable":true,"href":"https:\/\/centcols.org\/backup\/wp-json\/wp\/v2\/comments?post=24526"}],"version-history":[{"count":0,"href":"https:\/\/centcols.org\/backup\/wp-json\/wp\/v2\/posts\/24526\/revisions"}],"wp:attachment":[{"href":"https:\/\/centcols.org\/backup\/wp-json\/wp\/v2\/media?parent=24526"}],"wp:term":[{"taxonomy":"category","embeddable":true,"href":"https:\/\/centcols.org\/backup\/wp-json\/wp\/v2\/categories?post=24526"},{"taxonomy":"post_tag","embeddable":true,"href":"https:\/\/centcols.org\/backup\/wp-json\/wp\/v2\/tags?post=24526"}],"curies":[{"name":"wp","href":"https:\/\/api.w.org\/{rel}","templated":true}]}}