{"id":24695,"date":"2016-12-15T14:24:47","date_gmt":"2016-12-15T13:24:47","guid":{"rendered":"http:\/\/centcols.org\/backup\/?p=24695"},"modified":"2017-01-24T19:04:36","modified_gmt":"2017-01-24T18:04:36","slug":"henri-dusseau-recompense","status":"publish","type":"post","link":"https:\/\/centcols.org\/backup\/henri-dusseau-recompense\/","title":{"rendered":"Henri Dusseau r\u00e9compens\u00e9"},"content":{"rendered":"<p style=\"text-align: justify;\"><strong>La m\u00e9daille d\u2019or de la jeunesse et des sports a \u00e9t\u00e9 attribu\u00e9e \u00e0 Henri Dusseau en reconnaissance de son long pass\u00e9 dans le monde associatif<\/strong><strong>. Le Club des Cent Cols s\u2019associe aux nombreux t\u00e9moignages qu\u2019il a re\u00e7us \u00e0 cette occasion.<br \/>\n<\/strong><\/p>\n<div id=\"attachment_24698\" style=\"width: 810px\" class=\"wp-caption aligncenter\"><a href=\"https:\/\/centcols.org\/backup\/wp-content\/uploads\/2016\/12\/henridusseau.jpg\" rel=\"attachment wp-att-24698\"><img loading=\"lazy\" decoding=\"async\" aria-describedby=\"caption-attachment-24698\" class=\"size-full wp-image-24698\" src=\"https:\/\/centcols.org\/backup\/wp-content\/uploads\/2016\/12\/henridusseau.jpg\" alt=\"Henri Dusseau, entre Brigitte et Dominique Lamouller, fait partager son \u00e9motion aux repr\u00e9sentants des structures f\u00e9d\u00e9rales pr\u00e9sents \u00e0 l\u2019Assembl\u00e9e g\u00e9n\u00e9rale.\" width=\"800\" height=\"600\" srcset=\"https:\/\/centcols.org\/backup\/wp-content\/uploads\/2016\/12\/henridusseau.jpg 800w, https:\/\/centcols.org\/backup\/wp-content\/uploads\/2016\/12\/henridusseau-600x450.jpg 600w, https:\/\/centcols.org\/backup\/wp-content\/uploads\/2016\/12\/henridusseau-500x375.jpg 500w, https:\/\/centcols.org\/backup\/wp-content\/uploads\/2016\/12\/henridusseau-768x576.jpg 768w\" sizes=\"(max-width: 800px) 100vw, 800px\" \/><\/a><p id=\"caption-attachment-24698\" class=\"wp-caption-text\">Henri Dusseau, entre Brigitte et Dominique Lamouller, fait partager son \u00e9motion aux repr\u00e9sentants des structures f\u00e9d\u00e9rales pr\u00e9sents \u00e0 l\u2019Assembl\u00e9e g\u00e9n\u00e9rale.<\/p><\/div>\n<p style=\"text-align: justify;\">A Colmar, au cours de l\u2019Assembl\u00e9e g\u00e9n\u00e9rale de la F\u00e9d\u00e9ration Fran\u00e7aise de Cyclotourisme, Henri Dusseau a re\u00e7u des mains de Dominique Lamouller, la m\u00e9daille d\u2019or de la jeunesse, des sports et de l\u2019engagement associatif. Cette distinction nationale, attribu\u00e9e par le ministre, r\u00e9compense des ann\u00e9es de b\u00e9n\u00e9volat au service de ses concitoyens.<\/p>\n<p style=\"text-align: justify;\">Si notre pr\u00e9sident f\u00e9d\u00e9ral a insist\u00e9 sur l\u2019engagement d\u2019Henri Dusseau au sein des instances nationales de la FFCT, nous retiendrons son action au sein du Club des Cent Cols. Son nom appara\u00eet \u00e0 l\u2019ann\u00e9e 1981 dans l\u2019histoire de notre confr\u00e9rie, il en devient alors le secr\u00e9taire, titre auquel sera ajout\u00e9 celui de \u00ab\u00a0G\u00e9n\u00e9ral-secr\u00e9taire\u00a0\u00bb (!!!) en 1983\u00a0!<\/p>\n<p style=\"text-align: justify;\">En 2003, il est proclam\u00e9 Pr\u00e9sident \u00ab\u00a0Honoris causa\u00a0\u00bb du Club des Cent Cols. Tout naturellement, on retrouve son nom en 2012 pour les 40 ans de la confr\u00e9rie. Avec Jean Perdoux, ils mettent sur pied l\u2019Assembl\u00e9e g\u00e9n\u00e9rale \u00e0 Annecy\u00a0et font para\u00eetre le livre \u00ab\u00a01972 \u2013 2012, 40 ans d\u2019histoire !\u00a0\u00bb.<\/p>\n<p style=\"text-align: justify;\">Aujourd\u2019hui, Henri Dusseau se pla\u00eet \u00e0 accueillir et faire d\u00e9buter les personnes qui d\u00e9couvrent le cyclotourisme. Toujours pr\u00eat \u00e0 s\u2019engager.<\/p>\n<p style=\"text-align: justify;\">Georges Golse<\/p>\n","protected":false},"excerpt":{"rendered":"<p>La m\u00e9daille d\u2019or de la jeunesse et des sports a \u00e9t\u00e9 attribu\u00e9e \u00e0 Henri Dusseau en reconnaissance de son long pass\u00e9 dans le monde associatif. Le Club des Cent Cols s\u2019associe aux nombreux t\u00e9moignages qu\u2019il a re\u00e7us \u00e0 cette occasion. A Colmar, au cours de l\u2019Assembl\u00e9e g\u00e9n\u00e9rale de la F\u00e9d\u00e9ration Fran\u00e7aise de Cyclotourisme, Henri Dusseau [&hellip;]<\/p>\n","protected":false},"author":17,"featured_media":0,"comment_status":"closed","ping_status":"closed","sticky":false,"template":"","format":"standard","meta":{"_acf_changed":false,"ub_ctt_via":"","_monsterinsights_skip_tracking":false,"_monsterinsights_sitenote_active":false,"_monsterinsights_sitenote_note":"","_monsterinsights_sitenote_category":0,"footnotes":""},"categories":[123],"tags":[],"acf":[],"featured_image_urls":{"full":"","thumbnail":"","medium":"","medium_large":"","large":"","1536x1536":"","2048x2048":"","woocommerce_thumbnail":"","woocommerce_single":"","woocommerce_gallery_thumbnail":""},"post_excerpt_stackable":"<p>La m\u00e9daille d\u2019or de la jeunesse et des sports a \u00e9t\u00e9 attribu\u00e9e \u00e0 Henri Dusseau en reconnaissance de son long pass\u00e9 dans le monde associatif. Le Club des Cent Cols s\u2019associe aux nombreux t\u00e9moignages qu\u2019il a re\u00e7us \u00e0 cette occasion. Henri Dusseau, entre Brigitte et Dominique Lamouller, fait partager son \u00e9motion aux repr\u00e9sentants des structures f\u00e9d\u00e9rales pr\u00e9sents \u00e0 l\u2019Assembl\u00e9e g\u00e9n\u00e9rale. A Colmar, au cours de l\u2019Assembl\u00e9e g\u00e9n\u00e9rale de la F\u00e9d\u00e9ration Fran\u00e7aise de Cyclotourisme, Henri Dusseau a re\u00e7u des mains de Dominique Lamouller, la m\u00e9daille d\u2019or de la jeunesse, des sports et de l\u2019engagement associatif. Cette distinction nationale, attribu\u00e9e par le\u2026<\/p>\n","category_list":"<a href=\"https:\/\/centcols.org\/backup\/categorie\/articles-de-presse\/2016\/\" rel=\"category tag\">2016<\/a>","author_info":{"display_name":"R\u00e9gis Paraz","author_link":"https:\/\/centcols.org\/backup\/author\/3225\/"},"comments_num":"0 commentaire","featured_image_urls_v2":{"full":"","thumbnail":"","medium":"","medium_large":"","large":"","1536x1536":"","2048x2048":"","woocommerce_thumbnail":"","woocommerce_single":"","woocommerce_gallery_thumbnail":""},"post_excerpt_stackable_v2":"<p>La m\u00e9daille d\u2019or de la jeunesse et des sports a \u00e9t\u00e9 attribu\u00e9e \u00e0 Henri Dusseau en reconnaissance de son long pass\u00e9 dans le monde associatif. Le Club des Cent Cols s\u2019associe aux nombreux t\u00e9moignages qu\u2019il a re\u00e7us \u00e0 cette occasion. Henri Dusseau, entre Brigitte et Dominique Lamouller, fait partager son \u00e9motion aux repr\u00e9sentants des structures f\u00e9d\u00e9rales pr\u00e9sents \u00e0 l\u2019Assembl\u00e9e g\u00e9n\u00e9rale. A Colmar, au cours de l\u2019Assembl\u00e9e g\u00e9n\u00e9rale de la F\u00e9d\u00e9ration Fran\u00e7aise de Cyclotourisme, Henri Dusseau a re\u00e7u des mains de Dominique Lamouller, la m\u00e9daille d\u2019or de la jeunesse, des sports et de l\u2019engagement associatif. Cette distinction nationale, attribu\u00e9e par le\u2026<\/p>\n","category_list_v2":"<a href=\"https:\/\/centcols.org\/backup\/categorie\/articles-de-presse\/2016\/\" rel=\"category tag\">2016<\/a>","author_info_v2":{"name":"R\u00e9gis Paraz","url":"https:\/\/centcols.org\/backup\/author\/3225\/"},"comments_num_v2":"0 commentaire","featured_image_src":null,"_links":{"self":[{"href":"https:\/\/centcols.org\/backup\/wp-json\/wp\/v2\/posts\/24695"}],"collection":[{"href":"https:\/\/centcols.org\/backup\/wp-json\/wp\/v2\/posts"}],"about":[{"href":"https:\/\/centcols.org\/backup\/wp-json\/wp\/v2\/types\/post"}],"author":[{"embeddable":true,"href":"https:\/\/centcols.org\/backup\/wp-json\/wp\/v2\/users\/17"}],"replies":[{"embeddable":true,"href":"https:\/\/centcols.org\/backup\/wp-json\/wp\/v2\/comments?post=24695"}],"version-history":[{"count":0,"href":"https:\/\/centcols.org\/backup\/wp-json\/wp\/v2\/posts\/24695\/revisions"}],"wp:attachment":[{"href":"https:\/\/centcols.org\/backup\/wp-json\/wp\/v2\/media?parent=24695"}],"wp:term":[{"taxonomy":"category","embeddable":true,"href":"https:\/\/centcols.org\/backup\/wp-json\/wp\/v2\/categories?post=24695"},{"taxonomy":"post_tag","embeddable":true,"href":"https:\/\/centcols.org\/backup\/wp-json\/wp\/v2\/tags?post=24695"}],"curies":[{"name":"wp","href":"https:\/\/api.w.org\/{rel}","templated":true}]}}