{"id":24711,"date":"2016-12-20T22:14:10","date_gmt":"2016-12-20T21:14:10","guid":{"rendered":"http:\/\/centcols.org\/backup\/?p=24711"},"modified":"2023-06-04T12:47:24","modified_gmt":"2023-06-04T10:47:24","slug":"sejour-2017-bielle","status":"publish","type":"post","link":"https:\/\/centcols.org\/backup\/sejour-2017-bielle\/","title":{"rendered":"S\u00e9jour estival \u00e0 Bielle (Pyr\u00e9n\u00e9es-Atlantiques) du 13 au 20 ao\u00fbt 2017"},"content":{"rendered":"<p>Ont contribu\u00e9 \u00e0 cette page de pr\u00e9sentation du s\u00e9jour Alain Gillodes, Chantal Sala, Patrick Schleppi et R\u00e9gis Paraz<\/p>\n<div id=\"attachment_25090\" style=\"width: 1034px\" class=\"wp-caption aligncenter\"><a href=\"https:\/\/centcols.org\/backup\/wp-content\/uploads\/2017\/04\/picdumidipssau.jpg\"><img loading=\"lazy\" decoding=\"async\" aria-describedby=\"caption-attachment-25090\" class=\"wp-image-25090 size-full\" src=\"https:\/\/centcols.org\/backup\/wp-content\/uploads\/2017\/04\/picdumidipssau.jpg\" alt=\"\" width=\"1024\" height=\"575\" srcset=\"https:\/\/centcols.org\/backup\/wp-content\/uploads\/2017\/04\/picdumidipssau.jpg 1024w, https:\/\/centcols.org\/backup\/wp-content\/uploads\/2017\/04\/picdumidipssau-600x337.jpg 600w, https:\/\/centcols.org\/backup\/wp-content\/uploads\/2017\/04\/picdumidipssau-500x281.jpg 500w, https:\/\/centcols.org\/backup\/wp-content\/uploads\/2017\/04\/picdumidipssau-768x431.jpg 768w\" sizes=\"(max-width: 1024px) 100vw, 1024px\" \/><\/a><p id=\"caption-attachment-25090\" class=\"wp-caption-text\">Pic du Midi d&#8217;Ossau (photo Alain Gillodes)<\/p><\/div>\n<p style=\"text-align: justify;\"><span class=\"content_editable\"><span class=\"global_colour_2 _caption_text_color local_font_2 _fcaption_text_font\" style=\"color: #222222; font-family: Georgia,Times New Roman,Times,serif; font-size: medium;\">Le s\u00e9jour d\u2019\u00e9t\u00e9 2017 est programm\u00e9 dans les Pyr\u00e9n\u00e9es-Atlantiques, au village de vacances Arriu Mage, du nom d\u2019un des ruisseaux qui traverse Bielle, petit village en vall\u00e9e d\u2019Ossau dans le Haut-B\u00e9arn, \u00e0 450 m d\u2019altitude.<br \/>\nCe s\u00e9jour, pr\u00e9par\u00e9 par Alain Gillodes (cc n\u00b0722) et Chantal Sala (cc n\u00b03674) vous permettra de d\u00e9couvrir \u00e9ventuellement deux r\u00e9gions, le B\u00e9arn et le Pays Basque avec le Parc National des Pyr\u00e9n\u00e9es et les pics du Midi de Bigorre et d\u2019Ossau.<br \/>\nNotre concentration se tiendra au Col du Porteigt (875 m), sur le plateau du B\u00e9nou, le samedi 19 ao\u00fbt.<\/span><\/span><\/p>\n","protected":false},"excerpt":{"rendered":"<p>Ont contribu\u00e9 \u00e0 cette page de pr\u00e9sentation du s\u00e9jour Alain Gillodes, Chantal Sala, Patrick Schleppi et R\u00e9gis Paraz Le s\u00e9jour d\u2019\u00e9t\u00e9 2017 est programm\u00e9 dans les Pyr\u00e9n\u00e9es-Atlantiques, au village de vacances Arriu Mage, du nom d\u2019un des ruisseaux qui traverse Bielle, petit village en vall\u00e9e d\u2019Ossau dans le Haut-B\u00e9arn, \u00e0 450 m d\u2019altitude. Ce s\u00e9jour, [&hellip;]<\/p>\n","protected":false},"author":17,"featured_media":0,"comment_status":"closed","ping_status":"closed","sticky":false,"template":"","format":"standard","meta":{"_acf_changed":false,"ub_ctt_via":"","_monsterinsights_skip_tracking":false,"_monsterinsights_sitenote_active":false,"_monsterinsights_sitenote_note":"","_monsterinsights_sitenote_category":0,"footnotes":""},"categories":[35],"tags":[],"acf":[],"featured_image_urls":{"full":"","thumbnail":"","medium":"","medium_large":"","large":"","1536x1536":"","2048x2048":"","woocommerce_thumbnail":"","woocommerce_single":"","woocommerce_gallery_thumbnail":""},"post_excerpt_stackable":"<p>Ont contribu\u00e9 \u00e0 cette page de pr\u00e9sentation du s\u00e9jour Alain Gillodes, Chantal Sala, Patrick Schleppi et R\u00e9gis Paraz Pic du Midi d&#8217;Ossau (photo Alain Gillodes) Le s\u00e9jour d\u2019\u00e9t\u00e9 2017 est programm\u00e9 dans les Pyr\u00e9n\u00e9es-Atlantiques, au village de vacances Arriu Mage, du nom d\u2019un des ruisseaux qui traverse Bielle, petit village en vall\u00e9e d\u2019Ossau dans le Haut-B\u00e9arn, \u00e0 450 m d\u2019altitude. Ce s\u00e9jour, pr\u00e9par\u00e9 par Alain Gillodes (cc n\u00b0722) et Chantal Sala (cc n\u00b03674) vous permettra de d\u00e9couvrir \u00e9ventuellement deux r\u00e9gions, le B\u00e9arn et le Pays Basque avec le Parc National des Pyr\u00e9n\u00e9es et les pics du Midi de Bigorre et\u2026<\/p>\n","category_list":"<a href=\"https:\/\/centcols.org\/backup\/categorie\/sejours\/\" rel=\"category tag\">S\u00e9jours<\/a>","author_info":{"display_name":"R\u00e9gis Paraz","author_link":"https:\/\/centcols.org\/backup\/author\/3225\/"},"comments_num":"0 commentaire","featured_image_urls_v2":{"full":"","thumbnail":"","medium":"","medium_large":"","large":"","1536x1536":"","2048x2048":"","woocommerce_thumbnail":"","woocommerce_single":"","woocommerce_gallery_thumbnail":""},"post_excerpt_stackable_v2":"<p>Ont contribu\u00e9 \u00e0 cette page de pr\u00e9sentation du s\u00e9jour Alain Gillodes, Chantal Sala, Patrick Schleppi et R\u00e9gis Paraz Pic du Midi d&#8217;Ossau (photo Alain Gillodes) Le s\u00e9jour d\u2019\u00e9t\u00e9 2017 est programm\u00e9 dans les Pyr\u00e9n\u00e9es-Atlantiques, au village de vacances Arriu Mage, du nom d\u2019un des ruisseaux qui traverse Bielle, petit village en vall\u00e9e d\u2019Ossau dans le Haut-B\u00e9arn, \u00e0 450 m d\u2019altitude. Ce s\u00e9jour, pr\u00e9par\u00e9 par Alain Gillodes (cc n\u00b0722) et Chantal Sala (cc n\u00b03674) vous permettra de d\u00e9couvrir \u00e9ventuellement deux r\u00e9gions, le B\u00e9arn et le Pays Basque avec le Parc National des Pyr\u00e9n\u00e9es et les pics du Midi de Bigorre et\u2026<\/p>\n","category_list_v2":"<a href=\"https:\/\/centcols.org\/backup\/categorie\/sejours\/\" rel=\"category tag\">S\u00e9jours<\/a>","author_info_v2":{"name":"R\u00e9gis Paraz","url":"https:\/\/centcols.org\/backup\/author\/3225\/"},"comments_num_v2":"0 commentaire","featured_image_src":null,"_links":{"self":[{"href":"https:\/\/centcols.org\/backup\/wp-json\/wp\/v2\/posts\/24711"}],"collection":[{"href":"https:\/\/centcols.org\/backup\/wp-json\/wp\/v2\/posts"}],"about":[{"href":"https:\/\/centcols.org\/backup\/wp-json\/wp\/v2\/types\/post"}],"author":[{"embeddable":true,"href":"https:\/\/centcols.org\/backup\/wp-json\/wp\/v2\/users\/17"}],"replies":[{"embeddable":true,"href":"https:\/\/centcols.org\/backup\/wp-json\/wp\/v2\/comments?post=24711"}],"version-history":[{"count":0,"href":"https:\/\/centcols.org\/backup\/wp-json\/wp\/v2\/posts\/24711\/revisions"}],"wp:attachment":[{"href":"https:\/\/centcols.org\/backup\/wp-json\/wp\/v2\/media?parent=24711"}],"wp:term":[{"taxonomy":"category","embeddable":true,"href":"https:\/\/centcols.org\/backup\/wp-json\/wp\/v2\/categories?post=24711"},{"taxonomy":"post_tag","embeddable":true,"href":"https:\/\/centcols.org\/backup\/wp-json\/wp\/v2\/tags?post=24711"}],"curies":[{"name":"wp","href":"https:\/\/api.w.org\/{rel}","templated":true}]}}