{"id":24958,"date":"2017-03-07T11:00:01","date_gmt":"2017-03-07T10:00:01","guid":{"rendered":"http:\/\/centcols.org\/backup\/?p=24958"},"modified":"2017-06-03T20:20:12","modified_gmt":"2017-06-03T18:20:12","slug":"concentration-regionale-alpes-du-nord-2017","status":"publish","type":"post","link":"https:\/\/centcols.org\/backup\/concentration-regionale-alpes-du-nord-2017\/","title":{"rendered":"Concentration r\u00e9gionale Alpes du Nord au col de la Croisette le 24 juin 2017"},"content":{"rendered":"<p>Samedi 24 juin 2017, Alpes du Nord<br \/>\nCol de la Croisette, 1176 m (Haute-Savoie)<\/p>\n<p>C&#8217;est sur ce promontoire situ\u00e9 \u00e0 pr\u00e8s de 1200 m que vous serez accueillis \u00e0 partir de 11 h<br \/>\nCela vous laissera le temps d&#8217;admirer le paysage : au nord, le Jura, la Suisse et le lac L\u00e9man, au sud, le massif des Bornes avec en fond toute la cha\u00eene du Mont Blanc<\/p>\n<p>Un d\u00e9part group\u00e9 se fera \u00e0 partir du lac des Droni\u00e8res \u00e0 Cruseilles. Rendez-vous \u00e0 partir de 8 h 15 pour un d\u00e9part entre 8 h 45 et 9 h<\/p>\n<h3>Circuits<\/h3>\n<p><strong>Route :<\/strong> Mont\u00e9e par la D 41a, c&#8217;est l&#8217;itin\u00e9raire le plus facile au d\u00e9part de Cruseilles<br \/>\n<strong>VTT :<\/strong> Il est possible de monter en empruntant des pistes foresti\u00e8res en \u00e9vitant au maximum la route goudronn\u00e9e. Le parcours se fait en partie sur la cr\u00eate du Sal\u00e8ve, avec vue panoramique sur Gen\u00e8ve et le L\u00e9man \u00e0 gauche et le massif du Mont Blanc \u00e0 droite. \u00a0 \u00a0<a href=\"https:\/\/centcols.org\/backup\/wp-content\/uploads\/2017\/03\/Trace-Croisette-VTT.zip\">Trace-Croisette-VTT<\/a><\/p>\n<p>Au programme, tout ou partie des cols des Convers, des Pitons, de la Croisette, du Mont Sion, Pas de l&#8217;Echelle, du Chatillon, et col surprise de l&#8217;additif 2017<\/p>\n<h3>Contact<\/h3>\n<p>Guy Harl\u00e9<br \/>\n04 50 60 67 27 &#8211; 06 77 11 17 03<br \/>\n<a href=\"m&#97;&#105;l&#116;&#111;:g&#117;&#121;.harle&#64;&#103;ma&#105;&#108;.c&#111;&#109;\">&#103;&#117;&#121;&#46;&#104;&#97;r&#108;e&#64;g&#109;&#97;i&#108;&#46;&#99;&#111;m<\/a><\/p>\n","protected":false},"excerpt":{"rendered":"<p>Samedi 24 juin 2017, Alpes du Nord Col de la Croisette, 1176 m (Haute-Savoie) C&#8217;est sur ce promontoire situ\u00e9 \u00e0 pr\u00e8s de 1200 m que vous serez accueillis \u00e0 partir de 11 h Cela vous laissera le temps d&#8217;admirer le paysage : au nord, le Jura, la Suisse et le lac L\u00e9man, au sud, le [&hellip;]<\/p>\n","protected":false},"author":147,"featured_media":0,"comment_status":"closed","ping_status":"closed","sticky":false,"template":"","format":"standard","meta":{"_acf_changed":false,"ub_ctt_via":"","_monsterinsights_skip_tracking":false,"_monsterinsights_sitenote_active":false,"_monsterinsights_sitenote_note":"","_monsterinsights_sitenote_category":0,"footnotes":""},"categories":[125,7],"tags":[],"acf":[],"featured_image_urls":{"full":"","thumbnail":"","medium":"","medium_large":"","large":"","1536x1536":"","2048x2048":"","woocommerce_thumbnail":"","woocommerce_single":"","woocommerce_gallery_thumbnail":""},"post_excerpt_stackable":"<p>Samedi 24 juin 2017, Alpes du Nord Col de la Croisette, 1176 m (Haute-Savoie) C&#8217;est sur ce promontoire situ\u00e9 \u00e0 pr\u00e8s de 1200 m que vous serez accueillis \u00e0 partir de 11 h Cela vous laissera le temps d&#8217;admirer le paysage : au nord, le Jura, la Suisse et le lac L\u00e9man, au sud, le massif des Bornes avec en fond toute la cha\u00eene du Mont Blanc Un d\u00e9part group\u00e9 se fera \u00e0 partir du lac des Droni\u00e8res \u00e0 Cruseilles. Rendez-vous \u00e0 partir de 8 h 15 pour un d\u00e9part entre 8 h 45 et 9 h Circuits Route :\u2026<\/p>\n","category_list":"<a href=\"https:\/\/centcols.org\/backup\/categorie\/rassemblements\/rassemblements-2017\/\" rel=\"category tag\">Les rassemblements de 2017<\/a>, <a href=\"https:\/\/centcols.org\/backup\/categorie\/rassemblements\/\" rel=\"category tag\">Rencontres r\u00e9gionales<\/a>","author_info":{"display_name":"Guy Harl\u00e9","author_link":"https:\/\/centcols.org\/backup\/author\/5193\/"},"comments_num":"0 commentaire","featured_image_urls_v2":{"full":"","thumbnail":"","medium":"","medium_large":"","large":"","1536x1536":"","2048x2048":"","woocommerce_thumbnail":"","woocommerce_single":"","woocommerce_gallery_thumbnail":""},"post_excerpt_stackable_v2":"<p>Samedi 24 juin 2017, Alpes du Nord Col de la Croisette, 1176 m (Haute-Savoie) C&#8217;est sur ce promontoire situ\u00e9 \u00e0 pr\u00e8s de 1200 m que vous serez accueillis \u00e0 partir de 11 h Cela vous laissera le temps d&#8217;admirer le paysage : au nord, le Jura, la Suisse et le lac L\u00e9man, au sud, le massif des Bornes avec en fond toute la cha\u00eene du Mont Blanc Un d\u00e9part group\u00e9 se fera \u00e0 partir du lac des Droni\u00e8res \u00e0 Cruseilles. Rendez-vous \u00e0 partir de 8 h 15 pour un d\u00e9part entre 8 h 45 et 9 h Circuits Route :\u2026<\/p>\n","category_list_v2":"<a href=\"https:\/\/centcols.org\/backup\/categorie\/rassemblements\/rassemblements-2017\/\" rel=\"category tag\">Les rassemblements de 2017<\/a>, <a href=\"https:\/\/centcols.org\/backup\/categorie\/rassemblements\/\" rel=\"category tag\">Rencontres r\u00e9gionales<\/a>","author_info_v2":{"name":"Guy Harl\u00e9","url":"https:\/\/centcols.org\/backup\/author\/5193\/"},"comments_num_v2":"0 commentaire","featured_image_src":null,"_links":{"self":[{"href":"https:\/\/centcols.org\/backup\/wp-json\/wp\/v2\/posts\/24958"}],"collection":[{"href":"https:\/\/centcols.org\/backup\/wp-json\/wp\/v2\/posts"}],"about":[{"href":"https:\/\/centcols.org\/backup\/wp-json\/wp\/v2\/types\/post"}],"author":[{"embeddable":true,"href":"https:\/\/centcols.org\/backup\/wp-json\/wp\/v2\/users\/147"}],"replies":[{"embeddable":true,"href":"https:\/\/centcols.org\/backup\/wp-json\/wp\/v2\/comments?post=24958"}],"version-history":[{"count":0,"href":"https:\/\/centcols.org\/backup\/wp-json\/wp\/v2\/posts\/24958\/revisions"}],"wp:attachment":[{"href":"https:\/\/centcols.org\/backup\/wp-json\/wp\/v2\/media?parent=24958"}],"wp:term":[{"taxonomy":"category","embeddable":true,"href":"https:\/\/centcols.org\/backup\/wp-json\/wp\/v2\/categories?post=24958"},{"taxonomy":"post_tag","embeddable":true,"href":"https:\/\/centcols.org\/backup\/wp-json\/wp\/v2\/tags?post=24958"}],"curies":[{"name":"wp","href":"https:\/\/api.w.org\/{rel}","templated":true}]}}