{"id":24960,"date":"2017-03-07T14:00:13","date_gmt":"2017-03-07T13:00:13","guid":{"rendered":"http:\/\/centcols.org\/backup\/?p=24960"},"modified":"2017-05-23T16:36:15","modified_gmt":"2017-05-23T14:36:15","slug":"concentration-regionale-suisse-zollhaus","status":"publish","type":"post","link":"https:\/\/centcols.org\/backup\/concentration-regionale-suisse-zollhaus\/","title":{"rendered":"Concentration r\u00e9gionale Suisse, Zollhaus 5 ao\u00fbt 2017"},"content":{"rendered":"<p>Samedi 5 ao\u00fbt 2017, Suisse, Zollhaus<\/p>\n<h3>13e Concentration des Cent Cols Suisse<\/h3>\n<p>Rendez-vous au parking juste au Nord de Zollhaus (depuis Fribourg direction Schwarzsee) \u00e0 8h30 pour le caf\u00e9, d\u00e9part \u00e0 9h00<br \/>\n4 cols, 40 km, 1300 m de d\u00e9nivel\u00e9<\/p>\n<p><a href=\"https:\/\/centcols.org\/backup\/wp-content\/uploads\/2017\/03\/Zollhaus.jpg\"><img loading=\"lazy\" decoding=\"async\" class=\"alignnone size-medium wp-image-25027\" src=\"https:\/\/centcols.org\/backup\/wp-content\/uploads\/2017\/03\/Zollhaus-500x348.jpg\" alt=\"\" width=\"500\" height=\"348\" srcset=\"https:\/\/centcols.org\/backup\/wp-content\/uploads\/2017\/03\/Zollhaus-500x348.jpg 500w, https:\/\/centcols.org\/backup\/wp-content\/uploads\/2017\/03\/Zollhaus-600x417.jpg 600w, https:\/\/centcols.org\/backup\/wp-content\/uploads\/2017\/03\/Zollhaus.jpg 741w\" sizes=\"(max-width: 500px) 100vw, 500px\" \/><\/a><\/p>\n<h3>Contact<\/h3>\n<p>Alain Besson<br \/>\nchemin des Coumenets 11<br \/>\n1000 Lausanne<\/p>\n<p>T\u00e9l.: +41 21 544 85 20, mobile: +41 79 605 36 30<br \/>\n<a href=\"mai&#108;to&#58;&#97;&#49;b&#101;sson&#64;&#103;m&#97;i&#108;.&#99;&#111;&#109;\">&#97;1&#98;&#101;&#115;&#115;&#111;&#110;&#64;gmai&#108;.com<\/a><\/p>\n","protected":false},"excerpt":{"rendered":"<p>Samedi 5 ao\u00fbt 2017, Suisse, Zollhaus 13e Concentration des Cent Cols Suisse Rendez-vous au parking juste au Nord de Zollhaus (depuis Fribourg direction Schwarzsee) \u00e0 8h30 pour le caf\u00e9, d\u00e9part \u00e0 9h00 4 cols, 40 km, 1300 m de d\u00e9nivel\u00e9 Contact Alain Besson chemin des Coumenets 11 1000 Lausanne T\u00e9l.: +41 21 544 85 20, [&hellip;]<\/p>\n","protected":false},"author":147,"featured_media":0,"comment_status":"closed","ping_status":"closed","sticky":false,"template":"","format":"standard","meta":{"_acf_changed":false,"ub_ctt_via":"","_monsterinsights_skip_tracking":false,"_monsterinsights_sitenote_active":false,"_monsterinsights_sitenote_note":"","_monsterinsights_sitenote_category":0,"footnotes":""},"categories":[125,7],"tags":[],"acf":[],"featured_image_urls":{"full":"","thumbnail":"","medium":"","medium_large":"","large":"","1536x1536":"","2048x2048":"","woocommerce_thumbnail":"","woocommerce_single":"","woocommerce_gallery_thumbnail":""},"post_excerpt_stackable":"<p>Samedi 5 ao\u00fbt 2017, Suisse, Zollhaus 13e Concentration des Cent Cols Suisse Rendez-vous au parking juste au Nord de Zollhaus (depuis Fribourg direction Schwarzsee) \u00e0 8h30 pour le caf\u00e9, d\u00e9part \u00e0 9h00 4 cols, 40 km, 1300 m de d\u00e9nivel\u00e9 Contact Alain Besson chemin des Coumenets 11 1000 Lausanne T\u00e9l.: +41 21 544 85 20, mobile: +41 79 605 36 30 &#97;1&#98;&#101;s&#115;on&#64;gmai&#108;.c&#111;&#109;<\/p>\n","category_list":"<a href=\"https:\/\/centcols.org\/backup\/categorie\/rassemblements\/rassemblements-2017\/\" rel=\"category tag\">Les rassemblements de 2017<\/a>, <a href=\"https:\/\/centcols.org\/backup\/categorie\/rassemblements\/\" rel=\"category tag\">Rencontres r\u00e9gionales<\/a>","author_info":{"display_name":"Guy Harl\u00e9","author_link":"https:\/\/centcols.org\/backup\/author\/5193\/"},"comments_num":"0 commentaire","featured_image_urls_v2":{"full":"","thumbnail":"","medium":"","medium_large":"","large":"","1536x1536":"","2048x2048":"","woocommerce_thumbnail":"","woocommerce_single":"","woocommerce_gallery_thumbnail":""},"post_excerpt_stackable_v2":"<p>Samedi 5 ao\u00fbt 2017, Suisse, Zollhaus 13e Concentration des Cent Cols Suisse Rendez-vous au parking juste au Nord de Zollhaus (depuis Fribourg direction Schwarzsee) \u00e0 8h30 pour le caf\u00e9, d\u00e9part \u00e0 9h00 4 cols, 40 km, 1300 m de d\u00e9nivel\u00e9 Contact Alain Besson chemin des Coumenets 11 1000 Lausanne T\u00e9l.: +41 21 544 85 20, mobile: +41 79 605 36 30 a&#49;bes&#115;&#111;&#110;&#64;&#103;&#109;a&#105;l&#46;&#99;o&#109;<\/p>\n","category_list_v2":"<a href=\"https:\/\/centcols.org\/backup\/categorie\/rassemblements\/rassemblements-2017\/\" rel=\"category tag\">Les rassemblements de 2017<\/a>, <a href=\"https:\/\/centcols.org\/backup\/categorie\/rassemblements\/\" rel=\"category tag\">Rencontres r\u00e9gionales<\/a>","author_info_v2":{"name":"Guy Harl\u00e9","url":"https:\/\/centcols.org\/backup\/author\/5193\/"},"comments_num_v2":"0 commentaire","featured_image_src":null,"_links":{"self":[{"href":"https:\/\/centcols.org\/backup\/wp-json\/wp\/v2\/posts\/24960"}],"collection":[{"href":"https:\/\/centcols.org\/backup\/wp-json\/wp\/v2\/posts"}],"about":[{"href":"https:\/\/centcols.org\/backup\/wp-json\/wp\/v2\/types\/post"}],"author":[{"embeddable":true,"href":"https:\/\/centcols.org\/backup\/wp-json\/wp\/v2\/users\/147"}],"replies":[{"embeddable":true,"href":"https:\/\/centcols.org\/backup\/wp-json\/wp\/v2\/comments?post=24960"}],"version-history":[{"count":0,"href":"https:\/\/centcols.org\/backup\/wp-json\/wp\/v2\/posts\/24960\/revisions"}],"wp:attachment":[{"href":"https:\/\/centcols.org\/backup\/wp-json\/wp\/v2\/media?parent=24960"}],"wp:term":[{"taxonomy":"category","embeddable":true,"href":"https:\/\/centcols.org\/backup\/wp-json\/wp\/v2\/categories?post=24960"},{"taxonomy":"post_tag","embeddable":true,"href":"https:\/\/centcols.org\/backup\/wp-json\/wp\/v2\/tags?post=24960"}],"curies":[{"name":"wp","href":"https:\/\/api.w.org\/{rel}","templated":true}]}}