{"id":24961,"date":"2016-02-03T15:59:20","date_gmt":"2016-02-03T14:59:20","guid":{"rendered":"http:\/\/centcols.org\/backup\/?p=24961"},"modified":"2017-03-08T20:57:21","modified_gmt":"2017-03-08T19:57:21","slug":"concentration-regionale-vosges-2016","status":"publish","type":"post","link":"https:\/\/centcols.org\/backup\/concentration-regionale-vosges-2016\/","title":{"rendered":"Concentration r\u00e9gionale Vosges au col du Pray\u00e9 le 3 septembre 2016"},"content":{"rendered":"<p>Samedi 3 septembre 2016, Vosges<\/p>\n<p>Col du Pray\u00e9, 785 m (Bas-Rhin)<br \/>\nApr\u00e8s la visite du Vercors, pourquoi ne pas poser vos roues dans le verdoyant massif vosgien ?<br \/>\nJean-Christophe, l\u2019alsacien et Ars\u00e8ne , le lorrain, vous invitent \u00e0 participer \u00e0 la concentration des cent cols de l\u2019est qui aura lieu le 03 septembre 2016 au col du Pray\u00e9.<br \/>\nLe rendez-vous est fix\u00e9 \u00e0 9 heures au col (une petite route y donne acc\u00e8s). Un caf\u00e9 vous sera servi  par Marie-Fran\u00e7oise.<br \/>\nDe l\u00e0, les vettistes  effectueront  une boucle d\u2019une trentaine de kilom\u00e8tres en empruntant une bonne piste \u00e0 travers la for\u00eat de sapins,  en passant par les cols du Donon, d\u2019Asson, du Ht du Bon Dieu, de la croix Brignon, du Pourrio pour arriver enfin au  col du Pray\u00e9.<br \/>\nLes routiers, quant \u00e0 eux boucleront un parcours de 70 kilom\u00e8tres par les cols du Lamperstein, de Halmoze, du col de l\u2019Engin, de la c\u00f4te de l\u2019engin, d\u2019entre les deux Donons.<br \/>\nTout ce beau monde se retrouvera au col du Pray\u00e9 vers 12 heures pour partager le pain et le fromage traditionnels.<br \/>\nSi vous emportez votre casse-cro\u00fbte, vous pourrez le d\u00e9guster en notre compagnie au col afin de prolonger ce moment de convivialit\u00e9.<br \/>\nSi la qu\u00eate de cols ne vous suffit pas, vous aurez tout loisir, durant l\u2019apr\u00e8s-mid,i de franchir encore une quinzaine de cols suppl\u00e9mentaires dans les alentours.<br \/>\nArs\u00e8ne sera d\u00e9j\u00e0 au col  le vendredi soir.<br \/>\nVenez nombreux, vous ne serez point d\u00e9\u00e7us, s i les dieux veulent bien \u00eatre bienveillants avec nous !<\/p>\n<p>Ars\u00e8ne<\/p>\n<p>NB : les places \u00e9tant limit\u00e9es, vous voudrez bien faire enregistrer votre participation aupr\u00e8s de moi-m\u00eame ou de Jean-Christophe.<\/p>\n<p><a href=\"http:\/\/localhost\/centcols2\/concentration-regionale-2016-vosges\/praye\/\" rel=\"attachment wp-att-23583\"><img loading=\"lazy\" decoding=\"async\" class=\"alignnone size-medium wp-image-23583\" src=\"http:\/\/localhost\/centcols2\/wp-content\/uploads\/2016\/01\/praye-500x380.png\" alt=\"praye\" width=\"500\" height=\"380\" srcset=\"https:\/\/centcols.org\/backup\/wp-content\/uploads\/2016\/01\/praye-500x380.png 500w, https:\/\/centcols.org\/backup\/wp-content\/uploads\/2016\/01\/praye-600x456.png 600w, https:\/\/centcols.org\/backup\/wp-content\/uploads\/2016\/01\/praye.png 763w\" sizes=\"(max-width: 500px) 100vw, 500px\" \/><\/a><\/p>\n<p><a href=\"http:\/\/localhost\/centcols2\/concentration-regionale-2016-vosges\/praye1\/\" rel=\"attachment wp-att-23584\"><img loading=\"lazy\" decoding=\"async\" class=\"alignnone size-medium wp-image-23584\" src=\"http:\/\/localhost\/centcols2\/wp-content\/uploads\/2016\/01\/praye1-500x375.jpg\" alt=\"praye1\" width=\"500\" height=\"375\" srcset=\"https:\/\/centcols.org\/backup\/wp-content\/uploads\/2016\/01\/praye1-500x375.jpg 500w, https:\/\/centcols.org\/backup\/wp-content\/uploads\/2016\/01\/praye1-600x450.jpg 600w, https:\/\/centcols.org\/backup\/wp-content\/uploads\/2016\/01\/praye1.jpg 672w\" sizes=\"(max-width: 500px) 100vw, 500px\" \/><\/a> <a href=\"http:\/\/localhost\/centcols2\/concentration-regionale-2016-vosges\/praye2\/\" rel=\"attachment wp-att-23585\"><img loading=\"lazy\" decoding=\"async\" class=\"alignnone size-medium wp-image-23585\" src=\"http:\/\/localhost\/centcols2\/wp-content\/uploads\/2016\/01\/praye2-500x375.jpg\" alt=\"praye2\" width=\"500\" height=\"375\" srcset=\"https:\/\/centcols.org\/backup\/wp-content\/uploads\/2016\/01\/praye2-500x375.jpg 500w, https:\/\/centcols.org\/backup\/wp-content\/uploads\/2016\/01\/praye2-600x450.jpg 600w, https:\/\/centcols.org\/backup\/wp-content\/uploads\/2016\/01\/praye2.jpg 697w\" sizes=\"(max-width: 500px) 100vw, 500px\" \/><\/a><\/p>\n<h3><\/h3>\n<h3>Route<\/h3>\n<p><a href=\"http:\/\/localhost\/centcols2\/wp-content\/uploads\/2016\/02\/donon.gpx\" rel=\"\">donon<\/a> (gpx)<\/p>\n<h3>VTT<\/h3>\n<p><a href=\"http:\/\/localhost\/centcols2\/wp-content\/uploads\/2016\/02\/Praye-1.gpx\" rel=\"\">Praye 1<\/a> (gpx)<br \/>\n<a href=\"http:\/\/localhost\/centcols2\/wp-content\/uploads\/2016\/02\/Praye-2.gpx\" rel=\"\">Praye 2<\/a> (gpx)<br \/>\n<a href=\"http:\/\/localhost\/centcols2\/wp-content\/uploads\/2016\/02\/Praye-variante.gpx\" rel=\"\">Praye variante<\/a> (gpx)<\/p>\n<h3>Contact<\/h3>\n<p>Jean-Christophe Braumann<br \/>\n06 48 80 28 48<br \/>\n<a href=\"&#109;&#97;il&#116;o&#58;jea&#110;-c&#104;ri&#115;t&#111;&#112;h&#101;&#46;&#98;&#114;au&#109;a&#110;n&#64;w&#97;&#110;adoo.f&#114;\">je&#97;n-&#99;&#104;&#114;is&#116;oph&#101;.b&#114;&#97;u&#109;ann&#64;&#119;an&#97;&#100;&#111;o&#46;fr<\/a><\/p>\n<p>Ars\u00e8ne Bickel<br \/>\n03 87 95 30 90<br \/>\n<a href=\"ma&#105;l&#116;&#111;:&#98;c&#121;clo&#46;apis&#64;&#111;&#114;a&#110;g&#101;.f&#114;\">b&#99;ycl&#111;&#46;&#97;p&#105;&#115;&#64;&#111;ran&#103;&#101;.&#102;r<\/a><\/p>\n","protected":false},"excerpt":{"rendered":"<p>Samedi 3 septembre 2016, Vosges Col du Pray\u00e9, 785 m (Bas-Rhin) Apr\u00e8s la visite du Vercors, pourquoi ne pas poser vos roues dans le verdoyant massif vosgien ? Jean-Christophe, l\u2019alsacien et Ars\u00e8ne , le lorrain, vous invitent \u00e0 participer \u00e0 la concentration des cent cols de l\u2019est qui aura lieu le 03 septembre 2016 au [&hellip;]<\/p>\n","protected":false},"author":147,"featured_media":0,"comment_status":"closed","ping_status":"closed","sticky":false,"template":"","format":"standard","meta":{"_acf_changed":false,"ub_ctt_via":"","_monsterinsights_skip_tracking":false,"_monsterinsights_sitenote_active":false,"_monsterinsights_sitenote_note":"","_monsterinsights_sitenote_category":0,"footnotes":""},"categories":[114,7],"tags":[],"acf":[],"featured_image_urls":{"full":"","thumbnail":"","medium":"","medium_large":"","large":"","1536x1536":"","2048x2048":"","woocommerce_thumbnail":"","woocommerce_single":"","woocommerce_gallery_thumbnail":""},"post_excerpt_stackable":"<p>Samedi 3 septembre 2016, Vosges Col du Pray\u00e9, 785 m (Bas-Rhin) Apr\u00e8s la visite du Vercors, pourquoi ne pas poser vos roues dans le verdoyant massif vosgien ? Jean-Christophe, l\u2019alsacien et Ars\u00e8ne , le lorrain, vous invitent \u00e0 participer \u00e0 la concentration des cent cols de l\u2019est qui aura lieu le 03 septembre 2016 au col du Pray\u00e9. Le rendez-vous est fix\u00e9 \u00e0 9 heures au col (une petite route y donne acc\u00e8s). Un caf\u00e9 vous sera servi par Marie-Fran\u00e7oise. De l\u00e0, les vettistes effectueront une boucle d\u2019une trentaine de kilom\u00e8tres en empruntant une bonne piste \u00e0 travers la for\u00eat\u2026<\/p>\n","category_list":"<a href=\"https:\/\/centcols.org\/backup\/categorie\/rassemblements\/rassemblements-2016\/\" rel=\"category tag\">Les rassemblements de 2016<\/a>, <a href=\"https:\/\/centcols.org\/backup\/categorie\/rassemblements\/\" rel=\"category tag\">Rencontres r\u00e9gionales<\/a>","author_info":{"display_name":"Guy Harl\u00e9","author_link":"https:\/\/centcols.org\/backup\/author\/5193\/"},"comments_num":"0 commentaire","featured_image_urls_v2":{"full":"","thumbnail":"","medium":"","medium_large":"","large":"","1536x1536":"","2048x2048":"","woocommerce_thumbnail":"","woocommerce_single":"","woocommerce_gallery_thumbnail":""},"post_excerpt_stackable_v2":"<p>Samedi 3 septembre 2016, Vosges Col du Pray\u00e9, 785 m (Bas-Rhin) Apr\u00e8s la visite du Vercors, pourquoi ne pas poser vos roues dans le verdoyant massif vosgien ? Jean-Christophe, l\u2019alsacien et Ars\u00e8ne , le lorrain, vous invitent \u00e0 participer \u00e0 la concentration des cent cols de l\u2019est qui aura lieu le 03 septembre 2016 au col du Pray\u00e9. Le rendez-vous est fix\u00e9 \u00e0 9 heures au col (une petite route y donne acc\u00e8s). Un caf\u00e9 vous sera servi par Marie-Fran\u00e7oise. De l\u00e0, les vettistes effectueront une boucle d\u2019une trentaine de kilom\u00e8tres en empruntant une bonne piste \u00e0 travers la for\u00eat\u2026<\/p>\n","category_list_v2":"<a href=\"https:\/\/centcols.org\/backup\/categorie\/rassemblements\/rassemblements-2016\/\" rel=\"category tag\">Les rassemblements de 2016<\/a>, <a href=\"https:\/\/centcols.org\/backup\/categorie\/rassemblements\/\" rel=\"category tag\">Rencontres r\u00e9gionales<\/a>","author_info_v2":{"name":"Guy Harl\u00e9","url":"https:\/\/centcols.org\/backup\/author\/5193\/"},"comments_num_v2":"0 commentaire","featured_image_src":null,"_links":{"self":[{"href":"https:\/\/centcols.org\/backup\/wp-json\/wp\/v2\/posts\/24961"}],"collection":[{"href":"https:\/\/centcols.org\/backup\/wp-json\/wp\/v2\/posts"}],"about":[{"href":"https:\/\/centcols.org\/backup\/wp-json\/wp\/v2\/types\/post"}],"author":[{"embeddable":true,"href":"https:\/\/centcols.org\/backup\/wp-json\/wp\/v2\/users\/147"}],"replies":[{"embeddable":true,"href":"https:\/\/centcols.org\/backup\/wp-json\/wp\/v2\/comments?post=24961"}],"version-history":[{"count":0,"href":"https:\/\/centcols.org\/backup\/wp-json\/wp\/v2\/posts\/24961\/revisions"}],"wp:attachment":[{"href":"https:\/\/centcols.org\/backup\/wp-json\/wp\/v2\/media?parent=24961"}],"wp:term":[{"taxonomy":"category","embeddable":true,"href":"https:\/\/centcols.org\/backup\/wp-json\/wp\/v2\/categories?post=24961"},{"taxonomy":"post_tag","embeddable":true,"href":"https:\/\/centcols.org\/backup\/wp-json\/wp\/v2\/tags?post=24961"}],"curies":[{"name":"wp","href":"https:\/\/api.w.org\/{rel}","templated":true}]}}