{"id":24962,"date":"2017-03-07T15:00:30","date_gmt":"2017-03-07T14:00:30","guid":{"rendered":"http:\/\/centcols.org\/backup\/?p=24962"},"modified":"2017-08-08T19:06:52","modified_gmt":"2017-08-08T17:06:52","slug":"concentration-regionale-vosges-2017","status":"publish","type":"post","link":"https:\/\/centcols.org\/backup\/concentration-regionale-vosges-2017\/","title":{"rendered":"Concentration r\u00e9gionale Vosges au col du Calvaire le 26 ao\u00fbt 2017"},"content":{"rendered":"<p>Samedi 26 ao\u00fbt 2017, Vosges<br \/>\nCol du Calvaire, 1144 m (Haut-Rhin)<\/p>\n<p>Jean-Christophe et Ars\u00e8ne vous invitent \u00e0 participer \u00e0 la concentration des Cent Cols de l\u2019est qui aura lieu au col du Calvaire<br \/>\nCe col relie le Valtin dans les Vosges \u00e0 Orbey dans le Haut Rhin. Il se trouve sur la route des cr\u00eates. La mont\u00e9e par Orbey est rude et l\u2019une des plus dures du massif. Elle vous sera \u00e9pargn\u00e9e\u00a0!<\/p>\n<p>Le rendez-vous est fix\u00e9 \u00e0 8 h 45 au parking du col. Marie-Fran\u00e7oise vous accueillera avec le sourire pour vous servir un bon caf\u00e9 avec g\u00e2teau. Puis vous plongerez, tous ensemble, dans la descente vers Orbey pour mieux remonter au col du Calvaire par le col du Bonhomme.<br \/>\nLe parcours routier aura une distance de 45 Km avec un d\u00e9nivel\u00e9 de 1200 m. Vous passerez par les cols\u00a0: de Chamont, des Bagenelles, du Pr\u00e9 de Raves, du Bonhomme, du Louschbach, pour arriver enfin au col du Calvaire.<br \/>\nLe parcours VTT aura une distance de 34 Km avec un d\u00e9nivel\u00e9 de 1100 m. Vous passerez par le col de Bermont, le col du Bonhomme, le col du Louschbach, pour arriver au col du Calvaire.<\/p>\n<p>Nous nous retrouverons ensuite pour partager le pain et le fromage traditionnels suivi du repas tir\u00e9 du sac. Il y aura possibilit\u00e9 de se restaurer \u00e0 l\u2019auberge\u00a0 du col.<br \/>\nIl sera, bien s\u00fbr, possible de faire plus court, et les plus anciens qui n\u2019ont plus envie de se meurtrir les muscles pourront nous rejoindre directement au col, vers 13 h. Ils seront les bienvenus\u00a0!<br \/>\nPour les plus affam\u00e9s,\u00a0 de nombreux cols aux alentours seront pr\u00eats \u00e0 les accueillir dans l\u2019apr\u00e8s-midi.<\/p>\n<p>Ne manquez pas ce rendez-vous, agr\u00e9ment\u00e9 par un all\u00e9chant Munster et un non moins excellent vin d\u2019Alsace.<\/p>\n<div id='gallery-1' class='gallery galleryid-24962 gallery-columns-3 gallery-size-full'><dl class='gallery-item'>\n\t\t\t<dt class='gallery-icon landscape'>\n\t\t\t\t<a href='https:\/\/centcols.org\/backup\/concentration-regionale-vosges-2017\/calvaire1\/'><img loading=\"lazy\" decoding=\"async\" width=\"561\" height=\"421\" src=\"https:\/\/centcols.org\/backup\/wp-content\/uploads\/2017\/03\/calvaire1.jpg\" class=\"attachment-full size-full\" alt=\"\" srcset=\"https:\/\/centcols.org\/backup\/wp-content\/uploads\/2017\/03\/calvaire1.jpg 561w, https:\/\/centcols.org\/backup\/wp-content\/uploads\/2017\/03\/calvaire1-500x375.jpg 500w\" sizes=\"(max-width: 561px) 100vw, 561px\" \/><\/a>\n\t\t\t<\/dt><\/dl><dl class='gallery-item'>\n\t\t\t<dt class='gallery-icon landscape'>\n\t\t\t\t<a href='https:\/\/centcols.org\/backup\/concentration-regionale-vosges-2017\/calvaire2\/'><img loading=\"lazy\" decoding=\"async\" width=\"425\" height=\"421\" src=\"https:\/\/centcols.org\/backup\/wp-content\/uploads\/2017\/03\/calvaire2.jpg\" class=\"attachment-full size-full\" alt=\"\" srcset=\"https:\/\/centcols.org\/backup\/wp-content\/uploads\/2017\/03\/calvaire2.jpg 425w, https:\/\/centcols.org\/backup\/wp-content\/uploads\/2017\/03\/calvaire2-100x100.jpg 100w\" sizes=\"(max-width: 425px) 100vw, 425px\" \/><\/a>\n\t\t\t<\/dt><\/dl>\n\t\t\t<br style='clear: both' \/>\n\t\t<\/div>\n\n<h3>Les circuits<\/h3>\n<p><a href=\"https:\/\/centcols.org\/backup\/wp-content\/uploads\/2017\/03\/Calvaire-route.zip\">Circuit route<\/a><\/p>\n<p><a href=\"https:\/\/centcols.org\/backup\/wp-content\/uploads\/2017\/03\/Calvaire-VTT.zip\">Circuit VTT<\/a><\/p>\n<p>&nbsp;<\/p>\n<h3>\u00a0Contact<\/h3>\n<p>Ars\u00e8ne Bickel<br \/>\n03 87 95 30 90<br \/>\n<a href=\"&#109;a&#105;&#108;&#116;o:&#98;cyc&#108;&#111;&#46;ap&#105;s&#64;&#111;ra&#110;ge&#46;f&#114;\">b&#99;&#121;&#99;&#108;o.a&#112;i&#115;&#64;o&#114;a&#110;g&#101;&#46;&#102;&#114;<\/a><\/p>\n<p>Jean-Christophe Braumann<br \/>\n06 48 80 28 48<br \/>\n<a href=\"mai&#108;&#116;o&#58;j&#101;&#97;&#110;&#45;&#99;h&#114;i&#115;to&#112;h&#101;&#46;b&#114;&#97;u&#109;an&#110;&#64;or&#97;&#110;g&#101;&#46;&#102;&#114;\">j&#101;an&#45;&#99;h&#114;i&#115;t&#111;&#112;he&#46;&#98;&#114;&#97;&#117;&#109;an&#110;&#64;&#111;r&#97;ng&#101;&#46;&#102;r<\/a><\/p>\n","protected":false},"excerpt":{"rendered":"<p>Samedi 26 ao\u00fbt 2017, Vosges Col du Calvaire, 1144 m (Haut-Rhin) Jean-Christophe et Ars\u00e8ne vous invitent \u00e0 participer \u00e0 la concentration des Cent Cols de l\u2019est qui aura lieu au col du Calvaire Ce col relie le Valtin dans les Vosges \u00e0 Orbey dans le Haut Rhin. Il se trouve sur la route des cr\u00eates. [&hellip;]<\/p>\n","protected":false},"author":147,"featured_media":0,"comment_status":"closed","ping_status":"closed","sticky":false,"template":"","format":"standard","meta":{"_acf_changed":false,"ub_ctt_via":"","_monsterinsights_skip_tracking":false,"_monsterinsights_sitenote_active":false,"_monsterinsights_sitenote_note":"","_monsterinsights_sitenote_category":0,"footnotes":""},"categories":[125,7],"tags":[],"acf":[],"featured_image_urls":{"full":"","thumbnail":"","medium":"","medium_large":"","large":"","1536x1536":"","2048x2048":"","woocommerce_thumbnail":"","woocommerce_single":"","woocommerce_gallery_thumbnail":""},"post_excerpt_stackable":"<p>Samedi 26 ao\u00fbt 2017, Vosges Col du Calvaire, 1144 m (Haut-Rhin) Jean-Christophe et Ars\u00e8ne vous invitent \u00e0 participer \u00e0 la concentration des Cent Cols de l\u2019est qui aura lieu au col du Calvaire Ce col relie le Valtin dans les Vosges \u00e0 Orbey dans le Haut Rhin. Il se trouve sur la route des cr\u00eates. La mont\u00e9e par Orbey est rude et l\u2019une des plus dures du massif. Elle vous sera \u00e9pargn\u00e9e\u00a0! Le rendez-vous est fix\u00e9 \u00e0 8 h 45 au parking du col. Marie-Fran\u00e7oise vous accueillera avec le sourire pour vous servir un bon caf\u00e9 avec g\u00e2teau. Puis vous\u2026<\/p>\n","category_list":"<a href=\"https:\/\/centcols.org\/backup\/categorie\/rassemblements\/rassemblements-2017\/\" rel=\"category tag\">Les rassemblements de 2017<\/a>, <a href=\"https:\/\/centcols.org\/backup\/categorie\/rassemblements\/\" rel=\"category tag\">Rencontres r\u00e9gionales<\/a>","author_info":{"display_name":"Guy Harl\u00e9","author_link":"https:\/\/centcols.org\/backup\/author\/5193\/"},"comments_num":"0 commentaire","featured_image_urls_v2":{"full":"","thumbnail":"","medium":"","medium_large":"","large":"","1536x1536":"","2048x2048":"","woocommerce_thumbnail":"","woocommerce_single":"","woocommerce_gallery_thumbnail":""},"post_excerpt_stackable_v2":"<p>Samedi 26 ao\u00fbt 2017, Vosges Col du Calvaire, 1144 m (Haut-Rhin) Jean-Christophe et Ars\u00e8ne vous invitent \u00e0 participer \u00e0 la concentration des Cent Cols de l\u2019est qui aura lieu au col du Calvaire Ce col relie le Valtin dans les Vosges \u00e0 Orbey dans le Haut Rhin. Il se trouve sur la route des cr\u00eates. La mont\u00e9e par Orbey est rude et l\u2019une des plus dures du massif. Elle vous sera \u00e9pargn\u00e9e\u00a0! Le rendez-vous est fix\u00e9 \u00e0 8 h 45 au parking du col. Marie-Fran\u00e7oise vous accueillera avec le sourire pour vous servir un bon caf\u00e9 avec g\u00e2teau. Puis vous\u2026<\/p>\n","category_list_v2":"<a href=\"https:\/\/centcols.org\/backup\/categorie\/rassemblements\/rassemblements-2017\/\" rel=\"category tag\">Les rassemblements de 2017<\/a>, <a href=\"https:\/\/centcols.org\/backup\/categorie\/rassemblements\/\" rel=\"category tag\">Rencontres r\u00e9gionales<\/a>","author_info_v2":{"name":"Guy Harl\u00e9","url":"https:\/\/centcols.org\/backup\/author\/5193\/"},"comments_num_v2":"0 commentaire","featured_image_src":null,"_links":{"self":[{"href":"https:\/\/centcols.org\/backup\/wp-json\/wp\/v2\/posts\/24962"}],"collection":[{"href":"https:\/\/centcols.org\/backup\/wp-json\/wp\/v2\/posts"}],"about":[{"href":"https:\/\/centcols.org\/backup\/wp-json\/wp\/v2\/types\/post"}],"author":[{"embeddable":true,"href":"https:\/\/centcols.org\/backup\/wp-json\/wp\/v2\/users\/147"}],"replies":[{"embeddable":true,"href":"https:\/\/centcols.org\/backup\/wp-json\/wp\/v2\/comments?post=24962"}],"version-history":[{"count":0,"href":"https:\/\/centcols.org\/backup\/wp-json\/wp\/v2\/posts\/24962\/revisions"}],"wp:attachment":[{"href":"https:\/\/centcols.org\/backup\/wp-json\/wp\/v2\/media?parent=24962"}],"wp:term":[{"taxonomy":"category","embeddable":true,"href":"https:\/\/centcols.org\/backup\/wp-json\/wp\/v2\/categories?post=24962"},{"taxonomy":"post_tag","embeddable":true,"href":"https:\/\/centcols.org\/backup\/wp-json\/wp\/v2\/tags?post=24962"}],"curies":[{"name":"wp","href":"https:\/\/api.w.org\/{rel}","templated":true}]}}