{"id":24964,"date":"2017-03-07T17:16:20","date_gmt":"2017-03-07T16:16:20","guid":{"rendered":"http:\/\/centcols.org\/backup\/?p=24964"},"modified":"2017-03-30T21:46:01","modified_gmt":"2017-03-30T19:46:01","slug":"concentration-regionale-alpes-du-sud-2017","status":"publish","type":"post","link":"https:\/\/centcols.org\/backup\/concentration-regionale-alpes-du-sud-2017\/","title":{"rendered":"Concentration r\u00e9gionale Alpes du Sud (souvenir Roland Grimaud) au col du fanget le 2 septembre 2017"},"content":{"rendered":"<p>Samedi 2 septembre 2017, Alpes Sud<br \/>\nCol du Fanget, 1459 m (Alpes de Haute Provence)<\/p>\n<p>Porte d\u2019entr\u00e9e Nord du \u00ab\u00a0G\u00e9oparc de Haute-Provence\u00a0\u00bb et du Massif des Monges, espace nordique hivernal du Pays de Seyne, le col du Fanget est aussi un paradis pour randonneurs, et particuli\u00e8rement pour v\u00e9t\u00e9tistes et cyclo-routiers.<br \/>\nPanorama sur le Massif des Ecrins, la chaine de la Blanche et de l\u2019Estrop.<\/p>\n<p>Le rendez-vous vous y est donn\u00e9 \u00e0 8 h 30 devant le foyer pour le caf\u00e9.<\/p>\n<p>Parcours libres d\u00e9cid\u00e9s le matin, jusqu\u2019\u00e0 8 cols routiers et 6 cols vtt peuvent \u00eatre franchis entre les vall\u00e9es de la Blanche et du B\u00e8s<\/p>\n<p>Retour \u00e0 midi pour partager amiti\u00e9, ap\u00e9ro, le pain et le fromage fabriqu\u00e9s \u00e0 Auzet\u2026<\/p>\n<p><a href=\"https:\/\/centcols.org\/backup\/wp-content\/uploads\/2017\/03\/Fanget.jpg\"><img loading=\"lazy\" decoding=\"async\" class=\"alignnone wp-image-25032 size-large\" src=\"https:\/\/centcols.org\/backup\/wp-content\/uploads\/2017\/03\/Fanget-1200x518.jpg\" alt=\"\" width=\"1200\" height=\"518\" srcset=\"https:\/\/centcols.org\/backup\/wp-content\/uploads\/2017\/03\/Fanget-1200x518.jpg 1200w, https:\/\/centcols.org\/backup\/wp-content\/uploads\/2017\/03\/Fanget-600x259.jpg 600w, https:\/\/centcols.org\/backup\/wp-content\/uploads\/2017\/03\/Fanget-500x216.jpg 500w, https:\/\/centcols.org\/backup\/wp-content\/uploads\/2017\/03\/Fanget-768x332.jpg 768w, https:\/\/centcols.org\/backup\/wp-content\/uploads\/2017\/03\/Fanget.jpg 1280w\" sizes=\"(max-width: 1200px) 100vw, 1200px\" \/><\/a><\/p>\n<h3>Contact<\/h3>\n<p>Jean Bernauer<br \/>\n06 13 85 73 71<br \/>\n<a href=\"ma&#105;&#108;&#116;&#111;&#58;j&#101;&#97;&#110;.&#98;&#101;&#114;&#110;a&#117;&#101;&#114;&#64;&#102;&#114;e&#101;&#46;&#102;r\">j&#101;a&#110;&#46;&#98;ernauer&#64;f&#114;&#101;&#101;.&#102;&#114;<\/a><\/p>\n","protected":false},"excerpt":{"rendered":"<p>Samedi 2 septembre 2017, Alpes Sud Col du Fanget, 1459 m (Alpes de Haute Provence) Porte d\u2019entr\u00e9e Nord du \u00ab\u00a0G\u00e9oparc de Haute-Provence\u00a0\u00bb et du Massif des Monges, espace nordique hivernal du Pays de Seyne, le col du Fanget est aussi un paradis pour randonneurs, et particuli\u00e8rement pour v\u00e9t\u00e9tistes et cyclo-routiers. Panorama sur le Massif des [&hellip;]<\/p>\n","protected":false},"author":147,"featured_media":0,"comment_status":"closed","ping_status":"closed","sticky":false,"template":"","format":"standard","meta":{"_acf_changed":false,"ub_ctt_via":"","_monsterinsights_skip_tracking":false,"_monsterinsights_sitenote_active":false,"_monsterinsights_sitenote_note":"","_monsterinsights_sitenote_category":0,"footnotes":""},"categories":[125,7],"tags":[],"acf":[],"featured_image_urls":{"full":"","thumbnail":"","medium":"","medium_large":"","large":"","1536x1536":"","2048x2048":"","woocommerce_thumbnail":"","woocommerce_single":"","woocommerce_gallery_thumbnail":""},"post_excerpt_stackable":"<p>Samedi 2 septembre 2017, Alpes Sud Col du Fanget, 1459 m (Alpes de Haute Provence) Porte d\u2019entr\u00e9e Nord du \u00ab\u00a0G\u00e9oparc de Haute-Provence\u00a0\u00bb et du Massif des Monges, espace nordique hivernal du Pays de Seyne, le col du Fanget est aussi un paradis pour randonneurs, et particuli\u00e8rement pour v\u00e9t\u00e9tistes et cyclo-routiers. Panorama sur le Massif des Ecrins, la chaine de la Blanche et de l\u2019Estrop. Le rendez-vous vous y est donn\u00e9 \u00e0 8 h 30 devant le foyer pour le caf\u00e9. Parcours libres d\u00e9cid\u00e9s le matin, jusqu\u2019\u00e0 8 cols routiers et 6 cols vtt peuvent \u00eatre franchis entre les vall\u00e9es de\u2026<\/p>\n","category_list":"<a href=\"https:\/\/centcols.org\/backup\/categorie\/rassemblements\/rassemblements-2017\/\" rel=\"category tag\">Les rassemblements de 2017<\/a>, <a href=\"https:\/\/centcols.org\/backup\/categorie\/rassemblements\/\" rel=\"category tag\">Rencontres r\u00e9gionales<\/a>","author_info":{"display_name":"Guy Harl\u00e9","author_link":"https:\/\/centcols.org\/backup\/author\/5193\/"},"comments_num":"0 commentaire","featured_image_urls_v2":{"full":"","thumbnail":"","medium":"","medium_large":"","large":"","1536x1536":"","2048x2048":"","woocommerce_thumbnail":"","woocommerce_single":"","woocommerce_gallery_thumbnail":""},"post_excerpt_stackable_v2":"<p>Samedi 2 septembre 2017, Alpes Sud Col du Fanget, 1459 m (Alpes de Haute Provence) Porte d\u2019entr\u00e9e Nord du \u00ab\u00a0G\u00e9oparc de Haute-Provence\u00a0\u00bb et du Massif des Monges, espace nordique hivernal du Pays de Seyne, le col du Fanget est aussi un paradis pour randonneurs, et particuli\u00e8rement pour v\u00e9t\u00e9tistes et cyclo-routiers. Panorama sur le Massif des Ecrins, la chaine de la Blanche et de l\u2019Estrop. Le rendez-vous vous y est donn\u00e9 \u00e0 8 h 30 devant le foyer pour le caf\u00e9. Parcours libres d\u00e9cid\u00e9s le matin, jusqu\u2019\u00e0 8 cols routiers et 6 cols vtt peuvent \u00eatre franchis entre les vall\u00e9es de\u2026<\/p>\n","category_list_v2":"<a href=\"https:\/\/centcols.org\/backup\/categorie\/rassemblements\/rassemblements-2017\/\" rel=\"category tag\">Les rassemblements de 2017<\/a>, <a href=\"https:\/\/centcols.org\/backup\/categorie\/rassemblements\/\" rel=\"category tag\">Rencontres r\u00e9gionales<\/a>","author_info_v2":{"name":"Guy Harl\u00e9","url":"https:\/\/centcols.org\/backup\/author\/5193\/"},"comments_num_v2":"0 commentaire","featured_image_src":null,"_links":{"self":[{"href":"https:\/\/centcols.org\/backup\/wp-json\/wp\/v2\/posts\/24964"}],"collection":[{"href":"https:\/\/centcols.org\/backup\/wp-json\/wp\/v2\/posts"}],"about":[{"href":"https:\/\/centcols.org\/backup\/wp-json\/wp\/v2\/types\/post"}],"author":[{"embeddable":true,"href":"https:\/\/centcols.org\/backup\/wp-json\/wp\/v2\/users\/147"}],"replies":[{"embeddable":true,"href":"https:\/\/centcols.org\/backup\/wp-json\/wp\/v2\/comments?post=24964"}],"version-history":[{"count":0,"href":"https:\/\/centcols.org\/backup\/wp-json\/wp\/v2\/posts\/24964\/revisions"}],"wp:attachment":[{"href":"https:\/\/centcols.org\/backup\/wp-json\/wp\/v2\/media?parent=24964"}],"wp:term":[{"taxonomy":"category","embeddable":true,"href":"https:\/\/centcols.org\/backup\/wp-json\/wp\/v2\/categories?post=24964"},{"taxonomy":"post_tag","embeddable":true,"href":"https:\/\/centcols.org\/backup\/wp-json\/wp\/v2\/tags?post=24964"}],"curies":[{"name":"wp","href":"https:\/\/api.w.org\/{rel}","templated":true}]}}