{"id":24965,"date":"2017-03-07T17:21:57","date_gmt":"2017-03-07T16:21:57","guid":{"rendered":"http:\/\/centcols.org\/backup\/?p=24965"},"modified":"2017-08-31T21:28:19","modified_gmt":"2017-08-31T19:28:19","slug":"concentration-regionale-drome-ardeche-vaucluse-2017","status":"publish","type":"post","link":"https:\/\/centcols.org\/backup\/concentration-regionale-drome-ardeche-vaucluse-2017\/","title":{"rendered":"Concentration r\u00e9gionale Dr\u00f4me Ard\u00e8che Vaucluse au col de la Cha\u00eene le 3 septembre 2017"},"content":{"rendered":"<p>Dimanche 3 septembre 2017, Dr\u00f4me, Ard\u00e8che, Vaucluse<br \/>\nCol de la Cha\u00eene, 472 m (Vaucluse)<\/p>\n<h3>Parcours<\/h3>\n<p>Parcours routier 6 cols, 27 km, d\u00e9nivel\u00e9 700 m ; sens horaire ; parcours facile<br \/>\nD\u00e9part recommand\u00e9 de Malauc\u00e8ne (peu de place au col de la Cha\u00eene), parking \u00e0 l\u2019entr\u00e9e en<br \/>\narrivant de Vaison ou dans la rue principale aux multiples bars, restaurants, p\u00e2tisseries\u2026 qui<br \/>\npourront compl\u00e9ter le pot d\u2019accueil de votre serviteur.<br \/>\nA voir Malauc\u00e8ne, Le Barroux, La Roque Alric.<br \/>\nUn d\u00e9part \u00e0 10h permet d\u2019\u00eatre au col de la Cha\u00eene avant 12h.<\/p>\n<p>Parcours VTT 9 cols, 34 km, d\u00e9nivel\u00e9 1360 m ; sens Anti horaire<br \/>\nD\u00e9part possible au col de la Cha\u00eene pour les premiers arrivants. Pri\u00e8re de laisser libre<br \/>\nquelques m\u00e8tres c\u00f4t\u00e9 poubelle. Parcours cyclable sur pistes et routes sauf A\/R au FR-84-<br \/>\n0455 qui comporte un passage sur sentiers voire final dans le bois.<br \/>\nPoint de vue sur la face nord des Dentelles de Montmirail.<br \/>\nUn d\u00e9part \u00e0 9 h permet un retour au col de la Cha\u00eene avant 13 h.<\/p>\n<h3>\u00a0Traces<\/h3>\n<p><a href=\"https:\/\/centcols.org\/backup\/wp-content\/uploads\/2017\/03\/Routier-et-cols.zip\">Routier et cols<\/a><\/p>\n<p><a href=\"https:\/\/centcols.org\/backup\/wp-content\/uploads\/2017\/03\/VTT-et-cols.zip\">VTT et cols<\/a><\/p>\n<h3>Contact<\/h3>\n<p>Jean-Marie Gilouin<br \/>\n06 31 79 01 06<br \/>\n<a href=\"&#109;&#97;&#105;&#108;to&#58;bjm&#46;centc&#111;l&#115;&#64;gma&#105;l&#46;&#99;&#111;m\">&#98;jm&#46;&#99;&#101;&#110;tco&#108;s&#64;&#103;mai&#108;.&#99;&#111;m<\/a><\/p>\n","protected":false},"excerpt":{"rendered":"<p>Dimanche 3 septembre 2017, Dr\u00f4me, Ard\u00e8che, Vaucluse Col de la Cha\u00eene, 472 m (Vaucluse) Parcours Parcours routier 6 cols, 27 km, d\u00e9nivel\u00e9 700 m ; sens horaire ; parcours facile D\u00e9part recommand\u00e9 de Malauc\u00e8ne (peu de place au col de la Cha\u00eene), parking \u00e0 l\u2019entr\u00e9e en arrivant de Vaison ou dans la rue principale aux [&hellip;]<\/p>\n","protected":false},"author":147,"featured_media":0,"comment_status":"closed","ping_status":"closed","sticky":false,"template":"","format":"standard","meta":{"_acf_changed":false,"ub_ctt_via":"","_monsterinsights_skip_tracking":false,"_monsterinsights_sitenote_active":false,"_monsterinsights_sitenote_note":"","_monsterinsights_sitenote_category":0,"footnotes":""},"categories":[125,7],"tags":[],"acf":[],"featured_image_urls":{"full":"","thumbnail":"","medium":"","medium_large":"","large":"","1536x1536":"","2048x2048":"","woocommerce_thumbnail":"","woocommerce_single":"","woocommerce_gallery_thumbnail":""},"post_excerpt_stackable":"<p>Dimanche 3 septembre 2017, Dr\u00f4me, Ard\u00e8che, Vaucluse Col de la Cha\u00eene, 472 m (Vaucluse) Parcours Parcours routier 6 cols, 27 km, d\u00e9nivel\u00e9 700 m ; sens horaire ; parcours facile D\u00e9part recommand\u00e9 de Malauc\u00e8ne (peu de place au col de la Cha\u00eene), parking \u00e0 l\u2019entr\u00e9e en arrivant de Vaison ou dans la rue principale aux multiples bars, restaurants, p\u00e2tisseries\u2026 qui pourront compl\u00e9ter le pot d\u2019accueil de votre serviteur. A voir Malauc\u00e8ne, Le Barroux, La Roque Alric. Un d\u00e9part \u00e0 10h permet d\u2019\u00eatre au col de la Cha\u00eene avant 12h. Parcours VTT 9 cols, 34 km, d\u00e9nivel\u00e9 1360 m ; sens\u2026<\/p>\n","category_list":"<a href=\"https:\/\/centcols.org\/backup\/categorie\/rassemblements\/rassemblements-2017\/\" rel=\"category tag\">Les rassemblements de 2017<\/a>, <a href=\"https:\/\/centcols.org\/backup\/categorie\/rassemblements\/\" rel=\"category tag\">Rencontres r\u00e9gionales<\/a>","author_info":{"display_name":"Guy Harl\u00e9","author_link":"https:\/\/centcols.org\/backup\/author\/5193\/"},"comments_num":"0 commentaire","featured_image_urls_v2":{"full":"","thumbnail":"","medium":"","medium_large":"","large":"","1536x1536":"","2048x2048":"","woocommerce_thumbnail":"","woocommerce_single":"","woocommerce_gallery_thumbnail":""},"post_excerpt_stackable_v2":"<p>Dimanche 3 septembre 2017, Dr\u00f4me, Ard\u00e8che, Vaucluse Col de la Cha\u00eene, 472 m (Vaucluse) Parcours Parcours routier 6 cols, 27 km, d\u00e9nivel\u00e9 700 m ; sens horaire ; parcours facile D\u00e9part recommand\u00e9 de Malauc\u00e8ne (peu de place au col de la Cha\u00eene), parking \u00e0 l\u2019entr\u00e9e en arrivant de Vaison ou dans la rue principale aux multiples bars, restaurants, p\u00e2tisseries\u2026 qui pourront compl\u00e9ter le pot d\u2019accueil de votre serviteur. A voir Malauc\u00e8ne, Le Barroux, La Roque Alric. Un d\u00e9part \u00e0 10h permet d\u2019\u00eatre au col de la Cha\u00eene avant 12h. Parcours VTT 9 cols, 34 km, d\u00e9nivel\u00e9 1360 m ; sens\u2026<\/p>\n","category_list_v2":"<a href=\"https:\/\/centcols.org\/backup\/categorie\/rassemblements\/rassemblements-2017\/\" rel=\"category tag\">Les rassemblements de 2017<\/a>, <a href=\"https:\/\/centcols.org\/backup\/categorie\/rassemblements\/\" rel=\"category tag\">Rencontres r\u00e9gionales<\/a>","author_info_v2":{"name":"Guy Harl\u00e9","url":"https:\/\/centcols.org\/backup\/author\/5193\/"},"comments_num_v2":"0 commentaire","featured_image_src":null,"_links":{"self":[{"href":"https:\/\/centcols.org\/backup\/wp-json\/wp\/v2\/posts\/24965"}],"collection":[{"href":"https:\/\/centcols.org\/backup\/wp-json\/wp\/v2\/posts"}],"about":[{"href":"https:\/\/centcols.org\/backup\/wp-json\/wp\/v2\/types\/post"}],"author":[{"embeddable":true,"href":"https:\/\/centcols.org\/backup\/wp-json\/wp\/v2\/users\/147"}],"replies":[{"embeddable":true,"href":"https:\/\/centcols.org\/backup\/wp-json\/wp\/v2\/comments?post=24965"}],"version-history":[{"count":0,"href":"https:\/\/centcols.org\/backup\/wp-json\/wp\/v2\/posts\/24965\/revisions"}],"wp:attachment":[{"href":"https:\/\/centcols.org\/backup\/wp-json\/wp\/v2\/media?parent=24965"}],"wp:term":[{"taxonomy":"category","embeddable":true,"href":"https:\/\/centcols.org\/backup\/wp-json\/wp\/v2\/categories?post=24965"},{"taxonomy":"post_tag","embeddable":true,"href":"https:\/\/centcols.org\/backup\/wp-json\/wp\/v2\/tags?post=24965"}],"curies":[{"name":"wp","href":"https:\/\/api.w.org\/{rel}","templated":true}]}}