{"id":24967,"date":"2017-03-07T18:01:58","date_gmt":"2017-03-07T17:01:58","guid":{"rendered":"http:\/\/centcols.org\/backup\/?p=24967"},"modified":"2017-07-10T21:30:02","modified_gmt":"2017-07-10T19:30:02","slug":"concentration-regionale-languedoc-roussillon-2017","status":"publish","type":"post","link":"https:\/\/centcols.org\/backup\/concentration-regionale-languedoc-roussillon-2017\/","title":{"rendered":"Concentration r\u00e9gionale Languedoc &#8211; Roussillon, sortie Michel Bernardini le 10 septembre 2017"},"content":{"rendered":"<p>Dimanche 10 septembre, Languedoc &#8211; Roussillon<br \/>\nSortie Michel Bernardini<\/p>\n<p>Cette ann\u00e9e, et toujours afin de ne pas d\u00e9roger \u00e0 une belle tradition, quelques cols \u00e0 plus de 2000 m vous serons propos\u00e9s.<br \/>\nD\u00e9part de Barruera dans la province de Lleida en Espagne.<\/p>\n<p>Possibilit\u00e9, le samedi, d&#8217;effectuer un parcours au d\u00e9part de Castellars, circuit de 22 cols avec 1800 m de d\u00e9nivel\u00e9.<\/p>\n<h3>Contact<\/h3>\n<p>Jean-Pierre Lambert<br \/>\n09 53 62 15 71 &#8211; 06 74 63 27 42<br \/>\n<a href=\"ma&#105;lt&#111;&#58;&#104;&#105;g&#104;lan&#100;&#46;&#102;lo&#119;&#101;&#114;&#64;&#102;r&#101;e&#46;&#102;&#114;\">&#104;&#105;ghla&#110;&#100;.flo&#119;er&#64;f&#114;e&#101;&#46;f&#114;<\/a><\/p>\n","protected":false},"excerpt":{"rendered":"<p>Dimanche 10 septembre, Languedoc &#8211; Roussillon Sortie Michel Bernardini Cette ann\u00e9e, et toujours afin de ne pas d\u00e9roger \u00e0 une belle tradition, quelques cols \u00e0 plus de 2000 m vous serons propos\u00e9s. D\u00e9part de Barruera dans la province de Lleida en Espagne. Possibilit\u00e9, le samedi, d&#8217;effectuer un parcours au d\u00e9part de Castellars, circuit de 22 [&hellip;]<\/p>\n","protected":false},"author":147,"featured_media":0,"comment_status":"closed","ping_status":"closed","sticky":false,"template":"","format":"standard","meta":{"_acf_changed":false,"ub_ctt_via":"","_monsterinsights_skip_tracking":false,"_monsterinsights_sitenote_active":false,"_monsterinsights_sitenote_note":"","_monsterinsights_sitenote_category":0,"footnotes":""},"categories":[125],"tags":[],"acf":[],"featured_image_urls":{"full":"","thumbnail":"","medium":"","medium_large":"","large":"","1536x1536":"","2048x2048":"","woocommerce_thumbnail":"","woocommerce_single":"","woocommerce_gallery_thumbnail":""},"post_excerpt_stackable":"<p>Dimanche 10 septembre, Languedoc &#8211; Roussillon Sortie Michel Bernardini Cette ann\u00e9e, et toujours afin de ne pas d\u00e9roger \u00e0 une belle tradition, quelques cols \u00e0 plus de 2000 m vous serons propos\u00e9s. D\u00e9part de Barruera dans la province de Lleida en Espagne. Possibilit\u00e9, le samedi, d&#8217;effectuer un parcours au d\u00e9part de Castellars, circuit de 22 cols avec 1800 m de d\u00e9nivel\u00e9. Contact Jean-Pierre Lambert 09 53 62 15 71 &#8211; 06 74 63 27 42 hi&#103;&#104;&#108;&#97;&#110;&#100;&#46;&#102;&#108;ow&#101;r&#64;&#102;ree&#46;&#102;&#114;<\/p>\n","category_list":"<a href=\"https:\/\/centcols.org\/backup\/categorie\/rassemblements\/rassemblements-2017\/\" rel=\"category tag\">Les rassemblements de 2017<\/a>","author_info":{"display_name":"Guy Harl\u00e9","author_link":"https:\/\/centcols.org\/backup\/author\/5193\/"},"comments_num":"0 commentaire","featured_image_urls_v2":{"full":"","thumbnail":"","medium":"","medium_large":"","large":"","1536x1536":"","2048x2048":"","woocommerce_thumbnail":"","woocommerce_single":"","woocommerce_gallery_thumbnail":""},"post_excerpt_stackable_v2":"<p>Dimanche 10 septembre, Languedoc &#8211; Roussillon Sortie Michel Bernardini Cette ann\u00e9e, et toujours afin de ne pas d\u00e9roger \u00e0 une belle tradition, quelques cols \u00e0 plus de 2000 m vous serons propos\u00e9s. D\u00e9part de Barruera dans la province de Lleida en Espagne. Possibilit\u00e9, le samedi, d&#8217;effectuer un parcours au d\u00e9part de Castellars, circuit de 22 cols avec 1800 m de d\u00e9nivel\u00e9. Contact Jean-Pierre Lambert 09 53 62 15 71 &#8211; 06 74 63 27 42 high&#108;an&#100;.f&#108;&#111;wer&#64;f&#114;&#101;&#101;&#46;&#102;r<\/p>\n","category_list_v2":"<a href=\"https:\/\/centcols.org\/backup\/categorie\/rassemblements\/rassemblements-2017\/\" rel=\"category tag\">Les rassemblements de 2017<\/a>","author_info_v2":{"name":"Guy Harl\u00e9","url":"https:\/\/centcols.org\/backup\/author\/5193\/"},"comments_num_v2":"0 commentaire","featured_image_src":null,"_links":{"self":[{"href":"https:\/\/centcols.org\/backup\/wp-json\/wp\/v2\/posts\/24967"}],"collection":[{"href":"https:\/\/centcols.org\/backup\/wp-json\/wp\/v2\/posts"}],"about":[{"href":"https:\/\/centcols.org\/backup\/wp-json\/wp\/v2\/types\/post"}],"author":[{"embeddable":true,"href":"https:\/\/centcols.org\/backup\/wp-json\/wp\/v2\/users\/147"}],"replies":[{"embeddable":true,"href":"https:\/\/centcols.org\/backup\/wp-json\/wp\/v2\/comments?post=24967"}],"version-history":[{"count":0,"href":"https:\/\/centcols.org\/backup\/wp-json\/wp\/v2\/posts\/24967\/revisions"}],"wp:attachment":[{"href":"https:\/\/centcols.org\/backup\/wp-json\/wp\/v2\/media?parent=24967"}],"wp:term":[{"taxonomy":"category","embeddable":true,"href":"https:\/\/centcols.org\/backup\/wp-json\/wp\/v2\/categories?post=24967"},{"taxonomy":"post_tag","embeddable":true,"href":"https:\/\/centcols.org\/backup\/wp-json\/wp\/v2\/tags?post=24967"}],"curies":[{"name":"wp","href":"https:\/\/api.w.org\/{rel}","templated":true}]}}