{"id":24968,"date":"2017-03-07T19:00:09","date_gmt":"2017-03-07T18:00:09","guid":{"rendered":"http:\/\/centcols.org\/backup\/?p=24968"},"modified":"2018-01-30T19:26:35","modified_gmt":"2018-01-30T18:26:35","slug":"concentration-regionale-massif-central-est-2017","status":"publish","type":"post","link":"https:\/\/centcols.org\/backup\/concentration-regionale-massif-central-est-2017\/","title":{"rendered":"Concentration r\u00e9gionale Massif Central Est au col de Pavezin le 24 septembre 2017"},"content":{"rendered":"<p>Dimanche 24 septembre 2017, Massif Central est<br \/>\nSouvenir V\u00e9locio<br \/>\nCol de Pavezin, 651 m (Loire)<\/p>\n<h3>Contact<\/h3>\n<p>Jean-Paul Galambaud<br \/>\n10rue L\u00e9on Lamaizi\u00e8re<br \/>\n42000 SAINT-ETIENNE<br \/>\n04 77 79 16 18<br \/>\n<a href=\"&#109;a&#105;&#108;to:j&#112;g&#97;&#108;&#97;&#109;&#98;&#97;u&#100;&#64;o&#114;&#97;&#110;&#103;e&#46;f&#114;\">jp&#103;&#97;&#108;&#97;mb&#97;ud&#64;&#111;&#114;an&#103;&#101;&#46;f&#114;<\/a><\/p>\n","protected":false},"excerpt":{"rendered":"<p>Dimanche 24 septembre 2017, Massif Central est Souvenir V\u00e9locio Col de Pavezin, 651 m (Loire) Contact Jean-Paul Galambaud 10rue L\u00e9on Lamaizi\u00e8re 42000 SAINT-ETIENNE 04 77 79 16 18<\/p>\n","protected":false},"author":147,"featured_media":0,"comment_status":"closed","ping_status":"closed","sticky":false,"template":"","format":"standard","meta":{"_acf_changed":false,"ub_ctt_via":"","_monsterinsights_skip_tracking":false,"_monsterinsights_sitenote_active":false,"_monsterinsights_sitenote_note":"","_monsterinsights_sitenote_category":0,"footnotes":""},"categories":[125],"tags":[],"acf":[],"featured_image_urls":{"full":"","thumbnail":"","medium":"","medium_large":"","large":"","1536x1536":"","2048x2048":"","woocommerce_thumbnail":"","woocommerce_single":"","woocommerce_gallery_thumbnail":""},"post_excerpt_stackable":"<p>Dimanche 24 septembre 2017, Massif Central est Souvenir V\u00e9locio Col de Pavezin, 651 m (Loire) Contact Jean-Paul Galambaud 10rue L\u00e9on Lamaizi\u00e8re 42000 SAINT-ETIENNE 04 77 79 16 18 j&#112;&#103;al&#97;m&#98;&#97;u&#100;&#64;&#111;ran&#103;e&#46;&#102;&#114;<\/p>\n","category_list":"<a href=\"https:\/\/centcols.org\/backup\/categorie\/rassemblements\/rassemblements-2017\/\" rel=\"category tag\">Les rassemblements de 2017<\/a>","author_info":{"display_name":"Guy Harl\u00e9","author_link":"https:\/\/centcols.org\/backup\/author\/5193\/"},"comments_num":"0 commentaire","featured_image_urls_v2":{"full":"","thumbnail":"","medium":"","medium_large":"","large":"","1536x1536":"","2048x2048":"","woocommerce_thumbnail":"","woocommerce_single":"","woocommerce_gallery_thumbnail":""},"post_excerpt_stackable_v2":"<p>Dimanche 24 septembre 2017, Massif Central est Souvenir V\u00e9locio Col de Pavezin, 651 m (Loire) Contact Jean-Paul Galambaud 10rue L\u00e9on Lamaizi\u00e8re 42000 SAINT-ETIENNE 04 77 79 16 18 j&#112;&#103;&#97;&#108;am&#98;a&#117;&#100;&#64;oran&#103;e&#46;&#102;r<\/p>\n","category_list_v2":"<a href=\"https:\/\/centcols.org\/backup\/categorie\/rassemblements\/rassemblements-2017\/\" rel=\"category tag\">Les rassemblements de 2017<\/a>","author_info_v2":{"name":"Guy Harl\u00e9","url":"https:\/\/centcols.org\/backup\/author\/5193\/"},"comments_num_v2":"0 commentaire","featured_image_src":null,"_links":{"self":[{"href":"https:\/\/centcols.org\/backup\/wp-json\/wp\/v2\/posts\/24968"}],"collection":[{"href":"https:\/\/centcols.org\/backup\/wp-json\/wp\/v2\/posts"}],"about":[{"href":"https:\/\/centcols.org\/backup\/wp-json\/wp\/v2\/types\/post"}],"author":[{"embeddable":true,"href":"https:\/\/centcols.org\/backup\/wp-json\/wp\/v2\/users\/147"}],"replies":[{"embeddable":true,"href":"https:\/\/centcols.org\/backup\/wp-json\/wp\/v2\/comments?post=24968"}],"version-history":[{"count":0,"href":"https:\/\/centcols.org\/backup\/wp-json\/wp\/v2\/posts\/24968\/revisions"}],"wp:attachment":[{"href":"https:\/\/centcols.org\/backup\/wp-json\/wp\/v2\/media?parent=24968"}],"wp:term":[{"taxonomy":"category","embeddable":true,"href":"https:\/\/centcols.org\/backup\/wp-json\/wp\/v2\/categories?post=24968"},{"taxonomy":"post_tag","embeddable":true,"href":"https:\/\/centcols.org\/backup\/wp-json\/wp\/v2\/tags?post=24968"}],"curies":[{"name":"wp","href":"https:\/\/api.w.org\/{rel}","templated":true}]}}