{"id":24969,"date":"2017-03-08T21:42:39","date_gmt":"2017-03-08T20:42:39","guid":{"rendered":"http:\/\/centcols.org\/backup\/?p=24969"},"modified":"2017-09-27T13:56:08","modified_gmt":"2017-09-27T11:56:08","slug":"concentration-regionale-pyrenees-2017","status":"publish","type":"post","link":"https:\/\/centcols.org\/backup\/concentration-regionale-pyrenees-2017\/","title":{"rendered":"Concentration r\u00e9gionale Pyr\u00e9n\u00e9es au col de Rille le 1er octobre 2017"},"content":{"rendered":"<p>Dimanche 1er octobre 2017, Pyr\u00e9n\u00e9es<br \/>\nCol de Rille, 938 m (Ari\u00e8ge)<\/p>\n<h3>Contact<\/h3>\n<p>Alain Gillodes<br \/>\n05 61 56 74 35<br \/>\n<a href=\"m&#97;ilt&#111;&#58;a&#108;&#97;i&#110;&#46;g&#105;&#108;&#108;&#111;&#100;e&#115;&#64;&#111;ran&#103;&#101;&#46;&#102;r\">a&#108;ai&#110;&#46;gill&#111;&#100;e&#115;&#64;&#111;&#114;&#97;ng&#101;&#46;&#102;&#114;<\/a><\/p>\n","protected":false},"excerpt":{"rendered":"<p>Dimanche 1er octobre 2017, Pyr\u00e9n\u00e9es Col de Rille, 938 m (Ari\u00e8ge) Contact Alain Gillodes 05 61 56 74 35<\/p>\n","protected":false},"author":147,"featured_media":0,"comment_status":"closed","ping_status":"closed","sticky":false,"template":"","format":"standard","meta":{"_acf_changed":false,"ub_ctt_via":"","_monsterinsights_skip_tracking":false,"_monsterinsights_sitenote_active":false,"_monsterinsights_sitenote_note":"","_monsterinsights_sitenote_category":0,"footnotes":""},"categories":[125],"tags":[],"acf":[],"featured_image_urls":{"full":"","thumbnail":"","medium":"","medium_large":"","large":"","1536x1536":"","2048x2048":"","woocommerce_thumbnail":"","woocommerce_single":"","woocommerce_gallery_thumbnail":""},"post_excerpt_stackable":"<p>Dimanche 1er octobre 2017, Pyr\u00e9n\u00e9es Col de Rille, 938 m (Ari\u00e8ge) Contact Alain Gillodes 05 61 56 74 35 a&#108;&#97;i&#110;&#46;&#103;&#105;&#108;lo&#100;es&#64;&#111;r&#97;&#110;&#103;e.&#102;&#114;<\/p>\n","category_list":"<a href=\"https:\/\/centcols.org\/backup\/categorie\/rassemblements\/rassemblements-2017\/\" rel=\"category tag\">Les rassemblements de 2017<\/a>","author_info":{"display_name":"Guy Harl\u00e9","author_link":"https:\/\/centcols.org\/backup\/author\/5193\/"},"comments_num":"0 commentaire","featured_image_urls_v2":{"full":"","thumbnail":"","medium":"","medium_large":"","large":"","1536x1536":"","2048x2048":"","woocommerce_thumbnail":"","woocommerce_single":"","woocommerce_gallery_thumbnail":""},"post_excerpt_stackable_v2":"<p>Dimanche 1er octobre 2017, Pyr\u00e9n\u00e9es Col de Rille, 938 m (Ari\u00e8ge) Contact Alain Gillodes 05 61 56 74 35 ala&#105;n&#46;g&#105;&#108;&#108;&#111;des&#64;&#111;&#114;&#97;&#110;&#103;&#101;.&#102;r<\/p>\n","category_list_v2":"<a href=\"https:\/\/centcols.org\/backup\/categorie\/rassemblements\/rassemblements-2017\/\" rel=\"category tag\">Les rassemblements de 2017<\/a>","author_info_v2":{"name":"Guy Harl\u00e9","url":"https:\/\/centcols.org\/backup\/author\/5193\/"},"comments_num_v2":"0 commentaire","featured_image_src":null,"_links":{"self":[{"href":"https:\/\/centcols.org\/backup\/wp-json\/wp\/v2\/posts\/24969"}],"collection":[{"href":"https:\/\/centcols.org\/backup\/wp-json\/wp\/v2\/posts"}],"about":[{"href":"https:\/\/centcols.org\/backup\/wp-json\/wp\/v2\/types\/post"}],"author":[{"embeddable":true,"href":"https:\/\/centcols.org\/backup\/wp-json\/wp\/v2\/users\/147"}],"replies":[{"embeddable":true,"href":"https:\/\/centcols.org\/backup\/wp-json\/wp\/v2\/comments?post=24969"}],"version-history":[{"count":0,"href":"https:\/\/centcols.org\/backup\/wp-json\/wp\/v2\/posts\/24969\/revisions"}],"wp:attachment":[{"href":"https:\/\/centcols.org\/backup\/wp-json\/wp\/v2\/media?parent=24969"}],"wp:term":[{"taxonomy":"category","embeddable":true,"href":"https:\/\/centcols.org\/backup\/wp-json\/wp\/v2\/categories?post=24969"},{"taxonomy":"post_tag","embeddable":true,"href":"https:\/\/centcols.org\/backup\/wp-json\/wp\/v2\/tags?post=24969"}],"curies":[{"name":"wp","href":"https:\/\/api.w.org\/{rel}","templated":true}]}}