{"id":24979,"date":"2017-03-07T10:30:18","date_gmt":"2017-03-07T09:30:18","guid":{"rendered":"http:\/\/centcols.org\/backup\/?p=24979"},"modified":"2023-06-04T13:53:21","modified_gmt":"2023-06-04T11:53:21","slug":"raduno-2017-ormea","status":"publish","type":"post","link":"https:\/\/centcols.org\/backup\/raduno-2017-ormea\/","title":{"rendered":"Raduno italiano ad Ormea (Cuneo) dal 10-11 giugno 2017"},"content":{"rendered":"<p>Texte en fran\u00e7ais: voir plus bas.<\/p>\n<p><em>Raduno italiano 2017: pedalare in montagna col mare all\u2019orizzonte<\/em><\/p>\n<p>Quest\u2019anno ci incontreremo in Val Tanaro ad Ormea, in provincia di Cuneo, nella zona diconfine tra Piemonte e Liguria dove sono previsti due <a href=\"\/membres\/cctours\/tours.php?lieu=Ormea&amp;an=2017&amp;genre=R\">percorsi stradali<\/a> (R1 e R2) e due <a href=\"\/membres\/cctours\/tours.php?lieu=Ormea&amp;an=2017&amp;genre=V\">percorsi per MTB<\/a> (V1 e V2).<br \/>\nIl percorso R1 parte dall\u2019Albergo Italia di Ormea, gli altri partono da Garessio.<br \/>\nEntrambi i percorsi stradali presentano brevi tratti di strada sterrata perfettamente ciclabile ma sono comunque consigliati pneumatici da 25mm per limitare i rischi di foratura.<br \/>\nI percorsi V1 e V2 sono quasi completamente ciclabili con brevi tratti a spinta.<br \/>\nTutti i percorsi previsti possono essere accorciati in funzione delle proprie energie.<\/p>\n<p>Soggiorneremo all\u2019Albergo Italia, in via Generale Cagna n.43 ad Ormea (CN) Tel. +39 0174 391147 <a href=\"http:\/\/www.albergoitaliaormea.it\/\">http:\/\/www.albergoitaliaormea.it<br \/>\n<\/a>I prezzi concordati per i soci CCC prevedono un costo di 56\u20ac con pernottamento in camera doppia o matrimoniale e trattamento di pensione completa compreso quindi il pranzo al sacco; sono previste ulteriori riduzioni per le camere pi\u00f9 numerose. Nell\u2019ampia area antistante l\u2019Albergo c\u2019\u00e8 la possibilit\u00e0 di pernottare con i camper.<\/p>\n<p>Cartografia di riferimento:<\/p>\n<ul>\n<li>Carta topografica-escursionistica scala 1:25000 n\u00b019 di Fraternali Editore<\/li>\n<li>Carta dei rifugi e dei sentieri n\u00b0 15 scala 1:50000 Istituto Geografico Centrale<\/li>\n<\/ul>\n<p>Per ogni informazione non esitate a contattare:<\/p>\n<p>Daniele Ghigo<br \/>\n+39 34 74 19 28 80<br \/>\n<a href=\"mailto:deniel_san@inwind.it\">deniel_san@inwind.it<\/a><\/p>\n<div id=\"attachment_24984\" style=\"width: 510px\" class=\"wp-caption alignnone\"><img loading=\"lazy\" decoding=\"async\" aria-describedby=\"caption-attachment-24984\" class=\"wp-image-24984 size-medium\" src=\"https:\/\/centcols.org\/backup\/wp-content\/uploads\/2017\/03\/Foto1a-500x333.jpg\" alt=\"Colle di Prato Rotondo\" width=\"500\" height=\"333\" srcset=\"https:\/\/centcols.org\/backup\/wp-content\/uploads\/2017\/03\/Foto1a-500x333.jpg 500w, https:\/\/centcols.org\/backup\/wp-content\/uploads\/2017\/03\/Foto1a-600x400.jpg 600w, https:\/\/centcols.org\/backup\/wp-content\/uploads\/2017\/03\/Foto1a.jpg 750w\" sizes=\"(max-width: 500px) 100vw, 500px\" \/><p id=\"caption-attachment-24984\" class=\"wp-caption-text\">Arrivando al Colle di Prato Rotondo &#8211; la route menant au Colle di Prato Rotondo<\/p><\/div>\n<p>&nbsp;<\/p>\n<p><em>Rassemblement italien en 2017,\u00a0 p\u00e9daler en montagne avec la mer \u00e0 l&#8217;horizon<\/em><\/p>\n<p>Cette ann\u00e9e, nous allons nous rencontrer au Val Tanaro \u00e0 Ormea, dans la province de Cuneo, entre le Pi\u00e9mont et la Ligurie, o\u00f9 sont propos\u00e9s deux <a href=\"\/membres\/cctours\/tours.php?lieu=Ormea&amp;an=2017&amp;genre=R\">itin\u00e9raires routiers<\/a> (R1 et R2) et deux <a href=\"\/membres\/cctours\/tours.php?lieu=Ormea&amp;an=2017&amp;genre=V\">itin\u00e9raires pour VTT<\/a> (V1 et V2). L\u2019itin\u00e9raire R1 part de l&#8217;H\u00f4tel Italia de Ormea, les autres partiront de Garessio.<br \/>\nPour les routiers pr\u00e9voir des pneus de 25mm car il y a de courts tron\u00e7ons de route non goudronn\u00e9e mais bien cyclables pour l\u2019itin\u00e9raire R1 et pour le R2.<br \/>\nLes itin\u00e9raires V1 et V2 sont bien cyclables avec quelques courts poussages.<br \/>\nTous les itin\u00e9raires pr\u00e9vus peuvent \u00eatre raccourcis en fonction de\u00a0 sa forme.<\/p>\n<p>Nous s\u00e9journerons \u00e0 l&#8217;Albergo Italia, via Generale Cagna 43 \u00e0 Ormea (CN) T\u00e9l. +39 0174 391147 <a href=\"http:\/\/www.albergoitaliaormea.it\/\">http:\/\/www.albergoitaliaormea.it<br \/>\n<\/a>Les prix convenus pour les membres de la CCC pr\u00e9voient un co\u00fbt de 56 \u20ac avec h\u00e9bergement en chambres \u00e0 deux lits ou avec un grand lit en pension compl\u00e8te incluant un pique-nique; des r\u00e9ductions suppl\u00e9mentaires sont pr\u00e9vues pour les grandes chambres.<br \/>\nSur la place en face de l&#8217;h\u00f4tel, il y a la possibilit\u00e9 de\u00a0 stationner les caravanes ou camping-cars.<\/p>\n<p>Cartes de r\u00e9f\u00e9rence:<\/p>\n<ul>\n<li>Carta topografica-escursionistica scala 1:25000 n\u00b019 di Fraternali Editore<\/li>\n<li>Carta dei rifugi e dei sentieri n\u00b0 15 scala 1:50000 Istituto Geografico Centrale<\/li>\n<\/ul>\n<p>Pour informations n\u2019h\u00e9sitez pas \u00e0 contacter:<br \/>\nDaniele Ghigo<br \/>\n+39 34 74 19 28 80<br \/>\n<a href=\"mailto:deniel_san@inwind.it\">deniel_san@inwind.it<\/a><\/p>\n<div id=\"attachment_24986\" style=\"width: 510px\" class=\"wp-caption alignnone\"><img loading=\"lazy\" decoding=\"async\" aria-describedby=\"caption-attachment-24986\" class=\"wp-image-24986 size-medium\" src=\"https:\/\/centcols.org\/backup\/wp-content\/uploads\/2017\/03\/Foto2a-500x333.jpg\" alt=\"Colle Scravaion\" width=\"500\" height=\"333\" srcset=\"https:\/\/centcols.org\/backup\/wp-content\/uploads\/2017\/03\/Foto2a-500x333.jpg 500w, https:\/\/centcols.org\/backup\/wp-content\/uploads\/2017\/03\/Foto2a-600x400.jpg 600w, https:\/\/centcols.org\/backup\/wp-content\/uploads\/2017\/03\/Foto2a.jpg 750w\" sizes=\"(max-width: 500px) 100vw, 500px\" \/><p id=\"caption-attachment-24986\" class=\"wp-caption-text\">Il colle Scravaion visto da Castelvecchio &#8211; le Col Scravaion vu de Castelvecchio<\/p><\/div>\n","protected":false},"excerpt":{"rendered":"<p>Texte en fran\u00e7ais: voir plus bas. Raduno italiano 2017: pedalare in montagna col mare all\u2019orizzonte Quest\u2019anno ci incontreremo in Val Tanaro ad Ormea, in provincia di Cuneo, nella zona diconfine tra Piemonte e Liguria dove sono previsti due percorsi stradali (R1 e R2) e due percorsi per MTB (V1 e V2). Il percorso R1 parte [&hellip;]<\/p>\n","protected":false},"author":15,"featured_media":0,"comment_status":"closed","ping_status":"closed","sticky":false,"template":"","format":"standard","meta":{"_acf_changed":false,"ub_ctt_via":"","_monsterinsights_skip_tracking":false,"_monsterinsights_sitenote_active":false,"_monsterinsights_sitenote_note":"","_monsterinsights_sitenote_category":0,"footnotes":""},"categories":[125],"tags":[],"acf":[],"featured_image_urls":{"full":"","thumbnail":"","medium":"","medium_large":"","large":"","1536x1536":"","2048x2048":"","woocommerce_thumbnail":"","woocommerce_single":"","woocommerce_gallery_thumbnail":""},"post_excerpt_stackable":"<p>Texte en fran\u00e7ais: voir plus bas. Raduno italiano 2017: pedalare in montagna col mare all\u2019orizzonte Quest\u2019anno ci incontreremo in Val Tanaro ad Ormea, in provincia di Cuneo, nella zona diconfine tra Piemonte e Liguria dove sono previsti due percorsi stradali (R1 e R2) e due percorsi per MTB (V1 e V2). Il percorso R1 parte dall\u2019Albergo Italia di Ormea, gli altri partono da Garessio. Entrambi i percorsi stradali presentano brevi tratti di strada sterrata perfettamente ciclabile ma sono comunque consigliati pneumatici da 25mm per limitare i rischi di foratura. I percorsi V1 e V2 sono quasi completamente ciclabili con brevi\u2026<\/p>\n","category_list":"<a href=\"https:\/\/centcols.org\/backup\/categorie\/rassemblements\/rassemblements-2017\/\" rel=\"category tag\">Les rassemblements de 2017<\/a>","author_info":{"display_name":"Patrick Schleppi","author_link":"https:\/\/centcols.org\/backup\/author\/5845\/"},"comments_num":"0 commentaire","featured_image_urls_v2":{"full":"","thumbnail":"","medium":"","medium_large":"","large":"","1536x1536":"","2048x2048":"","woocommerce_thumbnail":"","woocommerce_single":"","woocommerce_gallery_thumbnail":""},"post_excerpt_stackable_v2":"<p>Texte en fran\u00e7ais: voir plus bas. Raduno italiano 2017: pedalare in montagna col mare all\u2019orizzonte Quest\u2019anno ci incontreremo in Val Tanaro ad Ormea, in provincia di Cuneo, nella zona diconfine tra Piemonte e Liguria dove sono previsti due percorsi stradali (R1 e R2) e due percorsi per MTB (V1 e V2). Il percorso R1 parte dall\u2019Albergo Italia di Ormea, gli altri partono da Garessio. Entrambi i percorsi stradali presentano brevi tratti di strada sterrata perfettamente ciclabile ma sono comunque consigliati pneumatici da 25mm per limitare i rischi di foratura. I percorsi V1 e V2 sono quasi completamente ciclabili con brevi\u2026<\/p>\n","category_list_v2":"<a href=\"https:\/\/centcols.org\/backup\/categorie\/rassemblements\/rassemblements-2017\/\" rel=\"category tag\">Les rassemblements de 2017<\/a>","author_info_v2":{"name":"Patrick Schleppi","url":"https:\/\/centcols.org\/backup\/author\/5845\/"},"comments_num_v2":"0 commentaire","featured_image_src":null,"_links":{"self":[{"href":"https:\/\/centcols.org\/backup\/wp-json\/wp\/v2\/posts\/24979"}],"collection":[{"href":"https:\/\/centcols.org\/backup\/wp-json\/wp\/v2\/posts"}],"about":[{"href":"https:\/\/centcols.org\/backup\/wp-json\/wp\/v2\/types\/post"}],"author":[{"embeddable":true,"href":"https:\/\/centcols.org\/backup\/wp-json\/wp\/v2\/users\/15"}],"replies":[{"embeddable":true,"href":"https:\/\/centcols.org\/backup\/wp-json\/wp\/v2\/comments?post=24979"}],"version-history":[{"count":0,"href":"https:\/\/centcols.org\/backup\/wp-json\/wp\/v2\/posts\/24979\/revisions"}],"wp:attachment":[{"href":"https:\/\/centcols.org\/backup\/wp-json\/wp\/v2\/media?parent=24979"}],"wp:term":[{"taxonomy":"category","embeddable":true,"href":"https:\/\/centcols.org\/backup\/wp-json\/wp\/v2\/categories?post=24979"},{"taxonomy":"post_tag","embeddable":true,"href":"https:\/\/centcols.org\/backup\/wp-json\/wp\/v2\/tags?post=24979"}],"curies":[{"name":"wp","href":"https:\/\/api.w.org\/{rel}","templated":true}]}}