{"id":25012,"date":"2017-03-07T10:00:27","date_gmt":"2017-03-07T09:00:27","guid":{"rendered":"http:\/\/centcols.org\/backup\/?p=25012"},"modified":"2017-03-30T18:57:29","modified_gmt":"2017-03-30T16:57:29","slug":"suisse-montricher","status":"publish","type":"post","link":"https:\/\/centcols.org\/backup\/suisse-montricher\/","title":{"rendered":"Montricher, Suisse, sortie VTT 27 mai 2017"},"content":{"rendered":"<p>Samedi 27 mai 2017, Montricher, Suisse<\/p>\n<p>Rendez-vous au parking des Ages, au d\u00e9part de la route du Mont-Tendre \u00e0 9 h 30 pour le caf\u00e9, d\u00e9part \u00e0 10 h<br \/>\nCircuit de 30 km, 1 col, 900 m de d\u00e9nivel\u00e9 : Col du Mont-Tendre<\/p>\n<p><img loading=\"lazy\" decoding=\"async\" class=\"alignnone size-medium wp-image-25013\" src=\"https:\/\/centcols.org\/backup\/wp-content\/uploads\/2017\/03\/Montricher-500x322.jpg\" alt=\"\" width=\"500\" height=\"322\" srcset=\"https:\/\/centcols.org\/backup\/wp-content\/uploads\/2017\/03\/Montricher-500x322.jpg 500w, https:\/\/centcols.org\/backup\/wp-content\/uploads\/2017\/03\/Montricher-600x387.jpg 600w, https:\/\/centcols.org\/backup\/wp-content\/uploads\/2017\/03\/Montricher-768x495.jpg 768w, https:\/\/centcols.org\/backup\/wp-content\/uploads\/2017\/03\/Montricher.jpg 773w\" sizes=\"(max-width: 500px) 100vw, 500px\" \/><\/p>\n<h3>Contact<\/h3>\n<p>Pierre Mai<br \/>\nroute du signal 22<br \/>\n1165 Allaman<br \/>\n(00 41) 021 807 34 17, Natel (0041) 76 498 58 73<br \/>\n<a href=\"mai&#108;&#116;o:&#112;mai&#64;&#98;lue&#119;&#105;&#110;&#46;c&#104;\">p&#109;&#97;i&#64;b&#108;&#117;e&#119;in.&#99;&#104;<\/a><\/p>\n","protected":false},"excerpt":{"rendered":"<p>Samedi 27 mai 2017, Montricher, Suisse Rendez-vous au parking des Ages, au d\u00e9part de la route du Mont-Tendre \u00e0 9 h 30 pour le caf\u00e9, d\u00e9part \u00e0 10 h Circuit de 30 km, 1 col, 900 m de d\u00e9nivel\u00e9 : Col du Mont-Tendre Contact Pierre Mai route du signal 22 1165 Allaman (00 41) 021 [&hellip;]<\/p>\n","protected":false},"author":147,"featured_media":0,"comment_status":"closed","ping_status":"closed","sticky":false,"template":"","format":"standard","meta":{"_acf_changed":false,"ub_ctt_via":"","_monsterinsights_skip_tracking":false,"_monsterinsights_sitenote_active":false,"_monsterinsights_sitenote_note":"","_monsterinsights_sitenote_category":0,"footnotes":""},"categories":[125,7],"tags":[],"acf":[],"featured_image_urls":{"full":"","thumbnail":"","medium":"","medium_large":"","large":"","1536x1536":"","2048x2048":"","woocommerce_thumbnail":"","woocommerce_single":"","woocommerce_gallery_thumbnail":""},"post_excerpt_stackable":"<p>Samedi 27 mai 2017, Montricher, Suisse Rendez-vous au parking des Ages, au d\u00e9part de la route du Mont-Tendre \u00e0 9 h 30 pour le caf\u00e9, d\u00e9part \u00e0 10 h Circuit de 30 km, 1 col, 900 m de d\u00e9nivel\u00e9 : Col du Mont-Tendre Contact Pierre Mai route du signal 22 1165 Allaman (00 41) 021 807 34 17, Natel (0041) 76 498 58 73 p&#109;a&#105;&#64;b&#108;&#117;e&#119;i&#110;.ch<\/p>\n","category_list":"<a href=\"https:\/\/centcols.org\/backup\/categorie\/rassemblements\/rassemblements-2017\/\" rel=\"category tag\">Les rassemblements de 2017<\/a>, <a href=\"https:\/\/centcols.org\/backup\/categorie\/rassemblements\/\" rel=\"category tag\">Rencontres r\u00e9gionales<\/a>","author_info":{"display_name":"Guy Harl\u00e9","author_link":"https:\/\/centcols.org\/backup\/author\/5193\/"},"comments_num":"0 commentaire","featured_image_urls_v2":{"full":"","thumbnail":"","medium":"","medium_large":"","large":"","1536x1536":"","2048x2048":"","woocommerce_thumbnail":"","woocommerce_single":"","woocommerce_gallery_thumbnail":""},"post_excerpt_stackable_v2":"<p>Samedi 27 mai 2017, Montricher, Suisse Rendez-vous au parking des Ages, au d\u00e9part de la route du Mont-Tendre \u00e0 9 h 30 pour le caf\u00e9, d\u00e9part \u00e0 10 h Circuit de 30 km, 1 col, 900 m de d\u00e9nivel\u00e9 : Col du Mont-Tendre Contact Pierre Mai route du signal 22 1165 Allaman (00 41) 021 807 34 17, Natel (0041) 76 498 58 73 &#112;ma&#105;&#64;bluewin.&#99;&#104;<\/p>\n","category_list_v2":"<a href=\"https:\/\/centcols.org\/backup\/categorie\/rassemblements\/rassemblements-2017\/\" rel=\"category tag\">Les rassemblements de 2017<\/a>, <a href=\"https:\/\/centcols.org\/backup\/categorie\/rassemblements\/\" rel=\"category tag\">Rencontres r\u00e9gionales<\/a>","author_info_v2":{"name":"Guy Harl\u00e9","url":"https:\/\/centcols.org\/backup\/author\/5193\/"},"comments_num_v2":"0 commentaire","featured_image_src":null,"_links":{"self":[{"href":"https:\/\/centcols.org\/backup\/wp-json\/wp\/v2\/posts\/25012"}],"collection":[{"href":"https:\/\/centcols.org\/backup\/wp-json\/wp\/v2\/posts"}],"about":[{"href":"https:\/\/centcols.org\/backup\/wp-json\/wp\/v2\/types\/post"}],"author":[{"embeddable":true,"href":"https:\/\/centcols.org\/backup\/wp-json\/wp\/v2\/users\/147"}],"replies":[{"embeddable":true,"href":"https:\/\/centcols.org\/backup\/wp-json\/wp\/v2\/comments?post=25012"}],"version-history":[{"count":0,"href":"https:\/\/centcols.org\/backup\/wp-json\/wp\/v2\/posts\/25012\/revisions"}],"wp:attachment":[{"href":"https:\/\/centcols.org\/backup\/wp-json\/wp\/v2\/media?parent=25012"}],"wp:term":[{"taxonomy":"category","embeddable":true,"href":"https:\/\/centcols.org\/backup\/wp-json\/wp\/v2\/categories?post=25012"},{"taxonomy":"post_tag","embeddable":true,"href":"https:\/\/centcols.org\/backup\/wp-json\/wp\/v2\/tags?post=25012"}],"curies":[{"name":"wp","href":"https:\/\/api.w.org\/{rel}","templated":true}]}}