{"id":25015,"date":"2017-03-07T12:00:19","date_gmt":"2017-03-07T11:00:19","guid":{"rendered":"http:\/\/centcols.org\/backup\/?p=25015"},"modified":"2017-03-30T18:58:50","modified_gmt":"2017-03-30T16:58:50","slug":"suisse-diablerets-2017","status":"publish","type":"post","link":"https:\/\/centcols.org\/backup\/suisse-diablerets-2017\/","title":{"rendered":"Suisse, Les Diablerets, les + 2000 \u00e0 VTT, le 1er juillet 2017"},"content":{"rendered":"<p>Samedi 1er juillet 2017, Suisse, Les Diablerets, VTT, + 2000<\/p>\n<p>Rendez-vous au parking sortie du village direction col de la Croix \u00e0 8h30 pour le caf\u00e9, d\u00e9part \u00e0 9h00.<\/p>\n<p>4 cols dont 1 \u00e0 plus de 2000 m, 34 km, 1100 m de d\u00e9nivel\u00e9.<\/p>\n<p><img loading=\"lazy\" decoding=\"async\" class=\"alignnone size-medium wp-image-25016\" src=\"https:\/\/centcols.org\/backup\/wp-content\/uploads\/2017\/03\/Diablerets-500x322.jpg\" alt=\"\" width=\"500\" height=\"322\" srcset=\"https:\/\/centcols.org\/backup\/wp-content\/uploads\/2017\/03\/Diablerets-500x322.jpg 500w, https:\/\/centcols.org\/backup\/wp-content\/uploads\/2017\/03\/Diablerets-600x386.jpg 600w, https:\/\/centcols.org\/backup\/wp-content\/uploads\/2017\/03\/Diablerets.jpg 716w\" sizes=\"(max-width: 500px) 100vw, 500px\" \/><\/p>\n<h3>Contact<\/h3>\n<p>Pierre Mai<br \/>\nroute du Signal 22<br \/>\n1165 Allaman<br \/>\n(0041) 021 807 34 17 \u00a0Natel (0041) 76 498 58 73<br \/>\n<a href=\"&#109;a&#105;&#108;t&#111;&#58;p&#109;a&#105;&#64;b&#108;uewi&#110;&#46;c&#104;\">pm&#97;i&#64;b&#108;u&#101;&#119;i&#110;&#46;&#99;h<\/a><\/p>\n","protected":false},"excerpt":{"rendered":"<p>Samedi 1er juillet 2017, Suisse, Les Diablerets, VTT, + 2000 Rendez-vous au parking sortie du village direction col de la Croix \u00e0 8h30 pour le caf\u00e9, d\u00e9part \u00e0 9h00. 4 cols dont 1 \u00e0 plus de 2000 m, 34 km, 1100 m de d\u00e9nivel\u00e9. Contact Pierre Mai route du Signal 22 1165 Allaman (0041) 021 [&hellip;]<\/p>\n","protected":false},"author":147,"featured_media":0,"comment_status":"closed","ping_status":"closed","sticky":false,"template":"","format":"standard","meta":{"_acf_changed":false,"ub_ctt_via":"","_monsterinsights_skip_tracking":false,"_monsterinsights_sitenote_active":false,"_monsterinsights_sitenote_note":"","_monsterinsights_sitenote_category":0,"footnotes":""},"categories":[125,7],"tags":[],"acf":[],"featured_image_urls":{"full":"","thumbnail":"","medium":"","medium_large":"","large":"","1536x1536":"","2048x2048":"","woocommerce_thumbnail":"","woocommerce_single":"","woocommerce_gallery_thumbnail":""},"post_excerpt_stackable":"<p>Samedi 1er juillet 2017, Suisse, Les Diablerets, VTT, + 2000 Rendez-vous au parking sortie du village direction col de la Croix \u00e0 8h30 pour le caf\u00e9, d\u00e9part \u00e0 9h00. 4 cols dont 1 \u00e0 plus de 2000 m, 34 km, 1100 m de d\u00e9nivel\u00e9. Contact Pierre Mai route du Signal 22 1165 Allaman (0041) 021 807 34 17 \u00a0Natel (0041) 76 498 58 73 &#112;m&#97;i&#64;b&#108;u&#101;w&#105;n.&#99;h<\/p>\n","category_list":"<a href=\"https:\/\/centcols.org\/backup\/categorie\/rassemblements\/rassemblements-2017\/\" rel=\"category tag\">Les rassemblements de 2017<\/a>, <a href=\"https:\/\/centcols.org\/backup\/categorie\/rassemblements\/\" rel=\"category tag\">Rencontres r\u00e9gionales<\/a>","author_info":{"display_name":"Guy Harl\u00e9","author_link":"https:\/\/centcols.org\/backup\/author\/5193\/"},"comments_num":"0 commentaire","featured_image_urls_v2":{"full":"","thumbnail":"","medium":"","medium_large":"","large":"","1536x1536":"","2048x2048":"","woocommerce_thumbnail":"","woocommerce_single":"","woocommerce_gallery_thumbnail":""},"post_excerpt_stackable_v2":"<p>Samedi 1er juillet 2017, Suisse, Les Diablerets, VTT, + 2000 Rendez-vous au parking sortie du village direction col de la Croix \u00e0 8h30 pour le caf\u00e9, d\u00e9part \u00e0 9h00. 4 cols dont 1 \u00e0 plus de 2000 m, 34 km, 1100 m de d\u00e9nivel\u00e9. Contact Pierre Mai route du Signal 22 1165 Allaman (0041) 021 807 34 17 \u00a0Natel (0041) 76 498 58 73 &#112;&#109;a&#105;&#64;&#98;luewin&#46;&#99;&#104;<\/p>\n","category_list_v2":"<a href=\"https:\/\/centcols.org\/backup\/categorie\/rassemblements\/rassemblements-2017\/\" rel=\"category tag\">Les rassemblements de 2017<\/a>, <a href=\"https:\/\/centcols.org\/backup\/categorie\/rassemblements\/\" rel=\"category tag\">Rencontres r\u00e9gionales<\/a>","author_info_v2":{"name":"Guy Harl\u00e9","url":"https:\/\/centcols.org\/backup\/author\/5193\/"},"comments_num_v2":"0 commentaire","featured_image_src":null,"_links":{"self":[{"href":"https:\/\/centcols.org\/backup\/wp-json\/wp\/v2\/posts\/25015"}],"collection":[{"href":"https:\/\/centcols.org\/backup\/wp-json\/wp\/v2\/posts"}],"about":[{"href":"https:\/\/centcols.org\/backup\/wp-json\/wp\/v2\/types\/post"}],"author":[{"embeddable":true,"href":"https:\/\/centcols.org\/backup\/wp-json\/wp\/v2\/users\/147"}],"replies":[{"embeddable":true,"href":"https:\/\/centcols.org\/backup\/wp-json\/wp\/v2\/comments?post=25015"}],"version-history":[{"count":0,"href":"https:\/\/centcols.org\/backup\/wp-json\/wp\/v2\/posts\/25015\/revisions"}],"wp:attachment":[{"href":"https:\/\/centcols.org\/backup\/wp-json\/wp\/v2\/media?parent=25015"}],"wp:term":[{"taxonomy":"category","embeddable":true,"href":"https:\/\/centcols.org\/backup\/wp-json\/wp\/v2\/categories?post=25015"},{"taxonomy":"post_tag","embeddable":true,"href":"https:\/\/centcols.org\/backup\/wp-json\/wp\/v2\/tags?post=25015"}],"curies":[{"name":"wp","href":"https:\/\/api.w.org\/{rel}","templated":true}]}}