{"id":25024,"date":"2017-03-07T13:00:13","date_gmt":"2017-03-07T12:00:13","guid":{"rendered":"http:\/\/centcols.org\/backup\/?p=25024"},"modified":"2017-05-23T16:36:49","modified_gmt":"2017-05-23T14:36:49","slug":"suisse-troistorrents-vtt","status":"publish","type":"post","link":"https:\/\/centcols.org\/backup\/suisse-troistorrents-vtt\/","title":{"rendered":"Suisse, Troistorrents, VTT, le 22 juillet 2017"},"content":{"rendered":"<p>Samedi 22 juillet 2017, Suisse, Troistorrents, VTT<\/p>\n<p>Rendez-vous au parking de la salle polyvalente \u00e0 8 h 30 pour le caf\u00e9, d\u00e9part \u00e0 9 h<\/p>\n<p>4 cols dont 1 \u00e0 plus de 2000 m, 35 km, 1500 m de d\u00e9nivel\u00e9.<\/p>\n<p><a href=\"https:\/\/centcols.org\/backup\/wp-content\/uploads\/2017\/03\/Troistorrents.jpg\"><img loading=\"lazy\" decoding=\"async\" class=\"alignnone size-medium wp-image-25025\" src=\"https:\/\/centcols.org\/backup\/wp-content\/uploads\/2017\/03\/Troistorrents-500x320.jpg\" alt=\"\" width=\"500\" height=\"320\" srcset=\"https:\/\/centcols.org\/backup\/wp-content\/uploads\/2017\/03\/Troistorrents-500x320.jpg 500w, https:\/\/centcols.org\/backup\/wp-content\/uploads\/2017\/03\/Troistorrents-600x384.jpg 600w, https:\/\/centcols.org\/backup\/wp-content\/uploads\/2017\/03\/Troistorrents.jpg 758w\" sizes=\"(max-width: 500px) 100vw, 500px\" \/><\/a><\/p>\n<h3>Contact<\/h3>\n<p>Alain Besson<br \/>\nchemin des Coumenets 11<br \/>\n1000 Lausanne<br \/>\nT\u00e9l.: +41 21\u00a0544 85 20, mobile: +41 79 605 36 30<br \/>\n<a href=\"ma&#105;l&#116;o:&#97;&#49;bes&#115;on&#64;gma&#105;l.c&#111;&#109;\">&#97;1b&#101;&#115;&#115;on&#64;&#103;&#109;&#97;&#105;l&#46;c&#111;m<\/a><\/p>\n","protected":false},"excerpt":{"rendered":"<p>Samedi 22 juillet 2017, Suisse, Troistorrents, VTT Rendez-vous au parking de la salle polyvalente \u00e0 8 h 30 pour le caf\u00e9, d\u00e9part \u00e0 9 h 4 cols dont 1 \u00e0 plus de 2000 m, 35 km, 1500 m de d\u00e9nivel\u00e9. Contact Alain Besson chemin des Coumenets 11 1000 Lausanne T\u00e9l.: +41 21\u00a0544 85 20, mobile: [&hellip;]<\/p>\n","protected":false},"author":147,"featured_media":0,"comment_status":"closed","ping_status":"closed","sticky":false,"template":"","format":"standard","meta":{"_acf_changed":false,"ub_ctt_via":"","_monsterinsights_skip_tracking":false,"_monsterinsights_sitenote_active":false,"_monsterinsights_sitenote_note":"","_monsterinsights_sitenote_category":0,"footnotes":""},"categories":[125,7],"tags":[],"acf":[],"featured_image_urls":{"full":"","thumbnail":"","medium":"","medium_large":"","large":"","1536x1536":"","2048x2048":"","woocommerce_thumbnail":"","woocommerce_single":"","woocommerce_gallery_thumbnail":""},"post_excerpt_stackable":"<p>Samedi 22 juillet 2017, Suisse, Troistorrents, VTT Rendez-vous au parking de la salle polyvalente \u00e0 8 h 30 pour le caf\u00e9, d\u00e9part \u00e0 9 h 4 cols dont 1 \u00e0 plus de 2000 m, 35 km, 1500 m de d\u00e9nivel\u00e9. Contact Alain Besson chemin des Coumenets 11 1000 Lausanne T\u00e9l.: +41 21\u00a0544 85 20, mobile: +41 79 605 36 30 a1be&#115;&#115;o&#110;&#64;g&#109;a&#105;l&#46;&#99;&#111;m<\/p>\n","category_list":"<a href=\"https:\/\/centcols.org\/backup\/categorie\/rassemblements\/rassemblements-2017\/\" rel=\"category tag\">Les rassemblements de 2017<\/a>, <a href=\"https:\/\/centcols.org\/backup\/categorie\/rassemblements\/\" rel=\"category tag\">Rencontres r\u00e9gionales<\/a>","author_info":{"display_name":"Guy Harl\u00e9","author_link":"https:\/\/centcols.org\/backup\/author\/5193\/"},"comments_num":"0 commentaire","featured_image_urls_v2":{"full":"","thumbnail":"","medium":"","medium_large":"","large":"","1536x1536":"","2048x2048":"","woocommerce_thumbnail":"","woocommerce_single":"","woocommerce_gallery_thumbnail":""},"post_excerpt_stackable_v2":"<p>Samedi 22 juillet 2017, Suisse, Troistorrents, VTT Rendez-vous au parking de la salle polyvalente \u00e0 8 h 30 pour le caf\u00e9, d\u00e9part \u00e0 9 h 4 cols dont 1 \u00e0 plus de 2000 m, 35 km, 1500 m de d\u00e9nivel\u00e9. Contact Alain Besson chemin des Coumenets 11 1000 Lausanne T\u00e9l.: +41 21\u00a0544 85 20, mobile: +41 79 605 36 30 &#97;&#49;&#98;&#101;s&#115;on&#64;&#103;&#109;&#97;i&#108;&#46;&#99;&#111;m<\/p>\n","category_list_v2":"<a href=\"https:\/\/centcols.org\/backup\/categorie\/rassemblements\/rassemblements-2017\/\" rel=\"category tag\">Les rassemblements de 2017<\/a>, <a href=\"https:\/\/centcols.org\/backup\/categorie\/rassemblements\/\" rel=\"category tag\">Rencontres r\u00e9gionales<\/a>","author_info_v2":{"name":"Guy Harl\u00e9","url":"https:\/\/centcols.org\/backup\/author\/5193\/"},"comments_num_v2":"0 commentaire","featured_image_src":null,"_links":{"self":[{"href":"https:\/\/centcols.org\/backup\/wp-json\/wp\/v2\/posts\/25024"}],"collection":[{"href":"https:\/\/centcols.org\/backup\/wp-json\/wp\/v2\/posts"}],"about":[{"href":"https:\/\/centcols.org\/backup\/wp-json\/wp\/v2\/types\/post"}],"author":[{"embeddable":true,"href":"https:\/\/centcols.org\/backup\/wp-json\/wp\/v2\/users\/147"}],"replies":[{"embeddable":true,"href":"https:\/\/centcols.org\/backup\/wp-json\/wp\/v2\/comments?post=25024"}],"version-history":[{"count":0,"href":"https:\/\/centcols.org\/backup\/wp-json\/wp\/v2\/posts\/25024\/revisions"}],"wp:attachment":[{"href":"https:\/\/centcols.org\/backup\/wp-json\/wp\/v2\/media?parent=25024"}],"wp:term":[{"taxonomy":"category","embeddable":true,"href":"https:\/\/centcols.org\/backup\/wp-json\/wp\/v2\/categories?post=25024"},{"taxonomy":"post_tag","embeddable":true,"href":"https:\/\/centcols.org\/backup\/wp-json\/wp\/v2\/tags?post=25024"}],"curies":[{"name":"wp","href":"https:\/\/api.w.org\/{rel}","templated":true}]}}