{"id":25657,"date":"2018-01-30T10:14:33","date_gmt":"2018-01-30T09:14:33","guid":{"rendered":"http:\/\/centcols.org\/backup\/?p=25657"},"modified":"2018-01-30T12:59:35","modified_gmt":"2018-01-30T11:59:35","slug":"vaumarcus-suisse-vtt-26-mai-2018","status":"publish","type":"post","link":"https:\/\/centcols.org\/backup\/vaumarcus-suisse-vtt-26-mai-2018\/","title":{"rendered":"Vaumarcus, Suisse, sortie VTT, 26 mai 2018"},"content":{"rendered":"<p>Samedi 26 mai 2018, Vaumarcus, Suisse<\/p>\n<p>Rendez-vous au parking de la plage de Vaumarcus \u00e0 9 h 30 pour le caf\u00e9, d\u00e9part \u00e0 10 h 00<strong><br \/>\n<\/strong>32 km, 2 cols, 1200 m de d\u00e9nivel\u00e9. Col de la Lagua CH-NE-1295 et Pertuis de Bise CH-NE-1375<\/p>\n<p><a href=\"https:\/\/centcols.org\/backup\/wp-content\/uploads\/2018\/01\/vaumarcus.jpg\"><img loading=\"lazy\" decoding=\"async\" class=\"alignnone wp-image-25658\" src=\"https:\/\/centcols.org\/backup\/wp-content\/uploads\/2018\/01\/vaumarcus-500x320.jpg\" alt=\"\" width=\"581\" height=\"372\" srcset=\"https:\/\/centcols.org\/backup\/wp-content\/uploads\/2018\/01\/vaumarcus-500x320.jpg 500w, https:\/\/centcols.org\/backup\/wp-content\/uploads\/2018\/01\/vaumarcus-600x384.jpg 600w, https:\/\/centcols.org\/backup\/wp-content\/uploads\/2018\/01\/vaumarcus.jpg 697w\" sizes=\"(max-width: 581px) 100vw, 581px\" \/><\/a><\/p>\n<h3>Contact<\/h3>\n<p>Pierre Mai<br \/>\nVy de Bi\u00e8re 8<br \/>\nCH-1144 Ballens<br \/>\nT\u00e9l :\u00a0(0041) 021 807 34 17\u00a0\u00a0Natel\u00a0: 0041 76 498 58 73<br \/>\n<a href=\"ma&#105;l&#116;&#111;&#58;p&#109;ai&#64;&#98;lu&#101;win.&#99;h\">&#112;&#109;&#97;i&#64;&#98;&#108;ue&#119;in&#46;ch<\/a><\/p>\n","protected":false},"excerpt":{"rendered":"<p>Samedi 26 mai 2018, Vaumarcus, Suisse Rendez-vous au parking de la plage de Vaumarcus \u00e0 9 h 30 pour le caf\u00e9, d\u00e9part \u00e0 10 h 00 32 km, 2 cols, 1200 m de d\u00e9nivel\u00e9. Col de la Lagua CH-NE-1295 et Pertuis de Bise CH-NE-1375 Contact Pierre Mai Vy de Bi\u00e8re 8 CH-1144 Ballens T\u00e9l :\u00a0(0041) [&hellip;]<\/p>\n","protected":false},"author":147,"featured_media":0,"comment_status":"closed","ping_status":"closed","sticky":false,"template":"","format":"standard","meta":{"_acf_changed":false,"ub_ctt_via":"","_monsterinsights_skip_tracking":false,"_monsterinsights_sitenote_active":false,"_monsterinsights_sitenote_note":"","_monsterinsights_sitenote_category":0,"footnotes":""},"categories":[137,7],"tags":[],"acf":[],"featured_image_urls":{"full":"","thumbnail":"","medium":"","medium_large":"","large":"","1536x1536":"","2048x2048":"","woocommerce_thumbnail":"","woocommerce_single":"","woocommerce_gallery_thumbnail":""},"post_excerpt_stackable":"<p>Samedi 26 mai 2018, Vaumarcus, Suisse Rendez-vous au parking de la plage de Vaumarcus \u00e0 9 h 30 pour le caf\u00e9, d\u00e9part \u00e0 10 h 00 32 km, 2 cols, 1200 m de d\u00e9nivel\u00e9. Col de la Lagua CH-NE-1295 et Pertuis de Bise CH-NE-1375 Contact Pierre Mai Vy de Bi\u00e8re 8 CH-1144 Ballens T\u00e9l :\u00a0(0041) 021 807 34 17\u00a0\u00a0Natel\u00a0: 0041 76 498 58 73 &#112;m&#97;i&#64;blu&#101;w&#105;n&#46;ch<\/p>\n","category_list":"<a href=\"https:\/\/centcols.org\/backup\/categorie\/rassemblements\/rassemblements-2018\/\" rel=\"category tag\">Les rassemblements de 2018<\/a>, <a href=\"https:\/\/centcols.org\/backup\/categorie\/rassemblements\/\" rel=\"category tag\">Rencontres r\u00e9gionales<\/a>","author_info":{"display_name":"Guy Harl\u00e9","author_link":"https:\/\/centcols.org\/backup\/author\/5193\/"},"comments_num":"0 commentaire","featured_image_urls_v2":{"full":"","thumbnail":"","medium":"","medium_large":"","large":"","1536x1536":"","2048x2048":"","woocommerce_thumbnail":"","woocommerce_single":"","woocommerce_gallery_thumbnail":""},"post_excerpt_stackable_v2":"<p>Samedi 26 mai 2018, Vaumarcus, Suisse Rendez-vous au parking de la plage de Vaumarcus \u00e0 9 h 30 pour le caf\u00e9, d\u00e9part \u00e0 10 h 00 32 km, 2 cols, 1200 m de d\u00e9nivel\u00e9. Col de la Lagua CH-NE-1295 et Pertuis de Bise CH-NE-1375 Contact Pierre Mai Vy de Bi\u00e8re 8 CH-1144 Ballens T\u00e9l :\u00a0(0041) 021 807 34 17\u00a0\u00a0Natel\u00a0: 0041 76 498 58 73 &#112;&#109;ai&#64;blu&#101;wi&#110;.&#99;h<\/p>\n","category_list_v2":"<a href=\"https:\/\/centcols.org\/backup\/categorie\/rassemblements\/rassemblements-2018\/\" rel=\"category tag\">Les rassemblements de 2018<\/a>, <a href=\"https:\/\/centcols.org\/backup\/categorie\/rassemblements\/\" rel=\"category tag\">Rencontres r\u00e9gionales<\/a>","author_info_v2":{"name":"Guy Harl\u00e9","url":"https:\/\/centcols.org\/backup\/author\/5193\/"},"comments_num_v2":"0 commentaire","featured_image_src":null,"_links":{"self":[{"href":"https:\/\/centcols.org\/backup\/wp-json\/wp\/v2\/posts\/25657"}],"collection":[{"href":"https:\/\/centcols.org\/backup\/wp-json\/wp\/v2\/posts"}],"about":[{"href":"https:\/\/centcols.org\/backup\/wp-json\/wp\/v2\/types\/post"}],"author":[{"embeddable":true,"href":"https:\/\/centcols.org\/backup\/wp-json\/wp\/v2\/users\/147"}],"replies":[{"embeddable":true,"href":"https:\/\/centcols.org\/backup\/wp-json\/wp\/v2\/comments?post=25657"}],"version-history":[{"count":0,"href":"https:\/\/centcols.org\/backup\/wp-json\/wp\/v2\/posts\/25657\/revisions"}],"wp:attachment":[{"href":"https:\/\/centcols.org\/backup\/wp-json\/wp\/v2\/media?parent=25657"}],"wp:term":[{"taxonomy":"category","embeddable":true,"href":"https:\/\/centcols.org\/backup\/wp-json\/wp\/v2\/categories?post=25657"},{"taxonomy":"post_tag","embeddable":true,"href":"https:\/\/centcols.org\/backup\/wp-json\/wp\/v2\/tags?post=25657"}],"curies":[{"name":"wp","href":"https:\/\/api.w.org\/{rel}","templated":true}]}}