{"id":25659,"date":"2018-01-30T12:00:52","date_gmt":"2018-01-30T11:00:52","guid":{"rendered":"http:\/\/centcols.org\/backup\/?p=25659"},"modified":"2018-06-04T13:23:00","modified_gmt":"2018-06-04T11:23:00","slug":"concentration-regionale-alpes-du-nord-col-tamie-2-juin-2018","status":"publish","type":"post","link":"https:\/\/centcols.org\/backup\/concentration-regionale-alpes-du-nord-col-tamie-2-juin-2018\/","title":{"rendered":"Concentration r\u00e9gionale Alpes du Nord, col de Tami\u00e9 le 2 juin 2018"},"content":{"rendered":"<p>Samedi 2 juin 2018, Alpes du Nord<br \/>\nCol de Tami\u00e9, 907 m (Savoie)<\/p>\n<p><span lang=\"FR\">Quatre mont\u00e9es possibles \u00e0 partir d&#8217;Albertville (73), de Mercury (73), de Frontenex (73) ou de Faverges (74)<\/span><\/p>\n<p><span lang=\"FR\">Nous proposons un d\u00e9part group\u00e9 d&#8217;Albertville, parking \u00e0 l&#8217;entr\u00e9e de la ville en venant d&#8217;Ugine, le long du quai des Allobroges.<br \/>\nRendez-vous \u00e0 partir de 8 h pour un d\u00e9part group\u00e9 vers 8 h 30 (pond\u00e9r\u00e9 du quart d&#8217;heure savoyard).<\/span><\/p>\n<p><span lang=\"FR\">Accueil sur le parking du col de Tami\u00e9 (\u00e0 100 m du col) vers 11 h 30 pour partager pain, saucisson, fromages et verre de l&#8217;amiti\u00e9.<br \/>\n<\/span><span lang=\"FR\">Tout proche du col, forteresse de Tami\u00e9, la plus importante de la Combe de Savoie, et l&#8217;abbaye de Tami\u00e9<br \/>\nProduits r\u00e9gionaux dans la boutique du fort et \u00e0 l\u2019abbaye de Tami\u00e9 toute proche.<br \/>\n<\/span><span lang=\"FR\">Possibilit\u00e9 de garer les camping cars sur les parkings du col et du fort de Tami\u00e9.<\/span><\/p>\n<h3>Circuits<\/h3>\n<p><strong>Route 1<\/strong> (4 cols), 22 km, d\u00e9nivel\u00e9 800 m : Passer le pont en direction de Beaufort, prendre la voie cyclable imm\u00e9diatement \u00e0 gauche en sortie de pont et aller en direction d&#8217;Ugine, rejoindre Th\u00e9n\u00e9sol, monter au col du Vorger (707 m) puis Allondaz, Chevronnet o\u00f9 l&#8217;on passe le Coleron (565 m), puis direction Mercury, \u00e0 droite avant Mercury en direction de La Soffaz, mont\u00e9e au Collet de Tami\u00e9 (955 m), et laisser couler jusqu&#8217;au col de Tami\u00e9 (907 m).<br \/>\n<strong>Route 2<\/strong> (3 cols),14,5 km, d\u00e9nivel\u00e9 700 m : Partir par la ville, Saint-Sigismond, Pertuis, Le Villard, et monter \u00e0 Chevronnet o\u00f9 l&#8217;on rejoint le circuit 1.<\/p>\n<p><strong>Fichiers de g\u00e9olocalisation<\/strong> :\u00a0<a href=\"https:\/\/centcols.org\/backup\/wp-content\/uploads\/2018\/01\/circuits-Tamie.zip\">A charger ici<\/a><\/p>\n<h3>Contact<\/h3>\n<p>Guy Harl\u00e9<br \/>\n04 50 60 67 27 &#8211; 06 77 11 17 03<br \/>\n<a href=\"&#109;a&#105;&#108;&#116;o:&#103;uy.h&#97;&#114;&#108;e&#64;&#103;&#109;a&#105;&#108;&#46;&#99;&#111;&#109;\">&#103;&#117;y&#46;h&#97;&#114;&#108;&#101;&#64;gm&#97;i&#108;&#46;&#99;o&#109;<\/a><\/p>\n","protected":false},"excerpt":{"rendered":"<p>Samedi 2 juin 2018, Alpes du Nord Col de Tami\u00e9, 907 m (Savoie) Quatre mont\u00e9es possibles \u00e0 partir d&#8217;Albertville (73), de Mercury (73), de Frontenex (73) ou de Faverges (74) Nous proposons un d\u00e9part group\u00e9 d&#8217;Albertville, parking \u00e0 l&#8217;entr\u00e9e de la ville en venant d&#8217;Ugine, le long du quai des Allobroges. Rendez-vous \u00e0 partir de [&hellip;]<\/p>\n","protected":false},"author":147,"featured_media":0,"comment_status":"closed","ping_status":"closed","sticky":false,"template":"","format":"standard","meta":{"_acf_changed":false,"ub_ctt_via":"","_monsterinsights_skip_tracking":false,"_monsterinsights_sitenote_active":false,"_monsterinsights_sitenote_note":"","_monsterinsights_sitenote_category":0,"footnotes":""},"categories":[137,7],"tags":[],"acf":[],"featured_image_urls":{"full":"","thumbnail":"","medium":"","medium_large":"","large":"","1536x1536":"","2048x2048":"","woocommerce_thumbnail":"","woocommerce_single":"","woocommerce_gallery_thumbnail":""},"post_excerpt_stackable":"<p>Samedi 2 juin 2018, Alpes du Nord Col de Tami\u00e9, 907 m (Savoie) Quatre mont\u00e9es possibles \u00e0 partir d&#8217;Albertville (73), de Mercury (73), de Frontenex (73) ou de Faverges (74) Nous proposons un d\u00e9part group\u00e9 d&#8217;Albertville, parking \u00e0 l&#8217;entr\u00e9e de la ville en venant d&#8217;Ugine, le long du quai des Allobroges. Rendez-vous \u00e0 partir de 8 h pour un d\u00e9part group\u00e9 vers 8 h 30 (pond\u00e9r\u00e9 du quart d&#8217;heure savoyard). Accueil sur le parking du col de Tami\u00e9 (\u00e0 100 m du col) vers 11 h 30 pour partager pain, saucisson, fromages et verre de l&#8217;amiti\u00e9. Tout proche du col,\u2026<\/p>\n","category_list":"<a href=\"https:\/\/centcols.org\/backup\/categorie\/rassemblements\/rassemblements-2018\/\" rel=\"category tag\">Les rassemblements de 2018<\/a>, <a href=\"https:\/\/centcols.org\/backup\/categorie\/rassemblements\/\" rel=\"category tag\">Rencontres r\u00e9gionales<\/a>","author_info":{"display_name":"Guy Harl\u00e9","author_link":"https:\/\/centcols.org\/backup\/author\/5193\/"},"comments_num":"0 commentaire","featured_image_urls_v2":{"full":"","thumbnail":"","medium":"","medium_large":"","large":"","1536x1536":"","2048x2048":"","woocommerce_thumbnail":"","woocommerce_single":"","woocommerce_gallery_thumbnail":""},"post_excerpt_stackable_v2":"<p>Samedi 2 juin 2018, Alpes du Nord Col de Tami\u00e9, 907 m (Savoie) Quatre mont\u00e9es possibles \u00e0 partir d&#8217;Albertville (73), de Mercury (73), de Frontenex (73) ou de Faverges (74) Nous proposons un d\u00e9part group\u00e9 d&#8217;Albertville, parking \u00e0 l&#8217;entr\u00e9e de la ville en venant d&#8217;Ugine, le long du quai des Allobroges. Rendez-vous \u00e0 partir de 8 h pour un d\u00e9part group\u00e9 vers 8 h 30 (pond\u00e9r\u00e9 du quart d&#8217;heure savoyard). Accueil sur le parking du col de Tami\u00e9 (\u00e0 100 m du col) vers 11 h 30 pour partager pain, saucisson, fromages et verre de l&#8217;amiti\u00e9. Tout proche du col,\u2026<\/p>\n","category_list_v2":"<a href=\"https:\/\/centcols.org\/backup\/categorie\/rassemblements\/rassemblements-2018\/\" rel=\"category tag\">Les rassemblements de 2018<\/a>, <a href=\"https:\/\/centcols.org\/backup\/categorie\/rassemblements\/\" rel=\"category tag\">Rencontres r\u00e9gionales<\/a>","author_info_v2":{"name":"Guy Harl\u00e9","url":"https:\/\/centcols.org\/backup\/author\/5193\/"},"comments_num_v2":"0 commentaire","featured_image_src":null,"_links":{"self":[{"href":"https:\/\/centcols.org\/backup\/wp-json\/wp\/v2\/posts\/25659"}],"collection":[{"href":"https:\/\/centcols.org\/backup\/wp-json\/wp\/v2\/posts"}],"about":[{"href":"https:\/\/centcols.org\/backup\/wp-json\/wp\/v2\/types\/post"}],"author":[{"embeddable":true,"href":"https:\/\/centcols.org\/backup\/wp-json\/wp\/v2\/users\/147"}],"replies":[{"embeddable":true,"href":"https:\/\/centcols.org\/backup\/wp-json\/wp\/v2\/comments?post=25659"}],"version-history":[{"count":0,"href":"https:\/\/centcols.org\/backup\/wp-json\/wp\/v2\/posts\/25659\/revisions"}],"wp:attachment":[{"href":"https:\/\/centcols.org\/backup\/wp-json\/wp\/v2\/media?parent=25659"}],"wp:term":[{"taxonomy":"category","embeddable":true,"href":"https:\/\/centcols.org\/backup\/wp-json\/wp\/v2\/categories?post=25659"},{"taxonomy":"post_tag","embeddable":true,"href":"https:\/\/centcols.org\/backup\/wp-json\/wp\/v2\/tags?post=25659"}],"curies":[{"name":"wp","href":"https:\/\/api.w.org\/{rel}","templated":true}]}}