{"id":25660,"date":"2018-01-30T12:11:47","date_gmt":"2018-01-30T11:11:47","guid":{"rendered":"http:\/\/centcols.org\/backup\/?p=25660"},"modified":"2018-01-30T12:11:47","modified_gmt":"2018-01-30T11:11:47","slug":"lenk-suisse-sortie-2000-9-juin-2018","status":"publish","type":"post","link":"https:\/\/centcols.org\/backup\/lenk-suisse-sortie-2000-9-juin-2018\/","title":{"rendered":"Lenk, Suisse, sortie cols plus de 2000, 9 juin 2018"},"content":{"rendered":"<p>Samedi 9 juin 2018, Lenk, Suisse<\/p>\n<p><span lang=\"FR\">Rendez-vous au parking du t\u00e9l\u00e9ph\u00e9rique de la Lenk-Metsch \u00e0 8 h 30 pour le caf\u00e9, d\u00e9part \u00e0 9 h<br \/>\n<\/span><span lang=\"FR\">2 cols dont 1 \u00e0 plus de 2000 m, 20 Km, d\u00e9nivel\u00e9 1100 m. Hahnenmoospass (CH-BE-1950b) et Pommernpass (CH-BE-2055)<\/span><\/p>\n<p><a href=\"https:\/\/centcols.org\/backup\/wp-content\/uploads\/2018\/01\/lenk.jpg\"><img loading=\"lazy\" decoding=\"async\" class=\"alignnone  wp-image-25661\" src=\"https:\/\/centcols.org\/backup\/wp-content\/uploads\/2018\/01\/lenk-500x306.jpg\" alt=\"\" width=\"658\" height=\"403\" srcset=\"https:\/\/centcols.org\/backup\/wp-content\/uploads\/2018\/01\/lenk-500x306.jpg 500w, https:\/\/centcols.org\/backup\/wp-content\/uploads\/2018\/01\/lenk-600x368.jpg 600w, https:\/\/centcols.org\/backup\/wp-content\/uploads\/2018\/01\/lenk.jpg 700w\" sizes=\"(max-width: 658px) 100vw, 658px\" \/><\/a><\/p>\n<h3>Contact<\/h3>\n<p>Alain Besson<br \/>\nChemin des Coumenets 11<br \/>\nCH-1000 Lausanne<br \/>\nT\u00e9l\u00a0: (0041) 021\u00a0544 85 20\u00a0\u00a0 Natel\u00a0: 00 41 795 989\u00a0220<br \/>\n<a href=\"&#109;&#97;ilt&#111;&#58;&#97;&#49;be&#115;s&#111;n&#64;gm&#97;&#105;l.&#99;&#111;m\">a&#49;&#98;&#101;&#115;s&#111;&#110;&#64;gma&#105;l.co&#109;<\/a><\/p>\n","protected":false},"excerpt":{"rendered":"<p>Samedi 9 juin 2018, Lenk, Suisse Rendez-vous au parking du t\u00e9l\u00e9ph\u00e9rique de la Lenk-Metsch \u00e0 8 h 30 pour le caf\u00e9, d\u00e9part \u00e0 9 h 2 cols dont 1 \u00e0 plus de 2000 m, 20 Km, d\u00e9nivel\u00e9 1100 m. Hahnenmoospass (CH-BE-1950b) et Pommernpass (CH-BE-2055) Contact Alain Besson Chemin des Coumenets 11 CH-1000 Lausanne T\u00e9l\u00a0: (0041) [&hellip;]<\/p>\n","protected":false},"author":147,"featured_media":0,"comment_status":"closed","ping_status":"closed","sticky":false,"template":"","format":"standard","meta":{"_acf_changed":false,"ub_ctt_via":"","_monsterinsights_skip_tracking":false,"_monsterinsights_sitenote_active":false,"_monsterinsights_sitenote_note":"","_monsterinsights_sitenote_category":0,"footnotes":""},"categories":[137,7],"tags":[],"acf":[],"featured_image_urls":{"full":"","thumbnail":"","medium":"","medium_large":"","large":"","1536x1536":"","2048x2048":"","woocommerce_thumbnail":"","woocommerce_single":"","woocommerce_gallery_thumbnail":""},"post_excerpt_stackable":"<p>Samedi 9 juin 2018, Lenk, Suisse Rendez-vous au parking du t\u00e9l\u00e9ph\u00e9rique de la Lenk-Metsch \u00e0 8 h 30 pour le caf\u00e9, d\u00e9part \u00e0 9 h 2 cols dont 1 \u00e0 plus de 2000 m, 20 Km, d\u00e9nivel\u00e9 1100 m. Hahnenmoospass (CH-BE-1950b) et Pommernpass (CH-BE-2055) Contact Alain Besson Chemin des Coumenets 11 CH-1000 Lausanne T\u00e9l\u00a0: (0041) 021\u00a0544 85 20\u00a0\u00a0 Natel\u00a0: 00 41 795 989\u00a0220 a&#49;be&#115;&#115;o&#110;&#64;&#103;&#109;ail&#46;&#99;o&#109;<\/p>\n","category_list":"<a href=\"https:\/\/centcols.org\/backup\/categorie\/rassemblements\/rassemblements-2018\/\" rel=\"category tag\">Les rassemblements de 2018<\/a>, <a href=\"https:\/\/centcols.org\/backup\/categorie\/rassemblements\/\" rel=\"category tag\">Rencontres r\u00e9gionales<\/a>","author_info":{"display_name":"Guy Harl\u00e9","author_link":"https:\/\/centcols.org\/backup\/author\/5193\/"},"comments_num":"0 commentaire","featured_image_urls_v2":{"full":"","thumbnail":"","medium":"","medium_large":"","large":"","1536x1536":"","2048x2048":"","woocommerce_thumbnail":"","woocommerce_single":"","woocommerce_gallery_thumbnail":""},"post_excerpt_stackable_v2":"<p>Samedi 9 juin 2018, Lenk, Suisse Rendez-vous au parking du t\u00e9l\u00e9ph\u00e9rique de la Lenk-Metsch \u00e0 8 h 30 pour le caf\u00e9, d\u00e9part \u00e0 9 h 2 cols dont 1 \u00e0 plus de 2000 m, 20 Km, d\u00e9nivel\u00e9 1100 m. Hahnenmoospass (CH-BE-1950b) et Pommernpass (CH-BE-2055) Contact Alain Besson Chemin des Coumenets 11 CH-1000 Lausanne T\u00e9l\u00a0: (0041) 021\u00a0544 85 20\u00a0\u00a0 Natel\u00a0: 00 41 795 989\u00a0220 a1be&#115;&#115;o&#110;&#64;&#103;m&#97;il.&#99;om<\/p>\n","category_list_v2":"<a href=\"https:\/\/centcols.org\/backup\/categorie\/rassemblements\/rassemblements-2018\/\" rel=\"category tag\">Les rassemblements de 2018<\/a>, <a href=\"https:\/\/centcols.org\/backup\/categorie\/rassemblements\/\" rel=\"category tag\">Rencontres r\u00e9gionales<\/a>","author_info_v2":{"name":"Guy Harl\u00e9","url":"https:\/\/centcols.org\/backup\/author\/5193\/"},"comments_num_v2":"0 commentaire","featured_image_src":null,"_links":{"self":[{"href":"https:\/\/centcols.org\/backup\/wp-json\/wp\/v2\/posts\/25660"}],"collection":[{"href":"https:\/\/centcols.org\/backup\/wp-json\/wp\/v2\/posts"}],"about":[{"href":"https:\/\/centcols.org\/backup\/wp-json\/wp\/v2\/types\/post"}],"author":[{"embeddable":true,"href":"https:\/\/centcols.org\/backup\/wp-json\/wp\/v2\/users\/147"}],"replies":[{"embeddable":true,"href":"https:\/\/centcols.org\/backup\/wp-json\/wp\/v2\/comments?post=25660"}],"version-history":[{"count":0,"href":"https:\/\/centcols.org\/backup\/wp-json\/wp\/v2\/posts\/25660\/revisions"}],"wp:attachment":[{"href":"https:\/\/centcols.org\/backup\/wp-json\/wp\/v2\/media?parent=25660"}],"wp:term":[{"taxonomy":"category","embeddable":true,"href":"https:\/\/centcols.org\/backup\/wp-json\/wp\/v2\/categories?post=25660"},{"taxonomy":"post_tag","embeddable":true,"href":"https:\/\/centcols.org\/backup\/wp-json\/wp\/v2\/tags?post=25660"}],"curies":[{"name":"wp","href":"https:\/\/api.w.org\/{rel}","templated":true}]}}