{"id":25663,"date":"2018-01-30T16:12:39","date_gmt":"2018-01-30T15:12:39","guid":{"rendered":"http:\/\/centcols.org\/backup\/?p=25663"},"modified":"2018-06-04T21:50:13","modified_gmt":"2018-06-04T19:50:13","slug":"concentration-regionale-vosges-col-schirm-26-juin-2018","status":"publish","type":"post","link":"https:\/\/centcols.org\/backup\/concentration-regionale-vosges-col-schirm-26-juin-2018\/","title":{"rendered":"Concentration r\u00e9gionale Vosges col du Schirm, 16 juin 2018"},"content":{"rendered":"<p>Samedi 16 juin 2018, Vosges<br \/>\nCol du Schirm (FR-68-0605)<\/p>\n<p>Rendez-vous \u00e0 9 h \u00e0 Sentheim, pr\u00e8s de Masevaux. Les routiers monteront par Bourbach-le Haut, les v\u00e9t\u00e9tistes par Sickert en d\u00e9couvrant 2 nouveaux cols.<\/p>\n<p>VTT : 29 km, d\u00e9nivel\u00e9 590 m : <a href=\"https:\/\/centcols.org\/backup\/wp-content\/uploads\/2018\/01\/Shirrm.zip\">Trace gpx<\/a><\/p>\n<h3>Contact<\/h3>\n<p>Ars\u00e8ne Bickel<br \/>\n03 87 95 30 90<br \/>\n<a href=\"&#109;ai&#108;to&#58;&#98;cyc&#108;o.a&#112;is&#64;&#111;&#114;a&#110;&#103;e&#46;fr\">bcy&#99;lo&#46;&#97;&#112;&#105;&#115;&#64;oran&#103;&#101;.&#102;&#114;<\/a><\/p>\n<p>Jean-Christophe Braumann<br \/>\n06 48 80 28 48<br \/>\n<a href=\"mai&#108;&#116;o&#58;jean-&#99;&#104;&#114;istoph&#101;.br&#97;um&#97;&#110;&#110;&#64;&#111;&#114;&#97;&#110;&#103;&#101;.fr\">j&#101;&#97;n&#45;c&#104;ris&#116;o&#112;he&#46;br&#97;umann&#64;&#111;&#114;&#97;nge.fr<\/a><\/p>\n","protected":false},"excerpt":{"rendered":"<p>Samedi 16 juin 2018, Vosges Col du Schirm (FR-68-0605) Rendez-vous \u00e0 9 h \u00e0 Sentheim, pr\u00e8s de Masevaux. Les routiers monteront par Bourbach-le Haut, les v\u00e9t\u00e9tistes par Sickert en d\u00e9couvrant 2 nouveaux cols. VTT : 29 km, d\u00e9nivel\u00e9 590 m : Trace gpx Contact Ars\u00e8ne Bickel 03 87 95 30 90 Jean-Christophe Braumann 06 48 [&hellip;]<\/p>\n","protected":false},"author":147,"featured_media":0,"comment_status":"closed","ping_status":"closed","sticky":false,"template":"","format":"standard","meta":{"_acf_changed":false,"ub_ctt_via":"","_monsterinsights_skip_tracking":false,"_monsterinsights_sitenote_active":false,"_monsterinsights_sitenote_note":"","_monsterinsights_sitenote_category":0,"footnotes":""},"categories":[137,7],"tags":[],"acf":[],"featured_image_urls":{"full":"","thumbnail":"","medium":"","medium_large":"","large":"","1536x1536":"","2048x2048":"","woocommerce_thumbnail":"","woocommerce_single":"","woocommerce_gallery_thumbnail":""},"post_excerpt_stackable":"<p>Samedi 16 juin 2018, Vosges Col du Schirm (FR-68-0605) Rendez-vous \u00e0 9 h \u00e0 Sentheim, pr\u00e8s de Masevaux. Les routiers monteront par Bourbach-le Haut, les v\u00e9t\u00e9tistes par Sickert en d\u00e9couvrant 2 nouveaux cols. VTT : 29 km, d\u00e9nivel\u00e9 590 m : Trace gpx Contact Ars\u00e8ne Bickel 03 87 95 30 90 bcy&#99;&#108;&#111;.&#97;p&#105;&#115;&#64;&#111;r&#97;&#110;g&#101;.&#102;&#114; Jean-Christophe Braumann 06 48 80 28 48 je&#97;&#110;&#45;&#99;&#104;r&#105;s&#116;&#111;&#112;he&#46;b&#114;au&#109;&#97;&#110;&#110;&#64;&#111;&#114;a&#110;&#103;e&#46;fr<\/p>\n","category_list":"<a href=\"https:\/\/centcols.org\/backup\/categorie\/rassemblements\/rassemblements-2018\/\" rel=\"category tag\">Les rassemblements de 2018<\/a>, <a href=\"https:\/\/centcols.org\/backup\/categorie\/rassemblements\/\" rel=\"category tag\">Rencontres r\u00e9gionales<\/a>","author_info":{"display_name":"Guy Harl\u00e9","author_link":"https:\/\/centcols.org\/backup\/author\/5193\/"},"comments_num":"0 commentaire","featured_image_urls_v2":{"full":"","thumbnail":"","medium":"","medium_large":"","large":"","1536x1536":"","2048x2048":"","woocommerce_thumbnail":"","woocommerce_single":"","woocommerce_gallery_thumbnail":""},"post_excerpt_stackable_v2":"<p>Samedi 16 juin 2018, Vosges Col du Schirm (FR-68-0605) Rendez-vous \u00e0 9 h \u00e0 Sentheim, pr\u00e8s de Masevaux. Les routiers monteront par Bourbach-le Haut, les v\u00e9t\u00e9tistes par Sickert en d\u00e9couvrant 2 nouveaux cols. VTT : 29 km, d\u00e9nivel\u00e9 590 m : Trace gpx Contact Ars\u00e8ne Bickel 03 87 95 30 90 &#98;&#99;ycl&#111;&#46;&#97;pi&#115;&#64;ora&#110;g&#101;&#46;fr Jean-Christophe Braumann 06 48 80 28 48 je&#97;&#110;-c&#104;r&#105;st&#111;p&#104;&#101;&#46;b&#114;a&#117;man&#110;&#64;o&#114;&#97;nge&#46;&#102;&#114;<\/p>\n","category_list_v2":"<a href=\"https:\/\/centcols.org\/backup\/categorie\/rassemblements\/rassemblements-2018\/\" rel=\"category tag\">Les rassemblements de 2018<\/a>, <a href=\"https:\/\/centcols.org\/backup\/categorie\/rassemblements\/\" rel=\"category tag\">Rencontres r\u00e9gionales<\/a>","author_info_v2":{"name":"Guy Harl\u00e9","url":"https:\/\/centcols.org\/backup\/author\/5193\/"},"comments_num_v2":"0 commentaire","featured_image_src":null,"_links":{"self":[{"href":"https:\/\/centcols.org\/backup\/wp-json\/wp\/v2\/posts\/25663"}],"collection":[{"href":"https:\/\/centcols.org\/backup\/wp-json\/wp\/v2\/posts"}],"about":[{"href":"https:\/\/centcols.org\/backup\/wp-json\/wp\/v2\/types\/post"}],"author":[{"embeddable":true,"href":"https:\/\/centcols.org\/backup\/wp-json\/wp\/v2\/users\/147"}],"replies":[{"embeddable":true,"href":"https:\/\/centcols.org\/backup\/wp-json\/wp\/v2\/comments?post=25663"}],"version-history":[{"count":0,"href":"https:\/\/centcols.org\/backup\/wp-json\/wp\/v2\/posts\/25663\/revisions"}],"wp:attachment":[{"href":"https:\/\/centcols.org\/backup\/wp-json\/wp\/v2\/media?parent=25663"}],"wp:term":[{"taxonomy":"category","embeddable":true,"href":"https:\/\/centcols.org\/backup\/wp-json\/wp\/v2\/categories?post=25663"},{"taxonomy":"post_tag","embeddable":true,"href":"https:\/\/centcols.org\/backup\/wp-json\/wp\/v2\/tags?post=25663"}],"curies":[{"name":"wp","href":"https:\/\/api.w.org\/{rel}","templated":true}]}}