{"id":25665,"date":"2018-01-30T17:07:08","date_gmt":"2018-01-30T16:07:08","guid":{"rendered":"http:\/\/centcols.org\/backup\/?p=25665"},"modified":"2018-05-21T14:31:47","modified_gmt":"2018-05-21T12:31:47","slug":"concentration-regionale-auvergne-col-tres-regards-23-juin-2018","status":"publish","type":"post","link":"https:\/\/centcols.org\/backup\/concentration-regionale-auvergne-col-tres-regards-23-juin-2018\/","title":{"rendered":"Concentration r\u00e9gionale Auvergne au col de Tr\u00e8s Regards 23 juin 2018"},"content":{"rendered":"<h3>Samedi 23 juin 2018, Auvergne<\/h3>\n<p><strong>Col de Tr\u00e8s Regards (FR-43-1232)<\/strong>,\u00a0pr\u00e8s du lac du Bouchet \u2013 BPF<br \/>\nCols de Trespeux et Rossignol \u00e0 proximit\u00e9<br \/>\nAccueil \u00e0 partir de 10 h pour partager pain, fromage, etc\u2026<br \/>\nH\u00e9bergement possible \u00e0 3 et 6 km au Camping de Le Bouchet St Nicolas &#8211; G\u00eetes<\/p>\n<h3>Propositions de circuits ou balades<\/h3>\n<p><strong>Les trois cols \u00a0: 80\u00a0% convivialit\u00e9 20\u00a0%\u00a0 v\u00e9lo\/vtt<br \/>\nOption 1\u00a0:<\/strong>\u00a0\u00a0 <strong>15km<\/strong>\u00a0 soit 13,5 sur\u00a0 route et 1,5km de R1\u00a0\u00a0 pour<strong> 303 de D+<\/strong><br \/>\nhttps:\/\/www.openrunner.com\/r\/8660644<br \/>\n<strong>Option 2\u00a0:<\/strong>\u00a0\u00a0 <strong>25km<\/strong> sur route\u00a0\u00a0 pour <strong>480 de D+<\/strong><br \/>\nhttps:\/\/www.openrunner.com\/r\/8662036<\/p>\n<p><strong>Peyra Taillade : 60\u00a0% v\u00e9lo 40\u00a0% convivialit\u00e9\u00a0:<br \/>\n<\/strong>Col franchi par le peloton du TDF 2017 le 16 juillet avant d&#8217;arriver au Puy en Velay<br \/>\n<strong>40km pour 1114 de D+ <\/strong>le matin \u00a0puis option 1 ou 2 l&#8217;apr\u00e8s-midi<br \/>\nhttps:\/\/www.openrunner.com\/r\/8661018<\/p>\n<p><strong>Raid Voie Verte vers le point de rencontre\u00a0:<br \/>\n<\/strong>Au d\u00e9part de Brives-Charensac, enjamber la Loire puis voie verte en stabilis\u00e9 (viaducs, tunnel \u00e9clair\u00e9s) pour VTT, r\u00e9alisable en pneus de 23.<br \/>\n<strong>32km pour 854 de D+<br \/>\n<\/strong>https:\/\/www.openrunner.com\/r\/8660801<\/p>\n<p><strong>Et comme de coutume\u00a0: repas du 23 au soir chez Francine et Claude \u00e0 St Maurice de Lignon, patates-sarrasson et Verveine du Velay<br \/>\n<\/strong>Pr\u00e9venir avant le march\u00e9 du jeudi\u00a0!<\/p>\n<h3>Contact<\/h3>\n<p>Claude Mabillot<br \/>\n04 71 65 34 78<br \/>\n<a href=\"ma&#105;l&#116;&#111;&#58;&#109;&#97;&#98;illo&#116;&#64;fr&#101;e&#46;fr\">ma&#98;&#105;&#108;l&#111;&#116;&#64;&#102;&#114;&#101;e.f&#114;<\/a><\/p>\n<p>&nbsp;<\/p>\n","protected":false},"excerpt":{"rendered":"<p>Samedi 23 juin 2018, Auvergne Col de Tr\u00e8s Regards (FR-43-1232),\u00a0pr\u00e8s du lac du Bouchet \u2013 BPF Cols de Trespeux et Rossignol \u00e0 proximit\u00e9 Accueil \u00e0 partir de 10 h pour partager pain, fromage, etc\u2026 H\u00e9bergement possible \u00e0 3 et 6 km au Camping de Le Bouchet St Nicolas &#8211; G\u00eetes Propositions de circuits ou balades [&hellip;]<\/p>\n","protected":false},"author":147,"featured_media":0,"comment_status":"closed","ping_status":"closed","sticky":false,"template":"","format":"standard","meta":{"_acf_changed":false,"ub_ctt_via":"","_monsterinsights_skip_tracking":false,"_monsterinsights_sitenote_active":false,"_monsterinsights_sitenote_note":"","_monsterinsights_sitenote_category":0,"footnotes":""},"categories":[137,7],"tags":[],"acf":[],"featured_image_urls":{"full":"","thumbnail":"","medium":"","medium_large":"","large":"","1536x1536":"","2048x2048":"","woocommerce_thumbnail":"","woocommerce_single":"","woocommerce_gallery_thumbnail":""},"post_excerpt_stackable":"<p>Samedi 23 juin 2018, Auvergne Col de Tr\u00e8s Regards (FR-43-1232),\u00a0pr\u00e8s du lac du Bouchet \u2013 BPF Cols de Trespeux et Rossignol \u00e0 proximit\u00e9 Accueil \u00e0 partir de 10 h pour partager pain, fromage, etc\u2026 H\u00e9bergement possible \u00e0 3 et 6 km au Camping de Le Bouchet St Nicolas &#8211; G\u00eetes Propositions de circuits ou balades Les trois cols \u00a0: 80\u00a0% convivialit\u00e9 20\u00a0%\u00a0 v\u00e9lo\/vtt Option 1\u00a0:\u00a0\u00a0 15km\u00a0 soit 13,5 sur\u00a0 route et 1,5km de R1\u00a0\u00a0 pour 303 de D+ https:\/\/www.openrunner.com\/r\/8660644 Option 2\u00a0:\u00a0\u00a0 25km sur route\u00a0\u00a0 pour 480 de D+ https:\/\/www.openrunner.com\/r\/8662036 Peyra Taillade : 60\u00a0% v\u00e9lo 40\u00a0% convivialit\u00e9\u00a0: Col franchi par le\u2026<\/p>\n","category_list":"<a href=\"https:\/\/centcols.org\/backup\/categorie\/rassemblements\/rassemblements-2018\/\" rel=\"category tag\">Les rassemblements de 2018<\/a>, <a href=\"https:\/\/centcols.org\/backup\/categorie\/rassemblements\/\" rel=\"category tag\">Rencontres r\u00e9gionales<\/a>","author_info":{"display_name":"Guy Harl\u00e9","author_link":"https:\/\/centcols.org\/backup\/author\/5193\/"},"comments_num":"0 commentaire","featured_image_urls_v2":{"full":"","thumbnail":"","medium":"","medium_large":"","large":"","1536x1536":"","2048x2048":"","woocommerce_thumbnail":"","woocommerce_single":"","woocommerce_gallery_thumbnail":""},"post_excerpt_stackable_v2":"<p>Samedi 23 juin 2018, Auvergne Col de Tr\u00e8s Regards (FR-43-1232),\u00a0pr\u00e8s du lac du Bouchet \u2013 BPF Cols de Trespeux et Rossignol \u00e0 proximit\u00e9 Accueil \u00e0 partir de 10 h pour partager pain, fromage, etc\u2026 H\u00e9bergement possible \u00e0 3 et 6 km au Camping de Le Bouchet St Nicolas &#8211; G\u00eetes Propositions de circuits ou balades Les trois cols \u00a0: 80\u00a0% convivialit\u00e9 20\u00a0%\u00a0 v\u00e9lo\/vtt Option 1\u00a0:\u00a0\u00a0 15km\u00a0 soit 13,5 sur\u00a0 route et 1,5km de R1\u00a0\u00a0 pour 303 de D+ https:\/\/www.openrunner.com\/r\/8660644 Option 2\u00a0:\u00a0\u00a0 25km sur route\u00a0\u00a0 pour 480 de D+ https:\/\/www.openrunner.com\/r\/8662036 Peyra Taillade : 60\u00a0% v\u00e9lo 40\u00a0% convivialit\u00e9\u00a0: Col franchi par le\u2026<\/p>\n","category_list_v2":"<a href=\"https:\/\/centcols.org\/backup\/categorie\/rassemblements\/rassemblements-2018\/\" rel=\"category tag\">Les rassemblements de 2018<\/a>, <a href=\"https:\/\/centcols.org\/backup\/categorie\/rassemblements\/\" rel=\"category tag\">Rencontres r\u00e9gionales<\/a>","author_info_v2":{"name":"Guy Harl\u00e9","url":"https:\/\/centcols.org\/backup\/author\/5193\/"},"comments_num_v2":"0 commentaire","featured_image_src":null,"_links":{"self":[{"href":"https:\/\/centcols.org\/backup\/wp-json\/wp\/v2\/posts\/25665"}],"collection":[{"href":"https:\/\/centcols.org\/backup\/wp-json\/wp\/v2\/posts"}],"about":[{"href":"https:\/\/centcols.org\/backup\/wp-json\/wp\/v2\/types\/post"}],"author":[{"embeddable":true,"href":"https:\/\/centcols.org\/backup\/wp-json\/wp\/v2\/users\/147"}],"replies":[{"embeddable":true,"href":"https:\/\/centcols.org\/backup\/wp-json\/wp\/v2\/comments?post=25665"}],"version-history":[{"count":0,"href":"https:\/\/centcols.org\/backup\/wp-json\/wp\/v2\/posts\/25665\/revisions"}],"wp:attachment":[{"href":"https:\/\/centcols.org\/backup\/wp-json\/wp\/v2\/media?parent=25665"}],"wp:term":[{"taxonomy":"category","embeddable":true,"href":"https:\/\/centcols.org\/backup\/wp-json\/wp\/v2\/categories?post=25665"},{"taxonomy":"post_tag","embeddable":true,"href":"https:\/\/centcols.org\/backup\/wp-json\/wp\/v2\/tags?post=25665"}],"curies":[{"name":"wp","href":"https:\/\/api.w.org\/{rel}","templated":true}]}}