{"id":25666,"date":"2018-01-30T17:28:34","date_gmt":"2018-01-30T16:28:34","guid":{"rendered":"http:\/\/centcols.org\/backup\/?p=25666"},"modified":"2018-01-30T18:57:49","modified_gmt":"2018-01-30T17:57:49","slug":"baulmes-suisse-vtt-14-juillet-2018","status":"publish","type":"post","link":"https:\/\/centcols.org\/backup\/baulmes-suisse-vtt-14-juillet-2018\/","title":{"rendered":"Baulmes, Suisse, sortie VTT, 14 juillet 2018"},"content":{"rendered":"<p>Samedi 14 juillet 2018, Baulmes, Suisse<\/p>\n<p><span lang=\"FR\">Col de la Poyette<br \/>\nRendez-vous au parking au sud de la gare \u00e0 8 h 30 pour le caf\u00e9, d\u00e9part \u00e0 9 h<br \/>\n<\/span><span lang=\"FR\">6 cols, 41 Km, d\u00e9nivel\u00e9 1300<\/span><\/p>\n<p><a href=\"https:\/\/centcols.org\/backup\/wp-content\/uploads\/2018\/01\/beaulmes.jpg\"><img loading=\"lazy\" decoding=\"async\" class=\"alignnone wp-image-25667\" src=\"https:\/\/centcols.org\/backup\/wp-content\/uploads\/2018\/01\/beaulmes-500x307.jpg\" alt=\"\" width=\"550\" height=\"338\" srcset=\"https:\/\/centcols.org\/backup\/wp-content\/uploads\/2018\/01\/beaulmes-500x307.jpg 500w, https:\/\/centcols.org\/backup\/wp-content\/uploads\/2018\/01\/beaulmes-600x368.jpg 600w, https:\/\/centcols.org\/backup\/wp-content\/uploads\/2018\/01\/beaulmes.jpg 622w\" sizes=\"(max-width: 550px) 100vw, 550px\" \/><\/a><\/p>\n<p>&nbsp;<\/p>\n<h3>Contact<\/h3>\n<p>Christian Binggeli<br \/>\nchemin du Jura 1<br \/>\nCH-1135 Denens<br \/>\nT\u00e9l :\u00a0(0041) 021 801 01 75\u00a0 Natel\u00a0: 0041 078 723 11 33<br \/>\nc&#038;tbinggeli@bluewin.ch<\/p>\n<p>&nbsp;<\/p>\n","protected":false},"excerpt":{"rendered":"<p>Samedi 14 juillet 2018, Baulmes, Suisse Col de la Poyette Rendez-vous au parking au sud de la gare \u00e0 8 h 30 pour le caf\u00e9, d\u00e9part \u00e0 9 h 6 cols, 41 Km, d\u00e9nivel\u00e9 1300 &nbsp; Contact Christian Binggeli chemin du Jura 1 CH-1135 Denens T\u00e9l :\u00a0(0041) 021 801 01 75\u00a0 Natel\u00a0: 0041 078 723 [&hellip;]<\/p>\n","protected":false},"author":147,"featured_media":0,"comment_status":"closed","ping_status":"closed","sticky":false,"template":"","format":"standard","meta":{"_acf_changed":false,"ub_ctt_via":"","_monsterinsights_skip_tracking":false,"_monsterinsights_sitenote_active":false,"_monsterinsights_sitenote_note":"","_monsterinsights_sitenote_category":0,"footnotes":""},"categories":[137,7],"tags":[],"acf":[],"featured_image_urls":{"full":"","thumbnail":"","medium":"","medium_large":"","large":"","1536x1536":"","2048x2048":"","woocommerce_thumbnail":"","woocommerce_single":"","woocommerce_gallery_thumbnail":""},"post_excerpt_stackable":"<p>Samedi 14 juillet 2018, Baulmes, Suisse Col de la Poyette Rendez-vous au parking au sud de la gare \u00e0 8 h 30 pour le caf\u00e9, d\u00e9part \u00e0 9 h 6 cols, 41 Km, d\u00e9nivel\u00e9 1300 &nbsp; Contact Christian Binggeli chemin du Jura 1 CH-1135 Denens T\u00e9l :\u00a0(0041) 021 801 01 75\u00a0 Natel\u00a0: 0041 078 723 11 33 c&#038;tbinggeli@bluewin.ch &nbsp;<\/p>\n","category_list":"<a href=\"https:\/\/centcols.org\/backup\/categorie\/rassemblements\/rassemblements-2018\/\" rel=\"category tag\">Les rassemblements de 2018<\/a>, <a href=\"https:\/\/centcols.org\/backup\/categorie\/rassemblements\/\" rel=\"category tag\">Rencontres r\u00e9gionales<\/a>","author_info":{"display_name":"Guy Harl\u00e9","author_link":"https:\/\/centcols.org\/backup\/author\/5193\/"},"comments_num":"0 commentaire","featured_image_urls_v2":{"full":"","thumbnail":"","medium":"","medium_large":"","large":"","1536x1536":"","2048x2048":"","woocommerce_thumbnail":"","woocommerce_single":"","woocommerce_gallery_thumbnail":""},"post_excerpt_stackable_v2":"<p>Samedi 14 juillet 2018, Baulmes, Suisse Col de la Poyette Rendez-vous au parking au sud de la gare \u00e0 8 h 30 pour le caf\u00e9, d\u00e9part \u00e0 9 h 6 cols, 41 Km, d\u00e9nivel\u00e9 1300 &nbsp; Contact Christian Binggeli chemin du Jura 1 CH-1135 Denens T\u00e9l :\u00a0(0041) 021 801 01 75\u00a0 Natel\u00a0: 0041 078 723 11 33 c&#038;tbinggeli@bluewin.ch &nbsp;<\/p>\n","category_list_v2":"<a href=\"https:\/\/centcols.org\/backup\/categorie\/rassemblements\/rassemblements-2018\/\" rel=\"category tag\">Les rassemblements de 2018<\/a>, <a href=\"https:\/\/centcols.org\/backup\/categorie\/rassemblements\/\" rel=\"category tag\">Rencontres r\u00e9gionales<\/a>","author_info_v2":{"name":"Guy Harl\u00e9","url":"https:\/\/centcols.org\/backup\/author\/5193\/"},"comments_num_v2":"0 commentaire","featured_image_src":null,"_links":{"self":[{"href":"https:\/\/centcols.org\/backup\/wp-json\/wp\/v2\/posts\/25666"}],"collection":[{"href":"https:\/\/centcols.org\/backup\/wp-json\/wp\/v2\/posts"}],"about":[{"href":"https:\/\/centcols.org\/backup\/wp-json\/wp\/v2\/types\/post"}],"author":[{"embeddable":true,"href":"https:\/\/centcols.org\/backup\/wp-json\/wp\/v2\/users\/147"}],"replies":[{"embeddable":true,"href":"https:\/\/centcols.org\/backup\/wp-json\/wp\/v2\/comments?post=25666"}],"version-history":[{"count":0,"href":"https:\/\/centcols.org\/backup\/wp-json\/wp\/v2\/posts\/25666\/revisions"}],"wp:attachment":[{"href":"https:\/\/centcols.org\/backup\/wp-json\/wp\/v2\/media?parent=25666"}],"wp:term":[{"taxonomy":"category","embeddable":true,"href":"https:\/\/centcols.org\/backup\/wp-json\/wp\/v2\/categories?post=25666"},{"taxonomy":"post_tag","embeddable":true,"href":"https:\/\/centcols.org\/backup\/wp-json\/wp\/v2\/tags?post=25666"}],"curies":[{"name":"wp","href":"https:\/\/api.w.org\/{rel}","templated":true}]}}