{"id":25668,"date":"2018-01-30T17:41:40","date_gmt":"2018-01-30T16:41:40","guid":{"rendered":"http:\/\/centcols.org\/backup\/?p=25668"},"modified":"2018-06-09T07:48:40","modified_gmt":"2018-06-09T05:48:40","slug":"concentration-regionale-dav-tracoulet-25-aout-2018","status":"publish","type":"post","link":"https:\/\/centcols.org\/backup\/concentration-regionale-dav-tracoulet-25-aout-2018\/","title":{"rendered":"Concentration r\u00e9gionale Dr\u00f4me Ard\u00e8che Vaucluse au col du Tracoulet 25 ao\u00fbt 2018"},"content":{"rendered":"<p>Samedi 25 ao\u00fbt 2018, Dr\u00f4me, Ard\u00e8che, Vaucluse<br \/>\nCol du Tracoulet (FR-07-0614)<\/p>\n<h3>\u00a0Circuits<\/h3>\n<p><a href=\"https:\/\/centcols.org\/backup\/wp-content\/uploads\/2018\/01\/DAV2018.pdf\" target=\"_blank\" rel=\"noopener\">T\u00e9l\u00e9charger le pdf<\/a><\/p>\n<h3>\u00a0Contact<\/h3>\n<p>Jean-Marie Gilouin<br \/>\n06 31 79 01 06<br \/>\n<a href=\"m&#97;&#105;lto&#58;b&#106;&#109;.&#99;&#101;&#110;tcols&#64;&#103;mai&#108;&#46;c&#111;m\">&#98;j&#109;.ce&#110;tco&#108;&#115;&#64;&#103;&#109;&#97;&#105;&#108;.&#99;o&#109;<\/a><\/p>\n","protected":false},"excerpt":{"rendered":"<p>Samedi 25 ao\u00fbt 2018, Dr\u00f4me, Ard\u00e8che, Vaucluse Col du Tracoulet (FR-07-0614) \u00a0Circuits T\u00e9l\u00e9charger le pdf \u00a0Contact Jean-Marie Gilouin 06 31 79 01 06<\/p>\n","protected":false},"author":147,"featured_media":0,"comment_status":"closed","ping_status":"closed","sticky":false,"template":"","format":"standard","meta":{"_acf_changed":false,"ub_ctt_via":"","_monsterinsights_skip_tracking":false,"_monsterinsights_sitenote_active":false,"_monsterinsights_sitenote_note":"","_monsterinsights_sitenote_category":0,"footnotes":""},"categories":[137,7],"tags":[],"acf":[],"featured_image_urls":{"full":"","thumbnail":"","medium":"","medium_large":"","large":"","1536x1536":"","2048x2048":"","woocommerce_thumbnail":"","woocommerce_single":"","woocommerce_gallery_thumbnail":""},"post_excerpt_stackable":"<p>Samedi 25 ao\u00fbt 2018, Dr\u00f4me, Ard\u00e8che, Vaucluse Col du Tracoulet (FR-07-0614) \u00a0Circuits T\u00e9l\u00e9charger le pdf \u00a0Contact Jean-Marie Gilouin 06 31 79 01 06 bjm.&#99;en&#116;&#99;o&#108;s&#64;g&#109;a&#105;l&#46;c&#111;m<\/p>\n","category_list":"<a href=\"https:\/\/centcols.org\/backup\/categorie\/rassemblements\/rassemblements-2018\/\" rel=\"category tag\">Les rassemblements de 2018<\/a>, <a href=\"https:\/\/centcols.org\/backup\/categorie\/rassemblements\/\" rel=\"category tag\">Rencontres r\u00e9gionales<\/a>","author_info":{"display_name":"Guy Harl\u00e9","author_link":"https:\/\/centcols.org\/backup\/author\/5193\/"},"comments_num":"0 commentaire","featured_image_urls_v2":{"full":"","thumbnail":"","medium":"","medium_large":"","large":"","1536x1536":"","2048x2048":"","woocommerce_thumbnail":"","woocommerce_single":"","woocommerce_gallery_thumbnail":""},"post_excerpt_stackable_v2":"<p>Samedi 25 ao\u00fbt 2018, Dr\u00f4me, Ard\u00e8che, Vaucluse Col du Tracoulet (FR-07-0614) \u00a0Circuits T\u00e9l\u00e9charger le pdf \u00a0Contact Jean-Marie Gilouin 06 31 79 01 06 b&#106;m.cent&#99;&#111;&#108;&#115;&#64;&#103;&#109;ai&#108;.&#99;o&#109;<\/p>\n","category_list_v2":"<a href=\"https:\/\/centcols.org\/backup\/categorie\/rassemblements\/rassemblements-2018\/\" rel=\"category tag\">Les rassemblements de 2018<\/a>, <a href=\"https:\/\/centcols.org\/backup\/categorie\/rassemblements\/\" rel=\"category tag\">Rencontres r\u00e9gionales<\/a>","author_info_v2":{"name":"Guy Harl\u00e9","url":"https:\/\/centcols.org\/backup\/author\/5193\/"},"comments_num_v2":"0 commentaire","featured_image_src":null,"_links":{"self":[{"href":"https:\/\/centcols.org\/backup\/wp-json\/wp\/v2\/posts\/25668"}],"collection":[{"href":"https:\/\/centcols.org\/backup\/wp-json\/wp\/v2\/posts"}],"about":[{"href":"https:\/\/centcols.org\/backup\/wp-json\/wp\/v2\/types\/post"}],"author":[{"embeddable":true,"href":"https:\/\/centcols.org\/backup\/wp-json\/wp\/v2\/users\/147"}],"replies":[{"embeddable":true,"href":"https:\/\/centcols.org\/backup\/wp-json\/wp\/v2\/comments?post=25668"}],"version-history":[{"count":0,"href":"https:\/\/centcols.org\/backup\/wp-json\/wp\/v2\/posts\/25668\/revisions"}],"wp:attachment":[{"href":"https:\/\/centcols.org\/backup\/wp-json\/wp\/v2\/media?parent=25668"}],"wp:term":[{"taxonomy":"category","embeddable":true,"href":"https:\/\/centcols.org\/backup\/wp-json\/wp\/v2\/categories?post=25668"},{"taxonomy":"post_tag","embeddable":true,"href":"https:\/\/centcols.org\/backup\/wp-json\/wp\/v2\/tags?post=25668"}],"curies":[{"name":"wp","href":"https:\/\/api.w.org\/{rel}","templated":true}]}}