{"id":25670,"date":"2018-01-30T17:56:48","date_gmt":"2018-01-30T16:56:48","guid":{"rendered":"http:\/\/centcols.org\/backup\/?p=25670"},"modified":"2018-01-30T17:56:48","modified_gmt":"2018-01-30T16:56:48","slug":"concentration-regionale-alpes-sud-pres-sales-1-septembre-2018","status":"publish","type":"post","link":"https:\/\/centcols.org\/backup\/concentration-regionale-alpes-sud-pres-sales-1-septembre-2018\/","title":{"rendered":"Concentration r\u00e9gionale Alpes du Sud au col des Pr\u00e9s sal\u00e9s 1er septembre 2018"},"content":{"rendered":"<p>Samedi 1er septembre 2018, Alpes Sud<br \/>\nCol des Pr\u00e9s Sal\u00e9s (FR-38-1554)<\/p>\n<p>&nbsp;<\/p>\n<h3>Contact<\/h3>\n<p>Jean-Paul Zuanon<br \/>\n04 76 30 49 21 &#8211; 06 23 95 24 31<br \/>\n<a href=\"mai&#108;to:&#106;p&#109;n.&#122;u&#97;&#110;o&#110;&#64;oran&#103;&#101;.f&#114;\">jp&#109;n.&#122;&#117;a&#110;&#111;&#110;&#64;o&#114;a&#110;g&#101;&#46;&#102;r<\/a><\/p>\n","protected":false},"excerpt":{"rendered":"<p>Samedi 1er septembre 2018, Alpes Sud Col des Pr\u00e9s Sal\u00e9s (FR-38-1554) &nbsp; Contact Jean-Paul Zuanon 04 76 30 49 21 &#8211; 06 23 95 24 31<\/p>\n","protected":false},"author":147,"featured_media":0,"comment_status":"closed","ping_status":"closed","sticky":false,"template":"","format":"standard","meta":{"_acf_changed":false,"ub_ctt_via":"","_monsterinsights_skip_tracking":false,"_monsterinsights_sitenote_active":false,"_monsterinsights_sitenote_note":"","_monsterinsights_sitenote_category":0,"footnotes":""},"categories":[137,7],"tags":[],"acf":[],"featured_image_urls":{"full":"","thumbnail":"","medium":"","medium_large":"","large":"","1536x1536":"","2048x2048":"","woocommerce_thumbnail":"","woocommerce_single":"","woocommerce_gallery_thumbnail":""},"post_excerpt_stackable":"<p>Samedi 1er septembre 2018, Alpes Sud Col des Pr\u00e9s Sal\u00e9s (FR-38-1554) &nbsp; Contact Jean-Paul Zuanon 04 76 30 49 21 &#8211; 06 23 95 24 31 &#106;pm&#110;.z&#117;a&#110;o&#110;&#64;o&#114;&#97;nge.f&#114;<\/p>\n","category_list":"<a href=\"https:\/\/centcols.org\/backup\/categorie\/rassemblements\/rassemblements-2018\/\" rel=\"category tag\">Les rassemblements de 2018<\/a>, <a href=\"https:\/\/centcols.org\/backup\/categorie\/rassemblements\/\" rel=\"category tag\">Rencontres r\u00e9gionales<\/a>","author_info":{"display_name":"Guy Harl\u00e9","author_link":"https:\/\/centcols.org\/backup\/author\/5193\/"},"comments_num":"0 commentaire","featured_image_urls_v2":{"full":"","thumbnail":"","medium":"","medium_large":"","large":"","1536x1536":"","2048x2048":"","woocommerce_thumbnail":"","woocommerce_single":"","woocommerce_gallery_thumbnail":""},"post_excerpt_stackable_v2":"<p>Samedi 1er septembre 2018, Alpes Sud Col des Pr\u00e9s Sal\u00e9s (FR-38-1554) &nbsp; Contact Jean-Paul Zuanon 04 76 30 49 21 &#8211; 06 23 95 24 31 &#106;&#112;&#109;&#110;&#46;&#122;&#117;a&#110;&#111;&#110;&#64;o&#114;an&#103;e&#46;&#102;r<\/p>\n","category_list_v2":"<a href=\"https:\/\/centcols.org\/backup\/categorie\/rassemblements\/rassemblements-2018\/\" rel=\"category tag\">Les rassemblements de 2018<\/a>, <a href=\"https:\/\/centcols.org\/backup\/categorie\/rassemblements\/\" rel=\"category tag\">Rencontres r\u00e9gionales<\/a>","author_info_v2":{"name":"Guy Harl\u00e9","url":"https:\/\/centcols.org\/backup\/author\/5193\/"},"comments_num_v2":"0 commentaire","featured_image_src":null,"_links":{"self":[{"href":"https:\/\/centcols.org\/backup\/wp-json\/wp\/v2\/posts\/25670"}],"collection":[{"href":"https:\/\/centcols.org\/backup\/wp-json\/wp\/v2\/posts"}],"about":[{"href":"https:\/\/centcols.org\/backup\/wp-json\/wp\/v2\/types\/post"}],"author":[{"embeddable":true,"href":"https:\/\/centcols.org\/backup\/wp-json\/wp\/v2\/users\/147"}],"replies":[{"embeddable":true,"href":"https:\/\/centcols.org\/backup\/wp-json\/wp\/v2\/comments?post=25670"}],"version-history":[{"count":0,"href":"https:\/\/centcols.org\/backup\/wp-json\/wp\/v2\/posts\/25670\/revisions"}],"wp:attachment":[{"href":"https:\/\/centcols.org\/backup\/wp-json\/wp\/v2\/media?parent=25670"}],"wp:term":[{"taxonomy":"category","embeddable":true,"href":"https:\/\/centcols.org\/backup\/wp-json\/wp\/v2\/categories?post=25670"},{"taxonomy":"post_tag","embeddable":true,"href":"https:\/\/centcols.org\/backup\/wp-json\/wp\/v2\/tags?post=25670"}],"curies":[{"name":"wp","href":"https:\/\/api.w.org\/{rel}","templated":true}]}}