{"id":25675,"date":"2018-01-30T19:11:07","date_gmt":"2018-01-30T18:11:07","guid":{"rendered":"http:\/\/centcols.org\/backup\/?p=25675"},"modified":"2018-04-30T12:11:05","modified_gmt":"2018-04-30T10:11:05","slug":"concentration-regionale-languedoc-roussillon-bernardini","status":"publish","type":"post","link":"https:\/\/centcols.org\/backup\/concentration-regionale-languedoc-roussillon-bernardini\/","title":{"rendered":"Concentration r\u00e9gionale Languedoc &#8211; Roussillon, sortie Michel Bernardini 23 septembre 2018"},"content":{"rendered":"<p>Dimanche 23 septembre, Languedoc &#8211; Roussillon<br \/>\nSortie Michel Bernardini<\/p>\n<p>Rendez-vous \u00e0 9 h \u00e0 Formigu\u00e8res (66)<\/p>\n<p>Sont pr\u00e9vus 3 cols \u00e0 plus de 2000 m\u00a0: Les cols de de la Muntanyeta (FR-66-2312), du Forat de la Caixa (FR-66-2335) et de la Balmette (FR-66-2118). La veille possibilit\u00e9 d&#8217;aller au majestueux coll Mitja (66-2367).<\/p>\n<h3>Contact<\/h3>\n<p>Jean-Pierre Lambert<br \/>\n06 74 63 27 42<br \/>\n<a href=\"&#109;&#97;i&#108;to&#58;&#104;ig&#104;&#108;a&#110;&#100;&#46;fl&#111;&#119;&#101;r&#64;f&#114;ee&#46;f&#114;\">hi&#103;&#104;&#108;an&#100;&#46;fl&#111;&#119;er&#64;&#102;&#114;&#101;e.f&#114;<\/a><\/p>\n","protected":false},"excerpt":{"rendered":"<p>Dimanche 23 septembre, Languedoc &#8211; Roussillon Sortie Michel Bernardini Rendez-vous \u00e0 9 h \u00e0 Formigu\u00e8res (66) Sont pr\u00e9vus 3 cols \u00e0 plus de 2000 m\u00a0: Les cols de de la Muntanyeta (FR-66-2312), du Forat de la Caixa (FR-66-2335) et de la Balmette (FR-66-2118). La veille possibilit\u00e9 d&#8217;aller au majestueux coll Mitja (66-2367). Contact Jean-Pierre Lambert [&hellip;]<\/p>\n","protected":false},"author":147,"featured_media":0,"comment_status":"closed","ping_status":"closed","sticky":false,"template":"","format":"standard","meta":{"_acf_changed":false,"ub_ctt_via":"","_monsterinsights_skip_tracking":false,"_monsterinsights_sitenote_active":false,"_monsterinsights_sitenote_note":"","_monsterinsights_sitenote_category":0,"footnotes":""},"categories":[137],"tags":[],"acf":[],"featured_image_urls":{"full":"","thumbnail":"","medium":"","medium_large":"","large":"","1536x1536":"","2048x2048":"","woocommerce_thumbnail":"","woocommerce_single":"","woocommerce_gallery_thumbnail":""},"post_excerpt_stackable":"<p>Dimanche 23 septembre, Languedoc &#8211; Roussillon Sortie Michel Bernardini Rendez-vous \u00e0 9 h \u00e0 Formigu\u00e8res (66) Sont pr\u00e9vus 3 cols \u00e0 plus de 2000 m\u00a0: Les cols de de la Muntanyeta (FR-66-2312), du Forat de la Caixa (FR-66-2335) et de la Balmette (FR-66-2118). La veille possibilit\u00e9 d&#8217;aller au majestueux coll Mitja (66-2367). Contact Jean-Pierre Lambert 06 74 63 27 42 h&#105;g&#104;&#108;&#97;n&#100;.f&#108;owe&#114;&#64;&#102;r&#101;e&#46;fr<\/p>\n","category_list":"<a href=\"https:\/\/centcols.org\/backup\/categorie\/rassemblements\/rassemblements-2018\/\" rel=\"category tag\">Les rassemblements de 2018<\/a>","author_info":{"display_name":"Guy Harl\u00e9","author_link":"https:\/\/centcols.org\/backup\/author\/5193\/"},"comments_num":"0 commentaire","featured_image_urls_v2":{"full":"","thumbnail":"","medium":"","medium_large":"","large":"","1536x1536":"","2048x2048":"","woocommerce_thumbnail":"","woocommerce_single":"","woocommerce_gallery_thumbnail":""},"post_excerpt_stackable_v2":"<p>Dimanche 23 septembre, Languedoc &#8211; Roussillon Sortie Michel Bernardini Rendez-vous \u00e0 9 h \u00e0 Formigu\u00e8res (66) Sont pr\u00e9vus 3 cols \u00e0 plus de 2000 m\u00a0: Les cols de de la Muntanyeta (FR-66-2312), du Forat de la Caixa (FR-66-2335) et de la Balmette (FR-66-2118). La veille possibilit\u00e9 d&#8217;aller au majestueux coll Mitja (66-2367). Contact Jean-Pierre Lambert 06 74 63 27 42 &#104;&#105;&#103;hl&#97;nd.flo&#119;e&#114;&#64;fr&#101;&#101;&#46;&#102;r<\/p>\n","category_list_v2":"<a href=\"https:\/\/centcols.org\/backup\/categorie\/rassemblements\/rassemblements-2018\/\" rel=\"category tag\">Les rassemblements de 2018<\/a>","author_info_v2":{"name":"Guy Harl\u00e9","url":"https:\/\/centcols.org\/backup\/author\/5193\/"},"comments_num_v2":"0 commentaire","featured_image_src":null,"_links":{"self":[{"href":"https:\/\/centcols.org\/backup\/wp-json\/wp\/v2\/posts\/25675"}],"collection":[{"href":"https:\/\/centcols.org\/backup\/wp-json\/wp\/v2\/posts"}],"about":[{"href":"https:\/\/centcols.org\/backup\/wp-json\/wp\/v2\/types\/post"}],"author":[{"embeddable":true,"href":"https:\/\/centcols.org\/backup\/wp-json\/wp\/v2\/users\/147"}],"replies":[{"embeddable":true,"href":"https:\/\/centcols.org\/backup\/wp-json\/wp\/v2\/comments?post=25675"}],"version-history":[{"count":0,"href":"https:\/\/centcols.org\/backup\/wp-json\/wp\/v2\/posts\/25675\/revisions"}],"wp:attachment":[{"href":"https:\/\/centcols.org\/backup\/wp-json\/wp\/v2\/media?parent=25675"}],"wp:term":[{"taxonomy":"category","embeddable":true,"href":"https:\/\/centcols.org\/backup\/wp-json\/wp\/v2\/categories?post=25675"},{"taxonomy":"post_tag","embeddable":true,"href":"https:\/\/centcols.org\/backup\/wp-json\/wp\/v2\/tags?post=25675"}],"curies":[{"name":"wp","href":"https:\/\/api.w.org\/{rel}","templated":true}]}}