{"id":25676,"date":"2018-01-30T19:23:52","date_gmt":"2018-01-30T18:23:52","guid":{"rendered":"http:\/\/centcols.org\/backup\/?p=25676"},"modified":"2018-05-11T08:35:50","modified_gmt":"2018-05-11T06:35:50","slug":"concentration-regionale-massif-central-est-saint-bonnet-23-septembre-2018","status":"publish","type":"post","link":"https:\/\/centcols.org\/backup\/concentration-regionale-massif-central-est-saint-bonnet-23-septembre-2018\/","title":{"rendered":"Concentration r\u00e9gionale Massif Central Est au col de Saint-Bonnet le 23 septembre 2018"},"content":{"rendered":"<p>Dimanche 23 septembre 2018, Massif Central Est<br \/>\nCol de Saint-Bonnet (FR-69-0678)<\/p>\n<p>Le col de Saint Bonnet (FR-69-0648) domine les vignes du Beaujolais et la plaine de la Sa\u00f4ne \u00e0 l\u2019altitude de 648 m.<br \/>\nUn col muletier \u00e0 proximit\u00e9, le col de Failly (FR-69-0645), peut se franchir en pneu de vingt trois et de nombreux autres cols peuvent \u00e9galement \u00eatre visit\u00e9s \u00e0 proximit\u00e9.<br \/>\nUn ou deux circuits seront propos\u00e9s<\/p>\n<h3>Parcours<\/h3>\n<p><strong>Parcours 1<\/strong> : Proposition de parcours de 80 km au d\u00e9part du village de Rivolet (ou de n\u2019importe quel autre\u00a0 point du parcours, possibilit\u00e9 de d\u00e9part du col Saint Bonnet avec quelques possibilit\u00e9s de parking)\u00a0 avec 10 cols , deux BPF (Vaulx en Beaujolais et Oingt ) et un col en R1 \u00e0 proximit\u00e9 du col Saint Bonnet faisable en \u201cpneus de 23\u201d<br \/>\nVoir sur Openrunner :\u00a0<a href=\"https:\/\/www.openrunner.com\/r\/8642071\">https:\/\/www.openrunner.com\/r\/8642071<\/a><\/p>\n<p><strong>Parcours 2<\/strong> : Proposition de parcours de 100 km au d\u00e9part du village de Ternand en vall\u00e9e d\u2019Azergues avec 11 cols , 1 BPF (Oingt ) et un col en R1 \u00e0 proximit\u00e9 du col Saint Bonnet faisable en \u201cpneus de 23\u201d<br \/>\nVoir sur Openrunner :\u00a0<a href=\"https:\/\/www.openrunner.com\/r\/8642115\">https:\/\/www.openrunner.com\/r\/8642115<\/a><\/p>\n<p><strong>La rencontre ne sera pas organis\u00e9e en cas de pr\u00e9visions m\u00e9t\u00e9o d\u00e9favorables (d\u00e9cision le mercredi soir pr\u00e9c\u00e9dent )<\/strong><\/p>\n<h3>Contact<\/h3>\n<p>Philippe Chazottier<br \/>\n69510 Messimy<br \/>\n06 12 51 32 55<br \/>\n<a href=\"&#109;&#97;il&#116;&#111;&#58;p&#99;haz&#111;&#116;&#116;&#105;&#101;&#114;&#64;&#119;anado&#111;.fr\">p&#99;h&#97;zo&#116;&#116;&#105;e&#114;&#64;&#119;a&#110;a&#100;&#111;&#111;&#46;f&#114;<\/a><\/p>\n","protected":false},"excerpt":{"rendered":"<p>Dimanche 23 septembre 2018, Massif Central Est Col de Saint-Bonnet (FR-69-0678) Le col de Saint Bonnet (FR-69-0648) domine les vignes du Beaujolais et la plaine de la Sa\u00f4ne \u00e0 l\u2019altitude de 648 m. Un col muletier \u00e0 proximit\u00e9, le col de Failly (FR-69-0645), peut se franchir en pneu de vingt trois et de nombreux autres [&hellip;]<\/p>\n","protected":false},"author":147,"featured_media":0,"comment_status":"closed","ping_status":"closed","sticky":false,"template":"","format":"standard","meta":{"_acf_changed":false,"ub_ctt_via":"","_monsterinsights_skip_tracking":false,"_monsterinsights_sitenote_active":false,"_monsterinsights_sitenote_note":"","_monsterinsights_sitenote_category":0,"footnotes":""},"categories":[137],"tags":[],"acf":[],"featured_image_urls":{"full":"","thumbnail":"","medium":"","medium_large":"","large":"","1536x1536":"","2048x2048":"","woocommerce_thumbnail":"","woocommerce_single":"","woocommerce_gallery_thumbnail":""},"post_excerpt_stackable":"<p>Dimanche 23 septembre 2018, Massif Central Est Col de Saint-Bonnet (FR-69-0678) Le col de Saint Bonnet (FR-69-0648) domine les vignes du Beaujolais et la plaine de la Sa\u00f4ne \u00e0 l\u2019altitude de 648 m. Un col muletier \u00e0 proximit\u00e9, le col de Failly (FR-69-0645), peut se franchir en pneu de vingt trois et de nombreux autres cols peuvent \u00e9galement \u00eatre visit\u00e9s \u00e0 proximit\u00e9. Un ou deux circuits seront propos\u00e9s Parcours Parcours 1 : Proposition de parcours de 80 km au d\u00e9part du village de Rivolet (ou de n\u2019importe quel autre\u00a0 point du parcours, possibilit\u00e9 de d\u00e9part du col Saint Bonnet avec\u2026<\/p>\n","category_list":"<a href=\"https:\/\/centcols.org\/backup\/categorie\/rassemblements\/rassemblements-2018\/\" rel=\"category tag\">Les rassemblements de 2018<\/a>","author_info":{"display_name":"Guy Harl\u00e9","author_link":"https:\/\/centcols.org\/backup\/author\/5193\/"},"comments_num":"0 commentaire","featured_image_urls_v2":{"full":"","thumbnail":"","medium":"","medium_large":"","large":"","1536x1536":"","2048x2048":"","woocommerce_thumbnail":"","woocommerce_single":"","woocommerce_gallery_thumbnail":""},"post_excerpt_stackable_v2":"<p>Dimanche 23 septembre 2018, Massif Central Est Col de Saint-Bonnet (FR-69-0678) Le col de Saint Bonnet (FR-69-0648) domine les vignes du Beaujolais et la plaine de la Sa\u00f4ne \u00e0 l\u2019altitude de 648 m. Un col muletier \u00e0 proximit\u00e9, le col de Failly (FR-69-0645), peut se franchir en pneu de vingt trois et de nombreux autres cols peuvent \u00e9galement \u00eatre visit\u00e9s \u00e0 proximit\u00e9. Un ou deux circuits seront propos\u00e9s Parcours Parcours 1 : Proposition de parcours de 80 km au d\u00e9part du village de Rivolet (ou de n\u2019importe quel autre\u00a0 point du parcours, possibilit\u00e9 de d\u00e9part du col Saint Bonnet avec\u2026<\/p>\n","category_list_v2":"<a href=\"https:\/\/centcols.org\/backup\/categorie\/rassemblements\/rassemblements-2018\/\" rel=\"category tag\">Les rassemblements de 2018<\/a>","author_info_v2":{"name":"Guy Harl\u00e9","url":"https:\/\/centcols.org\/backup\/author\/5193\/"},"comments_num_v2":"0 commentaire","featured_image_src":null,"_links":{"self":[{"href":"https:\/\/centcols.org\/backup\/wp-json\/wp\/v2\/posts\/25676"}],"collection":[{"href":"https:\/\/centcols.org\/backup\/wp-json\/wp\/v2\/posts"}],"about":[{"href":"https:\/\/centcols.org\/backup\/wp-json\/wp\/v2\/types\/post"}],"author":[{"embeddable":true,"href":"https:\/\/centcols.org\/backup\/wp-json\/wp\/v2\/users\/147"}],"replies":[{"embeddable":true,"href":"https:\/\/centcols.org\/backup\/wp-json\/wp\/v2\/comments?post=25676"}],"version-history":[{"count":0,"href":"https:\/\/centcols.org\/backup\/wp-json\/wp\/v2\/posts\/25676\/revisions"}],"wp:attachment":[{"href":"https:\/\/centcols.org\/backup\/wp-json\/wp\/v2\/media?parent=25676"}],"wp:term":[{"taxonomy":"category","embeddable":true,"href":"https:\/\/centcols.org\/backup\/wp-json\/wp\/v2\/categories?post=25676"},{"taxonomy":"post_tag","embeddable":true,"href":"https:\/\/centcols.org\/backup\/wp-json\/wp\/v2\/tags?post=25676"}],"curies":[{"name":"wp","href":"https:\/\/api.w.org\/{rel}","templated":true}]}}