{"id":25678,"date":"2018-01-30T20:21:23","date_gmt":"2018-01-30T19:21:23","guid":{"rendered":"http:\/\/centcols.org\/backup\/?p=25678"},"modified":"2018-09-15T21:16:43","modified_gmt":"2018-09-15T19:16:43","slug":"concentration-regionale-pyrenees-col-du-paradis-7-octobre-2018","status":"publish","type":"post","link":"https:\/\/centcols.org\/backup\/concentration-regionale-pyrenees-col-du-paradis-7-octobre-2018\/","title":{"rendered":"Concentration r\u00e9gionale Pyr\u00e9n\u00e9es au col du Paradis le 7 octobre 2018"},"content":{"rendered":"<p>Dimanche 7 octobre 2018, Pyr\u00e9n\u00e9es<br \/>\nCol du Paradis (FR-11-0627)<\/p>\n<h3><em><span style=\"color: #000000;\"><strong><a style=\"color: #000000;\" href=\"http:\/\/www.alaingillodes.fr\/concentration%20CCC-OCD\/paradis_11\/Paradis_p.htm\" target=\"_blank\" rel=\"noopener\">Programme de la journ\u00e9e<\/a><\/strong><\/span><\/em><\/h3>\n<h3>Contact<\/h3>\n<p>Alain Gillodes<br \/>\n05 61 56 74 35<br \/>\n<a href=\"&#109;a&#105;&#108;t&#111;:al&#97;&#105;&#110;&#46;&#103;i&#108;lo&#100;&#101;&#115;&#64;&#111;&#114;&#97;&#110;g&#101;&#46;f&#114;\">&#97;lai&#110;.gill&#111;des&#64;&#111;&#114;&#97;&#110;ge.&#102;r<\/a><\/p>\n","protected":false},"excerpt":{"rendered":"<p>Dimanche 7 octobre 2018, Pyr\u00e9n\u00e9es Col du Paradis (FR-11-0627) Programme de la journ\u00e9e Contact Alain Gillodes 05 61 56 74 35<\/p>\n","protected":false},"author":147,"featured_media":0,"comment_status":"closed","ping_status":"closed","sticky":false,"template":"","format":"standard","meta":{"_acf_changed":false,"ub_ctt_via":"","_monsterinsights_skip_tracking":false,"_monsterinsights_sitenote_active":false,"_monsterinsights_sitenote_note":"","_monsterinsights_sitenote_category":0,"footnotes":""},"categories":[137],"tags":[],"acf":[],"featured_image_urls":{"full":"","thumbnail":"","medium":"","medium_large":"","large":"","1536x1536":"","2048x2048":"","woocommerce_thumbnail":"","woocommerce_single":"","woocommerce_gallery_thumbnail":""},"post_excerpt_stackable":"<p>Dimanche 7 octobre 2018, Pyr\u00e9n\u00e9es Col du Paradis (FR-11-0627) Programme de la journ\u00e9e Contact Alain Gillodes 05 61 56 74 35 &#97;l&#97;&#105;&#110;&#46;gil&#108;&#111;&#100;e&#115;&#64;&#111;&#114;an&#103;e&#46;&#102;r<\/p>\n","category_list":"<a href=\"https:\/\/centcols.org\/backup\/categorie\/rassemblements\/rassemblements-2018\/\" rel=\"category tag\">Les rassemblements de 2018<\/a>","author_info":{"display_name":"Guy Harl\u00e9","author_link":"https:\/\/centcols.org\/backup\/author\/5193\/"},"comments_num":"0 commentaire","featured_image_urls_v2":{"full":"","thumbnail":"","medium":"","medium_large":"","large":"","1536x1536":"","2048x2048":"","woocommerce_thumbnail":"","woocommerce_single":"","woocommerce_gallery_thumbnail":""},"post_excerpt_stackable_v2":"<p>Dimanche 7 octobre 2018, Pyr\u00e9n\u00e9es Col du Paradis (FR-11-0627) Programme de la journ\u00e9e Contact Alain Gillodes 05 61 56 74 35 al&#97;&#105;&#110;.&#103;i&#108;l&#111;d&#101;&#115;&#64;&#111;&#114;an&#103;e&#46;fr<\/p>\n","category_list_v2":"<a href=\"https:\/\/centcols.org\/backup\/categorie\/rassemblements\/rassemblements-2018\/\" rel=\"category tag\">Les rassemblements de 2018<\/a>","author_info_v2":{"name":"Guy Harl\u00e9","url":"https:\/\/centcols.org\/backup\/author\/5193\/"},"comments_num_v2":"0 commentaire","featured_image_src":null,"_links":{"self":[{"href":"https:\/\/centcols.org\/backup\/wp-json\/wp\/v2\/posts\/25678"}],"collection":[{"href":"https:\/\/centcols.org\/backup\/wp-json\/wp\/v2\/posts"}],"about":[{"href":"https:\/\/centcols.org\/backup\/wp-json\/wp\/v2\/types\/post"}],"author":[{"embeddable":true,"href":"https:\/\/centcols.org\/backup\/wp-json\/wp\/v2\/users\/147"}],"replies":[{"embeddable":true,"href":"https:\/\/centcols.org\/backup\/wp-json\/wp\/v2\/comments?post=25678"}],"version-history":[{"count":0,"href":"https:\/\/centcols.org\/backup\/wp-json\/wp\/v2\/posts\/25678\/revisions"}],"wp:attachment":[{"href":"https:\/\/centcols.org\/backup\/wp-json\/wp\/v2\/media?parent=25678"}],"wp:term":[{"taxonomy":"category","embeddable":true,"href":"https:\/\/centcols.org\/backup\/wp-json\/wp\/v2\/categories?post=25678"},{"taxonomy":"post_tag","embeddable":true,"href":"https:\/\/centcols.org\/backup\/wp-json\/wp\/v2\/tags?post=25678"}],"curies":[{"name":"wp","href":"https:\/\/api.w.org\/{rel}","templated":true}]}}