{"id":25679,"date":"2018-01-30T17:31:44","date_gmt":"2018-01-30T16:31:44","guid":{"rendered":"http:\/\/centcols.org\/backup\/?p=25679"},"modified":"2018-02-28T16:58:24","modified_gmt":"2018-02-28T15:58:24","slug":"concentration-internationale-pas-de-morgins-18-aout-2018","status":"publish","type":"post","link":"https:\/\/centcols.org\/backup\/concentration-internationale-pas-de-morgins-18-aout-2018\/","title":{"rendered":"Rassemblement international, Pas de Morgins le 18 ao\u00fbt 2018"},"content":{"rendered":"<p>Samedi 18 ao\u00fbt 2018, rassemblement international<br \/>\nPas de Morgins (FR-74-1370)<br \/>\nDans le cadre du s\u00e9jour d&#8217;\u00e9t\u00e9 \u00e0 Saint-Maurice (Suisse), le rassemblement international se tiendra \u00e0 la fronti\u00e8re franco-suisse (Chablais)<\/p>\n<div id='gallery-1' class='gallery galleryid-25679 gallery-columns-3 gallery-size-thumbnail'><dl class='gallery-item'>\n\t\t\t<dt class='gallery-icon portrait'>\n\t\t\t\t<a href='https:\/\/centcols.org\/backup\/concentration-internationale-pas-de-morgins-18-aout-2018\/s-2\/'><img loading=\"lazy\" decoding=\"async\" width=\"300\" height=\"300\" src=\"https:\/\/centcols.org\/backup\/wp-content\/uploads\/2018\/01\/137000000-1-300x300.jpg\" class=\"attachment-thumbnail size-thumbnail\" alt=\"\" aria-describedby=\"gallery-1-33244\" srcset=\"https:\/\/centcols.org\/backup\/wp-content\/uploads\/2018\/01\/137000000-1-300x300.jpg 300w, https:\/\/centcols.org\/backup\/wp-content\/uploads\/2018\/01\/137000000-1-100x100.jpg 100w\" sizes=\"(max-width: 300px) 100vw, 300px\" \/><\/a>\n\t\t\t<\/dt>\n\t\t\t\t<dd class='wp-caption-text gallery-caption' id='gallery-1-33244'>\n\t\t\t\tLe Col c\u00f4t\u00e9 France\n\t\t\t\t<\/dd><\/dl><dl class='gallery-item'>\n\t\t\t<dt class='gallery-icon landscape'>\n\t\t\t\t<a href='https:\/\/centcols.org\/backup\/concentration-internationale-pas-de-morgins-18-aout-2018\/attachment\/137000060\/'><img loading=\"lazy\" decoding=\"async\" width=\"300\" height=\"300\" src=\"https:\/\/centcols.org\/backup\/wp-content\/uploads\/2018\/01\/137000060-300x300.jpg\" class=\"attachment-thumbnail size-thumbnail\" alt=\"\" aria-describedby=\"gallery-1-33237\" srcset=\"https:\/\/centcols.org\/backup\/wp-content\/uploads\/2018\/01\/137000060-300x300.jpg 300w, https:\/\/centcols.org\/backup\/wp-content\/uploads\/2018\/01\/137000060-100x100.jpg 100w\" sizes=\"(max-width: 300px) 100vw, 300px\" \/><\/a>\n\t\t\t<\/dt>\n\t\t\t\t<dd class='wp-caption-text gallery-caption' id='gallery-1-33237'>\n\t\t\t\tLe Col, c\u00f4t\u00e9 Suisse\n\t\t\t\t<\/dd><\/dl><dl class='gallery-item'>\n\t\t\t<dt class='gallery-icon landscape'>\n\t\t\t\t<a href='https:\/\/centcols.org\/backup\/concentration-internationale-pas-de-morgins-18-aout-2018\/attachment\/137000070\/'><img loading=\"lazy\" decoding=\"async\" width=\"300\" height=\"300\" src=\"https:\/\/centcols.org\/backup\/wp-content\/uploads\/2018\/01\/137000070-300x300.jpg\" class=\"attachment-thumbnail size-thumbnail\" alt=\"\" aria-describedby=\"gallery-1-33240\" srcset=\"https:\/\/centcols.org\/backup\/wp-content\/uploads\/2018\/01\/137000070-300x300.jpg 300w, https:\/\/centcols.org\/backup\/wp-content\/uploads\/2018\/01\/137000070-100x100.jpg 100w\" sizes=\"(max-width: 300px) 100vw, 300px\" \/><\/a>\n\t\t\t<\/dt>\n\t\t\t\t<dd class='wp-caption-text gallery-caption' id='gallery-1-33240'>\n\t\t\t\tLe lac du Pas de Morgins, photo M. Mathieu\n\t\t\t\t<\/dd><\/dl><br style=\"clear: both\" \/>\n\t\t<\/div>\n\n<p>Rendez-vous \u00e0 partir de 11 h 00 au bord du lac du Pas de Morgins<\/p>\n<p>Sont invit\u00e9s \u00e0 ce rassemblement international, les participants au s\u00e9jour de Saint-Maurice, les adh\u00e9rents du Club des Cent Cols qui voudront se joindre \u00e0 nous, mais aussi les membres des clubs locaux qui auront envie de venir \u00e0 notre rencontre, ils seront les bienvenus pour partager avec nous le pain, le fromage et le verre de l&#8217;amiti\u00e9.<\/p>\n<p><strong>Seule condition, pr\u00e9venir au moins 10 jours avant afin que l&#8217;intendance puisse \u00eatre assur\u00e9e.<\/strong><\/p>\n<h3>Contact<\/h3>\n<p>Guy Harl\u00e9<br \/>\n04 50 60 67 27 &#8211; 06 77 11 17 03<br \/>\n<a href=\"mail&#116;&#111;&#58;guy.h&#97;&#114;l&#101;&#64;gm&#97;&#105;l&#46;&#99;o&#109;\">g&#117;&#121;&#46;ha&#114;le&#64;gm&#97;il.c&#111;&#109;<\/a><\/p>\n","protected":false},"excerpt":{"rendered":"<p>Samedi 18 ao\u00fbt 2018, rassemblement international Pas de Morgins (FR-74-1370) Dans le cadre du s\u00e9jour d&#8217;\u00e9t\u00e9 \u00e0 Saint-Maurice (Suisse), le rassemblement international se tiendra \u00e0 la fronti\u00e8re franco-suisse (Chablais) Rendez-vous \u00e0 partir de 11 h 00 au bord du lac du Pas de Morgins Sont invit\u00e9s \u00e0 ce rassemblement international, les participants au s\u00e9jour de [&hellip;]<\/p>\n","protected":false},"author":147,"featured_media":0,"comment_status":"closed","ping_status":"closed","sticky":false,"template":"","format":"standard","meta":{"_acf_changed":false,"ub_ctt_via":"","_monsterinsights_skip_tracking":false,"_monsterinsights_sitenote_active":false,"_monsterinsights_sitenote_note":"","_monsterinsights_sitenote_category":0,"footnotes":""},"categories":[137],"tags":[],"acf":[],"featured_image_urls":{"full":"","thumbnail":"","medium":"","medium_large":"","large":"","1536x1536":"","2048x2048":"","woocommerce_thumbnail":"","woocommerce_single":"","woocommerce_gallery_thumbnail":""},"post_excerpt_stackable":"<p>Samedi 18 ao\u00fbt 2018, rassemblement international Pas de Morgins (FR-74-1370) Dans le cadre du s\u00e9jour d&#8217;\u00e9t\u00e9 \u00e0 Saint-Maurice (Suisse), le rassemblement international se tiendra \u00e0 la fronti\u00e8re franco-suisse (Chablais) Le Col c\u00f4t\u00e9 France Le Col, c\u00f4t\u00e9 Suisse Le lac du Pas de Morgins, photo M. Mathieu Rendez-vous \u00e0 partir de 11 h 00 au bord du lac du Pas de Morgins Sont invit\u00e9s \u00e0 ce rassemblement international, les participants au s\u00e9jour de Saint-Maurice, les adh\u00e9rents du Club des Cent Cols qui voudront se joindre \u00e0 nous, mais aussi les membres des clubs locaux qui auront envie de venir \u00e0 notre\u2026<\/p>\n","category_list":"<a href=\"https:\/\/centcols.org\/backup\/categorie\/rassemblements\/rassemblements-2018\/\" rel=\"category tag\">Les rassemblements de 2018<\/a>","author_info":{"display_name":"Guy Harl\u00e9","author_link":"https:\/\/centcols.org\/backup\/author\/5193\/"},"comments_num":"0 commentaire","featured_image_urls_v2":{"full":"","thumbnail":"","medium":"","medium_large":"","large":"","1536x1536":"","2048x2048":"","woocommerce_thumbnail":"","woocommerce_single":"","woocommerce_gallery_thumbnail":""},"post_excerpt_stackable_v2":"<p>Samedi 18 ao\u00fbt 2018, rassemblement international Pas de Morgins (FR-74-1370) Dans le cadre du s\u00e9jour d&#8217;\u00e9t\u00e9 \u00e0 Saint-Maurice (Suisse), le rassemblement international se tiendra \u00e0 la fronti\u00e8re franco-suisse (Chablais) Le Col c\u00f4t\u00e9 France Le Col, c\u00f4t\u00e9 Suisse Le lac du Pas de Morgins, photo M. Mathieu Rendez-vous \u00e0 partir de 11 h 00 au bord du lac du Pas de Morgins Sont invit\u00e9s \u00e0 ce rassemblement international, les participants au s\u00e9jour de Saint-Maurice, les adh\u00e9rents du Club des Cent Cols qui voudront se joindre \u00e0 nous, mais aussi les membres des clubs locaux qui auront envie de venir \u00e0 notre\u2026<\/p>\n","category_list_v2":"<a href=\"https:\/\/centcols.org\/backup\/categorie\/rassemblements\/rassemblements-2018\/\" rel=\"category tag\">Les rassemblements de 2018<\/a>","author_info_v2":{"name":"Guy Harl\u00e9","url":"https:\/\/centcols.org\/backup\/author\/5193\/"},"comments_num_v2":"0 commentaire","featured_image_src":null,"_links":{"self":[{"href":"https:\/\/centcols.org\/backup\/wp-json\/wp\/v2\/posts\/25679"}],"collection":[{"href":"https:\/\/centcols.org\/backup\/wp-json\/wp\/v2\/posts"}],"about":[{"href":"https:\/\/centcols.org\/backup\/wp-json\/wp\/v2\/types\/post"}],"author":[{"embeddable":true,"href":"https:\/\/centcols.org\/backup\/wp-json\/wp\/v2\/users\/147"}],"replies":[{"embeddable":true,"href":"https:\/\/centcols.org\/backup\/wp-json\/wp\/v2\/comments?post=25679"}],"version-history":[{"count":0,"href":"https:\/\/centcols.org\/backup\/wp-json\/wp\/v2\/posts\/25679\/revisions"}],"wp:attachment":[{"href":"https:\/\/centcols.org\/backup\/wp-json\/wp\/v2\/media?parent=25679"}],"wp:term":[{"taxonomy":"category","embeddable":true,"href":"https:\/\/centcols.org\/backup\/wp-json\/wp\/v2\/categories?post=25679"},{"taxonomy":"post_tag","embeddable":true,"href":"https:\/\/centcols.org\/backup\/wp-json\/wp\/v2\/tags?post=25679"}],"curies":[{"name":"wp","href":"https:\/\/api.w.org\/{rel}","templated":true}]}}