{"id":25733,"date":"2018-01-29T09:56:41","date_gmt":"2018-01-29T08:56:41","guid":{"rendered":"http:\/\/centcols.org\/backup\/?p=25733"},"modified":"2018-03-10T18:36:01","modified_gmt":"2018-03-10T17:36:01","slug":"vca-130-ans-annecy-4-mars-2018","status":"publish","type":"post","link":"https:\/\/centcols.org\/backup\/vca-130-ans-annecy-4-mars-2018\/","title":{"rendered":"Le V\u00e9lo Club d&#8217;Annecy f\u00eate ses 130 ans le 4 mars 2018"},"content":{"rendered":"<p>Dimanche 4 mars 2018, 130 \u00e9me anniversaire du VC Annecy<\/p>\n<h3><strong>\u00a0Anniversaire des 130 ans du V\u00e9lo Club d\u2019Annecy<\/strong><\/h3>\n<p>&nbsp;<\/p>\n<p>Le 4 mars 2018, le v\u00e9lo-club d&#8217;Annecy f\u00eate le 130 \u00e9me anniversaire de sa cr\u00e9ation. Bel exemple de long\u00e9vit\u00e9!&#8230;<br \/>\nPour cette occasion, tous les clubs alentour ont \u00e9t\u00e9 convi\u00e9s \u00e0 un tour du lac d&#8217;Annecy, suivi d&#8217;un pot de l&#8217;amiti\u00e9.<br \/>\nLe club des cent Cols qui est issu du v\u00e9lo-club d&#8217;Annecy s&#8217;est naturellement associ\u00e9 \u00e0 cette manifestation avec un nombre important de participants.<br \/>\nLes conditions m\u00e9t\u00e9orologiques des jours pr\u00e9c\u00e9dant le rendez-vous ont \u00e9t\u00e9 particuli\u00e8rement d\u00e9favorables. La piste cyclable \u00e9tant en glace sur une bonne partie du parcours, le tour du lac officiel a \u00e9t\u00e9 annul\u00e9. Seuls quelques uns ont fait la balade, mais en restant sur la chauss\u00e9e.<\/p>\n<div id='gallery-1' class='gallery galleryid-25733 gallery-columns-2 gallery-size-medium'><dl class='gallery-item'>\n\t\t\t<dt class='gallery-icon landscape'>\n\t\t\t\t<a href='https:\/\/centcols.org\/backup\/vca-130-ans-annecy-4-mars-2018\/dscf9472\/'><img loading=\"lazy\" decoding=\"async\" width=\"500\" height=\"333\" src=\"https:\/\/centcols.org\/backup\/wp-content\/uploads\/2018\/01\/DSCF9472-500x333.jpg\" class=\"attachment-medium size-medium\" alt=\"\" aria-describedby=\"gallery-1-33295\" srcset=\"https:\/\/centcols.org\/backup\/wp-content\/uploads\/2018\/01\/DSCF9472-500x333.jpg 500w, https:\/\/centcols.org\/backup\/wp-content\/uploads\/2018\/01\/DSCF9472-600x400.jpg 600w, https:\/\/centcols.org\/backup\/wp-content\/uploads\/2018\/01\/DSCF9472-768x512.jpg 768w, https:\/\/centcols.org\/backup\/wp-content\/uploads\/2018\/01\/DSCF9472.jpg 1200w\" sizes=\"(max-width: 500px) 100vw, 500px\" \/><\/a>\n\t\t\t<\/dt>\n\t\t\t\t<dd class='wp-caption-text gallery-caption' id='gallery-1-33295'>\n\t\t\t\tAu d\u00e9part sur la P\u00e2quier (photo Lionel David, VCA)\n\t\t\t\t<\/dd><\/dl><dl class='gallery-item'>\n\t\t\t<dt class='gallery-icon landscape'>\n\t\t\t\t<a href='https:\/\/centcols.org\/backup\/vca-130-ans-annecy-4-mars-2018\/dscf9484\/'><img loading=\"lazy\" decoding=\"async\" width=\"500\" height=\"333\" src=\"https:\/\/centcols.org\/backup\/wp-content\/uploads\/2018\/01\/DSCF9484-500x333.jpg\" class=\"attachment-medium size-medium\" alt=\"\" aria-describedby=\"gallery-1-33296\" srcset=\"https:\/\/centcols.org\/backup\/wp-content\/uploads\/2018\/01\/DSCF9484-500x333.jpg 500w, https:\/\/centcols.org\/backup\/wp-content\/uploads\/2018\/01\/DSCF9484-600x400.jpg 600w, https:\/\/centcols.org\/backup\/wp-content\/uploads\/2018\/01\/DSCF9484-768x512.jpg 768w, https:\/\/centcols.org\/backup\/wp-content\/uploads\/2018\/01\/DSCF9484.jpg 1200w\" sizes=\"(max-width: 500px) 100vw, 500px\" \/><\/a>\n\t\t\t<\/dt>\n\t\t\t\t<dd class='wp-caption-text gallery-caption' id='gallery-1-33296'>\n\t\t\t\tPiste cyclable impraticable (photo Lionel David, VCA)\n\t\t\t\t<\/dd><\/dl><br style=\"clear: both\" \/>\n\t\t<\/div>\n\n<p>Apr\u00e8s le rendez-vous sur le P\u00e2quier, les participants se sont retrouv\u00e9s pour le pot offert par le v\u00e9lo-club d&#8217;Annecy. Les conversations \u00e9taient anim\u00e9es, d&#8217;autant plus qu&#8217;apr\u00e8s la tr\u00eave de l&#8217;hiver, tous \u00e9taient en attente de retrouvailles.<\/p>\n<div id='gallery-2' class='gallery galleryid-25733 gallery-columns-2 gallery-size-medium'><dl class='gallery-item'>\n\t\t\t<dt class='gallery-icon landscape'>\n\t\t\t\t<a href='https:\/\/centcols.org\/backup\/vca-130-ans-annecy-4-mars-2018\/dscf9511\/'><img loading=\"lazy\" decoding=\"async\" width=\"500\" height=\"333\" src=\"https:\/\/centcols.org\/backup\/wp-content\/uploads\/2018\/01\/DSCF9511-500x333.jpg\" class=\"attachment-medium size-medium\" alt=\"\" aria-describedby=\"gallery-2-33298\" srcset=\"https:\/\/centcols.org\/backup\/wp-content\/uploads\/2018\/01\/DSCF9511-500x333.jpg 500w, https:\/\/centcols.org\/backup\/wp-content\/uploads\/2018\/01\/DSCF9511-600x400.jpg 600w, https:\/\/centcols.org\/backup\/wp-content\/uploads\/2018\/01\/DSCF9511-768x512.jpg 768w, https:\/\/centcols.org\/backup\/wp-content\/uploads\/2018\/01\/DSCF9511.jpg 1200w\" sizes=\"(max-width: 500px) 100vw, 500px\" \/><\/a>\n\t\t\t<\/dt>\n\t\t\t\t<dd class='wp-caption-text gallery-caption' id='gallery-2-33298'>\n\t\t\t\tLes clubs repr\u00e9sent\u00e9s en compagnie de Martine Cano pr\u00e9sidente de la FFCT et Catherine Borgeais-Rouet, pr\u00e9sidente du Comit\u00e9 d\u00e9partemental (photo Lionel David, VCA)\n\t\t\t\t<\/dd><\/dl><dl class='gallery-item'>\n\t\t\t<dt class='gallery-icon landscape'>\n\t\t\t\t<a href='https:\/\/centcols.org\/backup\/vca-130-ans-annecy-4-mars-2018\/20180304_120710\/'><img loading=\"lazy\" decoding=\"async\" width=\"500\" height=\"281\" src=\"https:\/\/centcols.org\/backup\/wp-content\/uploads\/2018\/01\/20180304_120710-500x281.jpg\" class=\"attachment-medium size-medium\" alt=\"\" aria-describedby=\"gallery-2-33310\" srcset=\"https:\/\/centcols.org\/backup\/wp-content\/uploads\/2018\/01\/20180304_120710-500x281.jpg 500w, https:\/\/centcols.org\/backup\/wp-content\/uploads\/2018\/01\/20180304_120710-600x338.jpg 600w, https:\/\/centcols.org\/backup\/wp-content\/uploads\/2018\/01\/20180304_120710-768x432.jpg 768w, https:\/\/centcols.org\/backup\/wp-content\/uploads\/2018\/01\/20180304_120710-1200x675.jpg 1200w, https:\/\/centcols.org\/backup\/wp-content\/uploads\/2018\/01\/20180304_120710.jpg 1820w\" sizes=\"(max-width: 500px) 100vw, 500px\" \/><\/a>\n\t\t\t<\/dt>\n\t\t\t\t<dd class='wp-caption-text gallery-caption' id='gallery-2-33310'>\n\t\t\t\tPhoto, Lucien Descoins\n\t\t\t\t<\/dd><\/dl><br style=\"clear: both\" \/>\n\t\t<\/div>\n\n<div id=\"attachment_33297\" style=\"width: 510px\" class=\"wp-caption aligncenter\"><a href=\"https:\/\/centcols.org\/backup\/wp-content\/uploads\/2018\/01\/DSCF9505.jpg\"><img loading=\"lazy\" decoding=\"async\" aria-describedby=\"caption-attachment-33297\" class=\"size-medium wp-image-33297\" src=\"https:\/\/centcols.org\/backup\/wp-content\/uploads\/2018\/01\/DSCF9505-500x333.jpg\" alt=\"\" width=\"500\" height=\"333\" srcset=\"https:\/\/centcols.org\/backup\/wp-content\/uploads\/2018\/01\/DSCF9505-500x333.jpg 500w, https:\/\/centcols.org\/backup\/wp-content\/uploads\/2018\/01\/DSCF9505-600x400.jpg 600w, https:\/\/centcols.org\/backup\/wp-content\/uploads\/2018\/01\/DSCF9505-768x512.jpg 768w, https:\/\/centcols.org\/backup\/wp-content\/uploads\/2018\/01\/DSCF9505.jpg 1200w\" sizes=\"(max-width: 500px) 100vw, 500px\" \/><\/a><p id=\"caption-attachment-33297\" class=\"wp-caption-text\">Bonne ambiance autour du buffet (photo Lionel David, VCA)<\/p><\/div>\n<h3>Reportage complet sur le site du V\u00e9lo-Club d&#8217;Annecy<\/h3>\n<p style=\"text-align: center;\"><a href=\"https:\/\/photos.google.com\/share\/AF1QipMOzQSx68sBmSpORYdle8VVC0-erN4r9leqfCaWIZXpwfKWh6Se-YypkwyK3EGESw?key=bmVNUThUd3YwbWN5bnU0RURMZ0cxSDkycVRPTVNR\" target=\"_blank\" rel=\"noopener\"><img loading=\"lazy\" decoding=\"async\" class=\"size-medium wp-image-33299 aligncenter\" src=\"https:\/\/centcols.org\/backup\/wp-content\/uploads\/2018\/01\/reportage-vca-500x333.jpg\" alt=\"\" width=\"500\" height=\"333\" srcset=\"https:\/\/centcols.org\/backup\/wp-content\/uploads\/2018\/01\/reportage-vca-500x333.jpg 500w, https:\/\/centcols.org\/backup\/wp-content\/uploads\/2018\/01\/reportage-vca-600x400.jpg 600w, https:\/\/centcols.org\/backup\/wp-content\/uploads\/2018\/01\/reportage-vca.jpg 768w\" sizes=\"(max-width: 500px) 100vw, 500px\" \/><br \/>\nAcc\u00e8s au reportage (photo Lionel David, VCA)<\/a><\/p>\n<p>&nbsp;<\/p>\n<p>&nbsp;<\/p>\n<p>&nbsp;<\/p>\n<p>&nbsp;<\/p>\n","protected":false},"excerpt":{"rendered":"<p>Dimanche 4 mars 2018, 130 \u00e9me anniversaire du VC Annecy \u00a0Anniversaire des 130 ans du V\u00e9lo Club d\u2019Annecy &nbsp; Le 4 mars 2018, le v\u00e9lo-club d&#8217;Annecy f\u00eate le 130 \u00e9me anniversaire de sa cr\u00e9ation. Bel exemple de long\u00e9vit\u00e9!&#8230; Pour cette occasion, tous les clubs alentour ont \u00e9t\u00e9 convi\u00e9s \u00e0 un tour du lac d&#8217;Annecy, suivi [&hellip;]<\/p>\n","protected":false},"author":147,"featured_media":0,"comment_status":"closed","ping_status":"closed","sticky":false,"template":"","format":"standard","meta":{"_acf_changed":false,"ub_ctt_via":"","_monsterinsights_skip_tracking":false,"_monsterinsights_sitenote_active":false,"_monsterinsights_sitenote_note":"","_monsterinsights_sitenote_category":0,"footnotes":""},"categories":[137,7],"tags":[],"acf":[],"featured_image_urls":{"full":"","thumbnail":"","medium":"","medium_large":"","large":"","1536x1536":"","2048x2048":"","woocommerce_thumbnail":"","woocommerce_single":"","woocommerce_gallery_thumbnail":""},"post_excerpt_stackable":"<p>Dimanche 4 mars 2018, 130 \u00e9me anniversaire du VC Annecy \u00a0Anniversaire des 130 ans du V\u00e9lo Club d\u2019Annecy &nbsp; Le 4 mars 2018, le v\u00e9lo-club d&#8217;Annecy f\u00eate le 130 \u00e9me anniversaire de sa cr\u00e9ation. Bel exemple de long\u00e9vit\u00e9!&#8230; Pour cette occasion, tous les clubs alentour ont \u00e9t\u00e9 convi\u00e9s \u00e0 un tour du lac d&#8217;Annecy, suivi d&#8217;un pot de l&#8217;amiti\u00e9. Le club des cent Cols qui est issu du v\u00e9lo-club d&#8217;Annecy s&#8217;est naturellement associ\u00e9 \u00e0 cette manifestation avec un nombre important de participants. Les conditions m\u00e9t\u00e9orologiques des jours pr\u00e9c\u00e9dant le rendez-vous ont \u00e9t\u00e9 particuli\u00e8rement d\u00e9favorables. La piste cyclable \u00e9tant en glace\u2026<\/p>\n","category_list":"<a href=\"https:\/\/centcols.org\/backup\/categorie\/rassemblements\/rassemblements-2018\/\" rel=\"category tag\">Les rassemblements de 2018<\/a>, <a href=\"https:\/\/centcols.org\/backup\/categorie\/rassemblements\/\" rel=\"category tag\">Rencontres r\u00e9gionales<\/a>","author_info":{"display_name":"Guy Harl\u00e9","author_link":"https:\/\/centcols.org\/backup\/author\/5193\/"},"comments_num":"0 commentaire","featured_image_urls_v2":{"full":"","thumbnail":"","medium":"","medium_large":"","large":"","1536x1536":"","2048x2048":"","woocommerce_thumbnail":"","woocommerce_single":"","woocommerce_gallery_thumbnail":""},"post_excerpt_stackable_v2":"<p>Dimanche 4 mars 2018, 130 \u00e9me anniversaire du VC Annecy \u00a0Anniversaire des 130 ans du V\u00e9lo Club d\u2019Annecy &nbsp; Le 4 mars 2018, le v\u00e9lo-club d&#8217;Annecy f\u00eate le 130 \u00e9me anniversaire de sa cr\u00e9ation. Bel exemple de long\u00e9vit\u00e9!&#8230; Pour cette occasion, tous les clubs alentour ont \u00e9t\u00e9 convi\u00e9s \u00e0 un tour du lac d&#8217;Annecy, suivi d&#8217;un pot de l&#8217;amiti\u00e9. Le club des cent Cols qui est issu du v\u00e9lo-club d&#8217;Annecy s&#8217;est naturellement associ\u00e9 \u00e0 cette manifestation avec un nombre important de participants. Les conditions m\u00e9t\u00e9orologiques des jours pr\u00e9c\u00e9dant le rendez-vous ont \u00e9t\u00e9 particuli\u00e8rement d\u00e9favorables. La piste cyclable \u00e9tant en glace\u2026<\/p>\n","category_list_v2":"<a href=\"https:\/\/centcols.org\/backup\/categorie\/rassemblements\/rassemblements-2018\/\" rel=\"category tag\">Les rassemblements de 2018<\/a>, <a href=\"https:\/\/centcols.org\/backup\/categorie\/rassemblements\/\" rel=\"category tag\">Rencontres r\u00e9gionales<\/a>","author_info_v2":{"name":"Guy Harl\u00e9","url":"https:\/\/centcols.org\/backup\/author\/5193\/"},"comments_num_v2":"0 commentaire","featured_image_src":null,"_links":{"self":[{"href":"https:\/\/centcols.org\/backup\/wp-json\/wp\/v2\/posts\/25733"}],"collection":[{"href":"https:\/\/centcols.org\/backup\/wp-json\/wp\/v2\/posts"}],"about":[{"href":"https:\/\/centcols.org\/backup\/wp-json\/wp\/v2\/types\/post"}],"author":[{"embeddable":true,"href":"https:\/\/centcols.org\/backup\/wp-json\/wp\/v2\/users\/147"}],"replies":[{"embeddable":true,"href":"https:\/\/centcols.org\/backup\/wp-json\/wp\/v2\/comments?post=25733"}],"version-history":[{"count":0,"href":"https:\/\/centcols.org\/backup\/wp-json\/wp\/v2\/posts\/25733\/revisions"}],"wp:attachment":[{"href":"https:\/\/centcols.org\/backup\/wp-json\/wp\/v2\/media?parent=25733"}],"wp:term":[{"taxonomy":"category","embeddable":true,"href":"https:\/\/centcols.org\/backup\/wp-json\/wp\/v2\/categories?post=25733"},{"taxonomy":"post_tag","embeddable":true,"href":"https:\/\/centcols.org\/backup\/wp-json\/wp\/v2\/tags?post=25733"}],"curies":[{"name":"wp","href":"https:\/\/api.w.org\/{rel}","templated":true}]}}