{"id":258,"date":"2015-04-13T16:01:14","date_gmt":"2015-04-13T14:01:14","guid":{"rendered":"http:\/\/centcols.org\/backup\/?p=258"},"modified":"2015-06-09T11:41:16","modified_gmt":"2015-06-09T09:41:16","slug":"concentration-2010-col-cluse","status":"publish","type":"post","link":"https:\/\/centcols.org\/backup\/concentration-2010-col-cluse\/","title":{"rendered":"Concentration r\u00e9gionale Alpes du Nord &#8211; Jura Sud le 13 juin 2010au col de la Cluse (FR-73-1169)"},"content":{"rendered":"<h2>Les photos de la concentration :<\/h2>\n<p><a class=\"iframe-fancybox\" href=\"http:\/\/centcols.net\/les_rendez-vous\/2010\/concent-reg-Alpes-Nord-Jura-Sud\/album01.htm\" target=\"_blank\">1e partie<\/a><\/p>\n<p><a class=\"iframe-fancybox\" href=\"http:\/\/centcols.net\/les_rendez-vous\/2010\/concent-reg-Alpes-Nord-Jura-Sud\/album02.htm\" target=\"_blank\">2e partie<\/a><\/p>\n<p><a class=\"iframe-fancybox\" href=\"http:\/\/centcols.net\/les_rendez-vous\/2010\/concent-reg-Alpes-Nord-Jura-Sud\/album03.htm\" target=\"_blank\">3e partie<\/a><\/p>\n<h2>Pr\u00e9sentation<\/h2>\n<p>La premi\u00e8re Concentration r\u00e9gionale Alpes du Nord Jura Sud aura lieu dimanche prochain 13 Juin \u00e0 partir de 11h au col de la Cluse <a class=\"iframe-fancybox\" href=\"https:\/\/centcols.org\/backup\/util\/geo\/visuGP.php?c=73116900\" target=\"_blank\">FR-73-1169<\/a> dans le massif de la Chartreuse<br \/>\nLat : 45\u00b027&#8217;14&#8221; Nord\u00a0\u00a0\u00a0 Long : 5\u00b051&#8217;33&#8221; Est<\/p>\n<p>Tous les Cent cols ou amis des Cent Cols\u00a0 de l&#8217;Ain, de l&#8217;Is\u00e8re et des deux Savoie sont invit\u00e9s \u00e0 venir partager le pain le fromage et le verre de l&#8217;amiti\u00e9. Les Cent Cols des autres r\u00e9gions qui voudraient se joindre aux festivit\u00e9s seront chaleureusement accueillis. Nous pourrons c\u00e9l\u00e9brer ainsi le 150 \u00e8me anniversaire du rattachement de la France \u00e0 la Savoie.<\/p>\n<h2>Programme :<\/h2>\n<ol>\n<li>accueil \u00e0 partir de 11h00.<\/li>\n<li>11h00-12h00 : remise de r\u00e9compenses, signature du livre d&#8217;or.<\/li>\n<li>\u00e0 partir de 12h00 : pique-nique tir\u00e9 des sacs au col du Cucheron situ\u00e9 \u00e0 environ 800 m\u00a0<a class=\"iframe-fancybox\" href=\"https:\/\/centcols.org\/backup\/util\/geo\/visuGP.php?c=73121500\" target=\"_blank\"> FR-73-1215<\/a><\/li>\n<\/ol>\n<p>Il est possible pour les cyclistes routiers d&#8217;en profiter pour faire la randonn\u00e9e que les cyclistes locaux appellent &#8220;la petite Chartreuse&#8221;.<br \/>\nUn d\u00e9part peut s&#8217;organiser \u00e0 9h du parking Curial Place de l&#8217;Europe \u00e0 Chamb\u00e9ry pour rejoindre le col de la Cluse en passant par la c\u00f4te de Montagnole (suivre Circuit du Championnat du monde de 1989), le col du Pas de la Fosse (FR-73-0822), le col du Granier (FR-73-1134). Retour \u00e0 Chamb\u00e9ry par le col du Cucheron, col des Egaux (FR-73-0958a) et le col de Couz (FR-73-0624).<\/p>\n<h2>Pour les v\u00e9t\u00e9tistes :<\/h2>\n<p>Possibilit\u00e9 de parking au chef lieu d&#8217;Entremont le Vieux (Epernay) : monter au col de la Cluse par la route et l&#8217;apr\u00e8s-midi circuit du tour de l&#8217;Outheran : col du Mollard (FR-73-1320b), col du Planet (FR-73-1184b), col du Grapillon (FR-73-1509) et retour Entremont le Vieux \u00e0 nouveau par le Col du Mollard et le col des Fontanettes (FR-73-1320a).<\/p>\n<p>ou circuit Topo 1 page 23 \u00e0 partir des Gros Louis (RN6 entre St Thibaud de Couz et col de Couz).<\/p>\n<p>A bient\u00f4t dans ce cadre splendide.<\/p>\n<p>Si vous pensez participer, contacter R\u00e9gis afin qu&#8217;il puisse avoir une id\u00e9e du ravitaillement n\u00e9cessaire <a href=\"m&#97;&#105;&#108;&#116;&#111;:r&#101;&#103;&#105;&#115;&#46;&#112;a&#114;a&#122;&#64;&#108;&#97;p&#111;&#115;&#116;e&#46;n&#101;&#116;\">&#114;e&#103;&#105;s&#46;p&#97;raz&#64;&#108;ap&#111;st&#101;.&#110;&#101;t<\/a><\/p>\n<p><a href=\"https:\/\/centcols.org\/backup\/wp-content\/uploads\/2015\/04\/Outheran-Mollard.jpg\"><img loading=\"lazy\" decoding=\"async\" class=\"alignnone size-medium wp-image-260\" src=\"https:\/\/centcols.org\/backup\/wp-content\/uploads\/2015\/04\/Outheran-Mollard-500x234.jpg\" alt=\"Outheran-Mollard\" width=\"500\" height=\"234\" srcset=\"https:\/\/centcols.org\/backup\/wp-content\/uploads\/2015\/04\/Outheran-Mollard-500x234.jpg 500w, https:\/\/centcols.org\/backup\/wp-content\/uploads\/2015\/04\/Outheran-Mollard-600x280.jpg 600w, https:\/\/centcols.org\/backup\/wp-content\/uploads\/2015\/04\/Outheran-Mollard.jpg 1106w\" sizes=\"(max-width: 500px) 100vw, 500px\" \/><\/a><\/p>\n<p>&nbsp;<\/p>\n","protected":false},"excerpt":{"rendered":"<p>Les photos de la concentration : 1e partie 2e partie 3e partie Pr\u00e9sentation La premi\u00e8re Concentration r\u00e9gionale Alpes du Nord Jura Sud aura lieu dimanche prochain 13 Juin \u00e0 partir de 11h au col de la Cluse FR-73-1169 dans le massif de la Chartreuse Lat : 45\u00b027&#8217;14&#8221; Nord\u00a0\u00a0\u00a0 Long : 5\u00b051&#8217;33&#8221; Est Tous les Cent [&hellip;]<\/p>\n","protected":false},"author":2001,"featured_media":0,"comment_status":"closed","ping_status":"closed","sticky":false,"template":"","format":"standard","meta":{"_acf_changed":false,"ub_ctt_via":"","_monsterinsights_skip_tracking":false,"_monsterinsights_sitenote_active":false,"_monsterinsights_sitenote_note":"","_monsterinsights_sitenote_category":0,"footnotes":""},"categories":[8,7],"tags":[],"acf":[],"featured_image_urls":{"full":"","thumbnail":"","medium":"","medium_large":"","large":"","1536x1536":"","2048x2048":"","woocommerce_thumbnail":"","woocommerce_single":"","woocommerce_gallery_thumbnail":""},"post_excerpt_stackable":"<p>Les photos de la concentration : 1e partie 2e partie 3e partie Pr\u00e9sentation La premi\u00e8re Concentration r\u00e9gionale Alpes du Nord Jura Sud aura lieu dimanche prochain 13 Juin \u00e0 partir de 11h au col de la Cluse FR-73-1169 dans le massif de la Chartreuse Lat : 45\u00b027&#8217;14&#8221; Nord\u00a0\u00a0\u00a0 Long : 5\u00b051&#8217;33&#8221; Est Tous les Cent cols ou amis des Cent Cols\u00a0 de l&#8217;Ain, de l&#8217;Is\u00e8re et des deux Savoie sont invit\u00e9s \u00e0 venir partager le pain le fromage et le verre de l&#8217;amiti\u00e9. Les Cent Cols des autres r\u00e9gions qui voudraient se joindre aux festivit\u00e9s seront chaleureusement accueillis. Nous pourrons\u2026<\/p>\n","category_list":"<a href=\"https:\/\/centcols.org\/backup\/categorie\/rassemblements\/rassemblements-2010\/\" rel=\"category tag\">Les rassemblements de 2010<\/a>, <a href=\"https:\/\/centcols.org\/backup\/categorie\/rassemblements\/\" rel=\"category tag\">Rencontres r\u00e9gionales<\/a>","author_info":{"display_name":"Webmestre","author_link":"https:\/\/centcols.org\/backup\/author\/webmestre\/"},"comments_num":"0 commentaire","featured_image_urls_v2":{"full":"","thumbnail":"","medium":"","medium_large":"","large":"","1536x1536":"","2048x2048":"","woocommerce_thumbnail":"","woocommerce_single":"","woocommerce_gallery_thumbnail":""},"post_excerpt_stackable_v2":"<p>Les photos de la concentration : 1e partie 2e partie 3e partie Pr\u00e9sentation La premi\u00e8re Concentration r\u00e9gionale Alpes du Nord Jura Sud aura lieu dimanche prochain 13 Juin \u00e0 partir de 11h au col de la Cluse FR-73-1169 dans le massif de la Chartreuse Lat : 45\u00b027&#8217;14&#8221; Nord\u00a0\u00a0\u00a0 Long : 5\u00b051&#8217;33&#8221; Est Tous les Cent cols ou amis des Cent Cols\u00a0 de l&#8217;Ain, de l&#8217;Is\u00e8re et des deux Savoie sont invit\u00e9s \u00e0 venir partager le pain le fromage et le verre de l&#8217;amiti\u00e9. Les Cent Cols des autres r\u00e9gions qui voudraient se joindre aux festivit\u00e9s seront chaleureusement accueillis. Nous pourrons\u2026<\/p>\n","category_list_v2":"<a href=\"https:\/\/centcols.org\/backup\/categorie\/rassemblements\/rassemblements-2010\/\" rel=\"category tag\">Les rassemblements de 2010<\/a>, <a href=\"https:\/\/centcols.org\/backup\/categorie\/rassemblements\/\" rel=\"category tag\">Rencontres r\u00e9gionales<\/a>","author_info_v2":{"name":"Webmestre","url":"https:\/\/centcols.org\/backup\/author\/webmestre\/"},"comments_num_v2":"0 commentaire","featured_image_src":null,"_links":{"self":[{"href":"https:\/\/centcols.org\/backup\/wp-json\/wp\/v2\/posts\/258"}],"collection":[{"href":"https:\/\/centcols.org\/backup\/wp-json\/wp\/v2\/posts"}],"about":[{"href":"https:\/\/centcols.org\/backup\/wp-json\/wp\/v2\/types\/post"}],"author":[{"embeddable":true,"href":"https:\/\/centcols.org\/backup\/wp-json\/wp\/v2\/users\/2001"}],"replies":[{"embeddable":true,"href":"https:\/\/centcols.org\/backup\/wp-json\/wp\/v2\/comments?post=258"}],"version-history":[{"count":0,"href":"https:\/\/centcols.org\/backup\/wp-json\/wp\/v2\/posts\/258\/revisions"}],"wp:attachment":[{"href":"https:\/\/centcols.org\/backup\/wp-json\/wp\/v2\/media?parent=258"}],"wp:term":[{"taxonomy":"category","embeddable":true,"href":"https:\/\/centcols.org\/backup\/wp-json\/wp\/v2\/categories?post=258"},{"taxonomy":"post_tag","embeddable":true,"href":"https:\/\/centcols.org\/backup\/wp-json\/wp\/v2\/tags?post=258"}],"curies":[{"name":"wp","href":"https:\/\/api.w.org\/{rel}","templated":true}]}}