{"id":261,"date":"2015-04-13T16:14:48","date_gmt":"2015-04-13T14:14:48","guid":{"rendered":"http:\/\/centcols.org\/backup\/?p=261"},"modified":"2015-06-09T11:41:01","modified_gmt":"2015-06-09T09:41:01","slug":"concentration-italie-2010-biella","status":"publish","type":"post","link":"https:\/\/centcols.org\/backup\/concentration-italie-2010-biella\/","title":{"rendered":"16\u00e8me Concentration Nationale Italienne  Les 26 et 27 juin 2010 \u00e0 Biella"},"content":{"rendered":"<h2>Les photos de la concentration<\/h2>\n<p><a class=\"iframe-fancybox\" href=\"http:\/\/centcols.net\/cento_colli\/raduno_2010\/album\/album01.htmhttp:\/\/\" target=\"_blank\">1e partie<\/a><\/p>\n<p><a class=\"iframe-fancybox\" href=\"http:\/\/centcols.net\/cento_colli\/raduno_2010\/album\/album02.htm\" target=\"_blank\">2e partie<\/a><\/p>\n<p><a class=\"iframe-fancybox\" href=\"http:\/\/centcols.net\/cento_colli\/raduno_2010\/album\/album03.htm\" target=\"_blank\">3e partie<\/a><\/p>\n<p><a class=\"iframe-fancybox\" href=\"http:\/\/centcols.net\/cento_colli\/raduno_2010\/album\/album04.htm\" target=\"_blank\">4e partie<\/a><\/p>\n<p><a class=\"iframe-fancybox\" href=\"http:\/\/centcols.net\/util\/visuAlbum.php?album=00550-001\" target=\"_blank\">5e partie<\/a><\/p>\n<p><a class=\"iframe-fancybox\" href=\"http:\/\/centcols.net\/util\/visuAlbum.php?album=06643-001\" target=\"_blank\">6e partie<\/a><\/p>\n<h2>Pr\u00e9sentation<\/h2>\n<p>Biella est la localit\u00e9 qui nous acceuillera pour la 16\u00e8me Concentration du Club des Cent Cols section Italie, les 26 et 27 juin 2010.<\/p>\n<p>Comme toujours on indique la fin de la semaine comme date de fin, ceci n\u2019emp\u00eache pas pour celui qui le d\u00e9sire, de passer quelques jours de plus soit parce qu\u2019il y a une zone avec des possibilt\u00e9s suppl\u00e9mentaires de gravir des cols soit parce que nous avons conclu une convention avec l\u2019h\u00f4telier non seulement pour une nuit mais \u00e9galement pour plusieurs jours.<\/p>\n<p>L\u2019H\u00f4tel qui nous h\u00e9berge est le COLIBRI (***) via Cerruti 5 dans le Centre de Biella.<br \/>\nTEL. +39 015 8494944 FAX: +39 015<br \/>\n8494954- <a href=\"&#109;ai&#108;&#116;&#111;&#58;&#104;ote&#108;&#99;&#111;l&#105;&#98;r&#105;&#64;&#102;ast&#119;e&#98;&#110;et&#46;&#105;&#116;\">&#104;o&#116;e&#108;&#99;&#111;&#108;&#105;&#98;ri&#64;fa&#115;t&#119;&#101;&#98;net.it<\/a><\/p>\n<p><a href=\"www.hotelcolibri.eu\" target=\"_blank\">www.hotelcolibri.eu<\/a><\/p>\n<p>L\u2019h\u00f4tel est conventionn\u00e9 avec le restaurant Positano a 250 mt. Via Torino (\u00e0 l\u2019angle de piazza Adua) tel (+39)015 403975<\/p>\n<p><span style=\"text-decoration: underline;\">Les prix des chambres pour une nuit avec le petit d\u00e9jeuner sont :<\/span><\/p>\n<p>&#8211; Simple 45\u20ac<br \/>\n&#8211; Double 65\u20ac<br \/>\n&#8211; Triple 90\u20ac<\/p>\n<p><span style=\"text-decoration: underline;\">Le d\u00eener du samedi soir au restaurant Positano co\u00fbte 15\u20ac et comprend :<\/span><\/p>\n<p>&#8211; 2 entr\u00e9es dont des p\u00e2tes<br \/>\n&#8211; 1 plat au choix (escalope milanaise ou r\u00f4ti)<br \/>\n&#8211; accompagn\u00e9 d\u2019une salade et de pommes frites<br \/>\n&#8211; \u00bc de vin<br \/>\n&#8211; \u00bd d\u2019eau min\u00e9rale<br \/>\n&#8211; Caf\u00e9<\/p>\n<p>La Direction de l\u2019H\u00f4tel pratiquera un rabais bas\u00e9 sur la pr\u00e9sence et la convention des plats est fix\u00e9e 12 \u00e0 15\u20ac selon le menu et les boissons.<\/p>\n<h6><strong>POUR NE PAS PERDRE LA CONVENTION ET LA PLACE IL FAUDRA QUE CHACUN RESERVE DIRECTEMENT AUPRES DE L\u2019HOTEL DANS LES PREMIERS JOURS D\u2019AVRIL EN COMMUNIQUANT LES JOURS DE PRESENCE ET LE NOMBRE DE PERSONNES.<\/strong><\/h6>\n<h2>Le programme cycliste<\/h2>\n<h3>PARCOURS DU SAMEDI MATIN<\/h3>\n<p>RDV \u00e0 l\u2019H\u00f4tel COLIBRI \u00e0 8h30 et d\u00e9part \u00e0 9h pour la mont\u00e9e du magnifique Sanctuaire d\u2019Oropa.<\/p>\n<p><strong>Au rassemblement il y a deux possibilit\u00e9s :<\/strong><\/p>\n<p>1) en VTT: suivre la piste qui am\u00e8ne aux Refuges Savoia et Rossana et de l\u00e0 grimper le Colle della Balma 2257m, la Bocchetta del Lago 2026m et si possible le Colle Chardon 2303m. Il est possible que certains tron\u00e7on n\u00e9cessitent un portage.<\/p>\n<p>2) en v\u00e9lo: continuer la route jusqu\u2019au Passo della Colma, tunnel de la Rosazza, descendre \u00e0 Rosazza et poursuivre en direction de Biella (SP 100) et grimper la Sella 605 (IT-B-0605) Sogliano Micca, Cascina 1007(IT-B-1007), Pratetto, Colma 689 (IT-B-0689) Andorno Micca.<br \/>\nPuis de faire le retour vers l\u2019H\u00f4tel.<\/p>\n<h3>PARCOURS DU DIMANCHE<\/h3>\n<p>RDV \u00e0 8h00 \u00e0 la Place en face l\u2019h\u00f4tel COLIBRI, photo du groupe, d\u00e9part \u00e0 9h00.<br \/>\nLe parcours comprend toute la Panoramica Zegna effetu\u00e9e dans le sens horaire.<br \/>\nDonc de Biella on parcoura la vall\u00e9e du torrent Cervo vers le nord.<\/p>\n<h3>Les cols sur le parcours :<\/h3>\n<ol>\n<li>Sella del Cucco 1262 IT-BI-1262<\/li>\n<li>Bocchetto di Sessera 1382 IT-BI-1382<\/li>\n<li>Colle Moncerchio 1530 IT-BI-1530 environ 1km partiellement sur une piste<\/li>\n<li>Bocchetto di Luvera 1284 IT-BI-1284<\/li>\n<li>Bocchetta di Margosio 1332 IT-BI-1332<\/li>\n<li>Bocchetta di Rubello 1333 a 500m de la route nationale sur une piste partiellement R1 (IT-BI-1333)<\/li>\n<li>Bocchetta di Stavello 1206 IT-BI-1206<\/li>\n<li>Bocchetta di Pontiggie 1176 a 500m de la route nationale sur un R1 (IT-BI-1176)<\/li>\n<li>Bocchetta di Caulera 1070 IT-BI-1070<\/li>\n<li>Colle Craviolo 940 IT-BI-0940<\/li>\n<\/ol>\n<p>Si possible les cols suppl\u00e9mentaires suivants:<br \/>\nSella 693 IT-BI-0693 Trivero localit\u00e9 de Bordino<br \/>\nSella \u00e0 v\u00e9rifier 692 sur la SP 109<\/p>\n<p>Pour ceux qui s\u00e9journeront plusieurs jours, je serai heureux de leur communiquer les autres possibilt\u00e9s de cols.<br \/>\nJe reste \u00e0 votre disposition pour toutes informations compl\u00e9mentaires &#8230;..<\/p>\n<p>Dans le cas o\u00f9 l\u2019H\u00f4tel COLIBRI serait complet je vous indique ci-apr\u00e8s les autres h\u00f4tels avec lesquels je n\u2019ai pas discut\u00e9. En outre je signale aussi que qelques campings sont situ\u00e9s \u00e0 proximit\u00e9 de Biella pr\u00e8s du Lac de Viverone.<\/p>\n<ul>\n<li>Hotel Agor\u00e0 via Lamarmora \u00bd<\/li>\n<li>Hotel Astoria viale Roma 9<\/li>\n<li>Hotel Augustus via Italia 54<\/li>\n<li>Hotel Europa Corso Europa 7\/D<\/li>\n<\/ul>\n<h3>Camping<\/h3>\n<p>Haway \u00e0 Viverone Commune de Massiera tel (+39) 016198403<br \/>\nLa Rocca viale Lungolago 35 laroccaviverone@hotmail.com<\/p>\n<p>Area Camper a Biella<\/p>\n<p>Piazzale Sandro Pertini au flanc de la Station FFSS S Paolo avec une entr\u00e9e \u00e0 la hauteur de la station essence<\/p>\n<p>Au revoir et \u00e0 Biella<br \/>\nGianni Solenni<\/p>\n","protected":false},"excerpt":{"rendered":"<p>Les photos de la concentration 1e partie 2e partie 3e partie 4e partie 5e partie 6e partie Pr\u00e9sentation Biella est la localit\u00e9 qui nous acceuillera pour la 16\u00e8me Concentration du Club des Cent Cols section Italie, les 26 et 27 juin 2010. Comme toujours on indique la fin de la semaine comme date de fin, [&hellip;]<\/p>\n","protected":false},"author":2001,"featured_media":0,"comment_status":"closed","ping_status":"closed","sticky":false,"template":"","format":"standard","meta":{"_acf_changed":false,"ub_ctt_via":"","_monsterinsights_skip_tracking":false,"_monsterinsights_sitenote_active":false,"_monsterinsights_sitenote_note":"","_monsterinsights_sitenote_category":0,"footnotes":""},"categories":[8,7],"tags":[],"acf":[],"featured_image_urls":{"full":"","thumbnail":"","medium":"","medium_large":"","large":"","1536x1536":"","2048x2048":"","woocommerce_thumbnail":"","woocommerce_single":"","woocommerce_gallery_thumbnail":""},"post_excerpt_stackable":"<p>Les photos de la concentration 1e partie 2e partie 3e partie 4e partie 5e partie 6e partie Pr\u00e9sentation Biella est la localit\u00e9 qui nous acceuillera pour la 16\u00e8me Concentration du Club des Cent Cols section Italie, les 26 et 27 juin 2010. Comme toujours on indique la fin de la semaine comme date de fin, ceci n\u2019emp\u00eache pas pour celui qui le d\u00e9sire, de passer quelques jours de plus soit parce qu\u2019il y a une zone avec des possibilt\u00e9s suppl\u00e9mentaires de gravir des cols soit parce que nous avons conclu une convention avec l\u2019h\u00f4telier non seulement pour une nuit mais\u2026<\/p>\n","category_list":"<a href=\"https:\/\/centcols.org\/backup\/categorie\/rassemblements\/rassemblements-2010\/\" rel=\"category tag\">Les rassemblements de 2010<\/a>, <a href=\"https:\/\/centcols.org\/backup\/categorie\/rassemblements\/\" rel=\"category tag\">Rencontres r\u00e9gionales<\/a>","author_info":{"display_name":"Webmestre","author_link":"https:\/\/centcols.org\/backup\/author\/webmestre\/"},"comments_num":"0 commentaire","featured_image_urls_v2":{"full":"","thumbnail":"","medium":"","medium_large":"","large":"","1536x1536":"","2048x2048":"","woocommerce_thumbnail":"","woocommerce_single":"","woocommerce_gallery_thumbnail":""},"post_excerpt_stackable_v2":"<p>Les photos de la concentration 1e partie 2e partie 3e partie 4e partie 5e partie 6e partie Pr\u00e9sentation Biella est la localit\u00e9 qui nous acceuillera pour la 16\u00e8me Concentration du Club des Cent Cols section Italie, les 26 et 27 juin 2010. Comme toujours on indique la fin de la semaine comme date de fin, ceci n\u2019emp\u00eache pas pour celui qui le d\u00e9sire, de passer quelques jours de plus soit parce qu\u2019il y a une zone avec des possibilt\u00e9s suppl\u00e9mentaires de gravir des cols soit parce que nous avons conclu une convention avec l\u2019h\u00f4telier non seulement pour une nuit mais\u2026<\/p>\n","category_list_v2":"<a href=\"https:\/\/centcols.org\/backup\/categorie\/rassemblements\/rassemblements-2010\/\" rel=\"category tag\">Les rassemblements de 2010<\/a>, <a href=\"https:\/\/centcols.org\/backup\/categorie\/rassemblements\/\" rel=\"category tag\">Rencontres r\u00e9gionales<\/a>","author_info_v2":{"name":"Webmestre","url":"https:\/\/centcols.org\/backup\/author\/webmestre\/"},"comments_num_v2":"0 commentaire","featured_image_src":null,"_links":{"self":[{"href":"https:\/\/centcols.org\/backup\/wp-json\/wp\/v2\/posts\/261"}],"collection":[{"href":"https:\/\/centcols.org\/backup\/wp-json\/wp\/v2\/posts"}],"about":[{"href":"https:\/\/centcols.org\/backup\/wp-json\/wp\/v2\/types\/post"}],"author":[{"embeddable":true,"href":"https:\/\/centcols.org\/backup\/wp-json\/wp\/v2\/users\/2001"}],"replies":[{"embeddable":true,"href":"https:\/\/centcols.org\/backup\/wp-json\/wp\/v2\/comments?post=261"}],"version-history":[{"count":0,"href":"https:\/\/centcols.org\/backup\/wp-json\/wp\/v2\/posts\/261\/revisions"}],"wp:attachment":[{"href":"https:\/\/centcols.org\/backup\/wp-json\/wp\/v2\/media?parent=261"}],"wp:term":[{"taxonomy":"category","embeddable":true,"href":"https:\/\/centcols.org\/backup\/wp-json\/wp\/v2\/categories?post=261"},{"taxonomy":"post_tag","embeddable":true,"href":"https:\/\/centcols.org\/backup\/wp-json\/wp\/v2\/tags?post=261"}],"curies":[{"name":"wp","href":"https:\/\/api.w.org\/{rel}","templated":true}]}}