{"id":262,"date":"2015-04-13T16:23:19","date_gmt":"2015-04-13T14:23:19","guid":{"rendered":"http:\/\/centcols.org\/backup\/?p=262"},"modified":"2015-06-09T11:40:39","modified_gmt":"2015-06-09T09:40:39","slug":"concentration-suisse-2010","status":"publish","type":"post","link":"https:\/\/centcols.org\/backup\/concentration-suisse-2010\/","title":{"rendered":"6\u00e8me concentration VTT des Cent Cols suisses le 25 juillet 2010"},"content":{"rendered":"<h2>Les photos<\/h2>\n<p><a class=\"iframe-fancybox\" href=\"http:\/\/centcols.net\/les_rendez-vous\/2010\/concentration-suisse\/album.htm\" target=\"_blank\">album photo<\/a><\/p>\n<h2>Pr\u00e9sentation<\/h2>\n<p>Personne pour le parcours route en 2009, il a donc \u00e9t\u00e9 d\u00e9cid\u00e9 lors de la r\u00e9union \u00e0 Allaman de ne faire qu\u2019un <strong>parcours VTT<\/strong> mais sur un circuit roulant. Beaucoup de petites routes mais pour certaines assez raides.<\/p>\n<p>Je vous propose\u00a0un d\u00e9part au <strong>S\u00e9pey<\/strong> \u00e0 l\u2019entr\u00e9e du village direction Leysin (au dessus d\u2019Aigle).<\/p>\n<ul>\n<li>4 cols\u00a0: Prafandaz, Luissel, Pierre du Mo\u00eblle et la Forclaz.<\/li>\n<li>1300 m de d\u00e9nivellation pour 35 km.<\/li>\n<li>Rendez-vous 08h30. D\u00e9part 09h00.<\/li>\n<\/ul>\n<p>Joseph nous attendra au <strong>col de la Pierre du Mo\u00eblle<\/strong> pour un petit ap\u00e9ro.<\/p>\n<p>Contact : Pierre Mai, route du Signal 22. 1165 Allaman.<br \/>\nT\u00e9l\u00a0: (+41) 021 807 34 17\u00a0\u00a0\u00a0\u00a0\u00a0\u00a0\u00a0\u00a0\u00a0\u00a0 Natel\u00a0: (+41) 076 498 58 73<br \/>\nE-mail\u00a0: <a href=\"&#109;&#97;&#105;lto:pm&#97;&#105;&#64;b&#108;&#117;&#101;w&#105;&#110;&#46;ch\">pm&#97;i&#64;&#98;lue&#119;i&#110;&#46;&#99;h<\/a><\/p>\n<h2>Le parcours<\/h2>\n<p><a href=\"https:\/\/centcols.org\/backup\/wp-content\/uploads\/2015\/04\/presen1.jpg\"><img loading=\"lazy\" decoding=\"async\" class=\"alignnone size-medium wp-image-263\" src=\"https:\/\/centcols.org\/backup\/wp-content\/uploads\/2015\/04\/presen1-500x405.jpg\" alt=\"presen1\" width=\"500\" height=\"405\" srcset=\"https:\/\/centcols.org\/backup\/wp-content\/uploads\/2015\/04\/presen1-500x405.jpg 500w, https:\/\/centcols.org\/backup\/wp-content\/uploads\/2015\/04\/presen1-600x487.jpg 600w, https:\/\/centcols.org\/backup\/wp-content\/uploads\/2015\/04\/presen1.jpg 645w\" sizes=\"(max-width: 500px) 100vw, 500px\" \/><\/a><\/p>\n<p><a href=\"https:\/\/centcols.org\/backup\/wp-content\/uploads\/2015\/04\/presen2.jpg\"><img loading=\"lazy\" decoding=\"async\" class=\"alignnone size-medium wp-image-264\" src=\"https:\/\/centcols.org\/backup\/wp-content\/uploads\/2015\/04\/presen2-500x333.jpg\" alt=\"presen2\" width=\"500\" height=\"333\" srcset=\"https:\/\/centcols.org\/backup\/wp-content\/uploads\/2015\/04\/presen2-500x333.jpg 500w, https:\/\/centcols.org\/backup\/wp-content\/uploads\/2015\/04\/presen2-600x400.jpg 600w, https:\/\/centcols.org\/backup\/wp-content\/uploads\/2015\/04\/presen2.jpg 1200w\" sizes=\"(max-width: 500px) 100vw, 500px\" \/><\/a><\/p>\n","protected":false},"excerpt":{"rendered":"<p>Les photos album photo Pr\u00e9sentation Personne pour le parcours route en 2009, il a donc \u00e9t\u00e9 d\u00e9cid\u00e9 lors de la r\u00e9union \u00e0 Allaman de ne faire qu\u2019un parcours VTT mais sur un circuit roulant. Beaucoup de petites routes mais pour certaines assez raides. Je vous propose\u00a0un d\u00e9part au S\u00e9pey \u00e0 l\u2019entr\u00e9e du village direction Leysin [&hellip;]<\/p>\n","protected":false},"author":2001,"featured_media":0,"comment_status":"closed","ping_status":"closed","sticky":false,"template":"","format":"standard","meta":{"_acf_changed":false,"ub_ctt_via":"","_monsterinsights_skip_tracking":false,"_monsterinsights_sitenote_active":false,"_monsterinsights_sitenote_note":"","_monsterinsights_sitenote_category":0,"footnotes":""},"categories":[8,7],"tags":[],"acf":[],"featured_image_urls":{"full":"","thumbnail":"","medium":"","medium_large":"","large":"","1536x1536":"","2048x2048":"","woocommerce_thumbnail":"","woocommerce_single":"","woocommerce_gallery_thumbnail":""},"post_excerpt_stackable":"<p>Les photos album photo Pr\u00e9sentation Personne pour le parcours route en 2009, il a donc \u00e9t\u00e9 d\u00e9cid\u00e9 lors de la r\u00e9union \u00e0 Allaman de ne faire qu\u2019un parcours VTT mais sur un circuit roulant. Beaucoup de petites routes mais pour certaines assez raides. Je vous propose\u00a0un d\u00e9part au S\u00e9pey \u00e0 l\u2019entr\u00e9e du village direction Leysin (au dessus d\u2019Aigle). 4 cols\u00a0: Prafandaz, Luissel, Pierre du Mo\u00eblle et la Forclaz. 1300 m de d\u00e9nivellation pour 35 km. Rendez-vous 08h30. D\u00e9part 09h00. Joseph nous attendra au col de la Pierre du Mo\u00eblle pour un petit ap\u00e9ro. Contact : Pierre Mai, route du Signal\u2026<\/p>\n","category_list":"<a href=\"https:\/\/centcols.org\/backup\/categorie\/rassemblements\/rassemblements-2010\/\" rel=\"category tag\">Les rassemblements de 2010<\/a>, <a href=\"https:\/\/centcols.org\/backup\/categorie\/rassemblements\/\" rel=\"category tag\">Rencontres r\u00e9gionales<\/a>","author_info":{"display_name":"Webmestre","author_link":"https:\/\/centcols.org\/backup\/author\/webmestre\/"},"comments_num":"0 commentaire","featured_image_urls_v2":{"full":"","thumbnail":"","medium":"","medium_large":"","large":"","1536x1536":"","2048x2048":"","woocommerce_thumbnail":"","woocommerce_single":"","woocommerce_gallery_thumbnail":""},"post_excerpt_stackable_v2":"<p>Les photos album photo Pr\u00e9sentation Personne pour le parcours route en 2009, il a donc \u00e9t\u00e9 d\u00e9cid\u00e9 lors de la r\u00e9union \u00e0 Allaman de ne faire qu\u2019un parcours VTT mais sur un circuit roulant. Beaucoup de petites routes mais pour certaines assez raides. Je vous propose\u00a0un d\u00e9part au S\u00e9pey \u00e0 l\u2019entr\u00e9e du village direction Leysin (au dessus d\u2019Aigle). 4 cols\u00a0: Prafandaz, Luissel, Pierre du Mo\u00eblle et la Forclaz. 1300 m de d\u00e9nivellation pour 35 km. Rendez-vous 08h30. D\u00e9part 09h00. Joseph nous attendra au col de la Pierre du Mo\u00eblle pour un petit ap\u00e9ro. Contact : Pierre Mai, route du Signal\u2026<\/p>\n","category_list_v2":"<a href=\"https:\/\/centcols.org\/backup\/categorie\/rassemblements\/rassemblements-2010\/\" rel=\"category tag\">Les rassemblements de 2010<\/a>, <a href=\"https:\/\/centcols.org\/backup\/categorie\/rassemblements\/\" rel=\"category tag\">Rencontres r\u00e9gionales<\/a>","author_info_v2":{"name":"Webmestre","url":"https:\/\/centcols.org\/backup\/author\/webmestre\/"},"comments_num_v2":"0 commentaire","featured_image_src":null,"_links":{"self":[{"href":"https:\/\/centcols.org\/backup\/wp-json\/wp\/v2\/posts\/262"}],"collection":[{"href":"https:\/\/centcols.org\/backup\/wp-json\/wp\/v2\/posts"}],"about":[{"href":"https:\/\/centcols.org\/backup\/wp-json\/wp\/v2\/types\/post"}],"author":[{"embeddable":true,"href":"https:\/\/centcols.org\/backup\/wp-json\/wp\/v2\/users\/2001"}],"replies":[{"embeddable":true,"href":"https:\/\/centcols.org\/backup\/wp-json\/wp\/v2\/comments?post=262"}],"version-history":[{"count":0,"href":"https:\/\/centcols.org\/backup\/wp-json\/wp\/v2\/posts\/262\/revisions"}],"wp:attachment":[{"href":"https:\/\/centcols.org\/backup\/wp-json\/wp\/v2\/media?parent=262"}],"wp:term":[{"taxonomy":"category","embeddable":true,"href":"https:\/\/centcols.org\/backup\/wp-json\/wp\/v2\/categories?post=262"},{"taxonomy":"post_tag","embeddable":true,"href":"https:\/\/centcols.org\/backup\/wp-json\/wp\/v2\/tags?post=262"}],"curies":[{"name":"wp","href":"https:\/\/api.w.org\/{rel}","templated":true}]}}