{"id":266,"date":"2015-04-13T16:31:12","date_gmt":"2015-04-13T14:31:12","guid":{"rendered":"http:\/\/centcols.org\/backup\/?p=266"},"modified":"2015-06-09T11:40:21","modified_gmt":"2015-06-09T09:40:21","slug":"concentration-2010-col-chemintrand","status":"publish","type":"post","link":"https:\/\/centcols.org\/backup\/concentration-2010-col-chemintrand\/","title":{"rendered":"Concentration biennale des Cent Cols en Auvergne au col de Chemintrand (FR-63-1028)  le dimanche 29 ao\u00fbt 2010"},"content":{"rendered":"<h2>Les photos<\/h2>\n<p><a class=\"iframe-fancybox\" href=\"http:\/\/centcols.net\/les_rendez-vous\/2010\/concentration-Auvergne\/album01.htm\" target=\"_blank\">Voir l&#8217;album photo<\/a><\/p>\n<h2>Pr\u00e9sentation<\/h2>\n<p>Au sud-est du d\u00e9partement du Puy-de-D\u00f4me, la route d\u00e9partementale n\u00b0 205 met en communication les cantons d\u2019Arlanc et de Viverols\u00a0 en franchissant les Monts du Forez par le col de CHEMINTRAND.<\/p>\n<p>Ce col est l\u2019un des plus bas du massif, \u00e0 1028 m\u00a0 seulement d\u2019altitude, car la partie m\u00e9ridionale des Cr\u00eates du Forez s\u2019abaisse progressivement pour se raccorder avec le plateau de La Chaise Dieu. Cette particularit\u00e9 physique explique peut-\u00eatre qu\u2019au XVII\u00e8\u00a0 et XVIII\u00e8 si\u00e8cles une route commerciale reliant Lyon \u00e0 Bordeaux \u00e0 travers les Monts d\u2019Auvergne empruntait cet itin\u00e9raire : le professeur F. Imberdis dans une \u00e9tude consacr\u00e9e \u00e0 cette route a retrouv\u00e9 aux archives d\u00e9partementales de multiples t\u00e9moignages des habitants des communes situ\u00e9es sur le trac\u00e9 demandant \u00e0 l\u2019Intendant la r\u00e9fection des ouvrages d\u2019art, du fait du grand nombre de voituriers et muletiers qui passaient journellement, assurant le commerce des produits manufactur\u00e9s venant de la r\u00e9gion lyonnaise et st\u00e9phanoise d\u2019une part, et la viande ou les b\u00eates venant de la foire de Brion et autres foires de Haute Auvergne d\u2019autre part.<\/p>\n<p>L\u2019\u00e9tymologie du nom du col est simple : \u00ab camin intrans \u00bb, il s\u2019agit du chemin entrant en Auvergne. En effet le canton de Viverols regroupe des communes riveraines de la vall\u00e9e de l\u2019Ance, rivi\u00e8re qui prenant sa source au col des Supeyres s\u2019\u00e9coule vers le Sud pour rejoindre la Loire \u00e0 Bas-en-Basset. Si aujourd\u2019hui le canton de Viverols est rattach\u00e9 administrativement au Puy-de-D\u00f4me, et donc \u00e0 l\u2019Auvergne, il est g\u00e9ographiquement plut\u00f4t tourn\u00e9 vers la Loire. C\u2019est pourquoi le col de Chemintrand a pu \u00eatre consid\u00e9r\u00e9 par le pass\u00e9 comme une des portes d\u2019Auvergne.<\/p>\n<p>Le paysage est marqu\u00e9 par l\u2019extension des for\u00eats, dont l\u2019exploitation est une part dominante de l\u2019activit\u00e9 \u00e9conomique locale, avec des scieries et le cr\u00e9neau renouvel\u00e9 du \u00ab bois \u00e9nergie \u00bb. Au sommet du col, une auberge de pays, avec un nom qui n\u2019a rien de local, peut vous offrir le g\u00eete et le couvert : Le relais du Vermont.<\/p>\n<p>C\u2019est dans ce cadre que l\u2019Amicale Cyclo-Clermontoise vous donne rendez-vous, au sommet du col de Chemintrand ( <a class=\"iframe-fancybox\" href=\"https:\/\/centcols.org\/backup\/util\/geo\/visuGP.php?c=63102800\" target=\"_blank\">FR-63-1028<\/a> ) le dimanche 29 ao\u00fbt entre 10h et 15 heures. Aucun itin\u00e9raire n\u2019est impos\u00e9, vous pouvez \u00e0 loisir passer les cols routiers des Pradeaux, de Chougoirand , de Pra Mort et des Dansadoux,\u00a0 ou t\u00e2ter les pistes des Allebasses et des cr\u00eates du Forez en direction du col des Supeyres.<\/p>\n<p>Rendez-vous au col pour signer le livre d\u2019or de la concentration et partager le vin et le fromage de l\u2019amiti\u00e9.<\/p>\n<p>Contact : Claude B\u00e9nistrand<br \/>\n68, rue Blatin<br \/>\nF &#8211; 63000 CLERMONT-FERRAND<br \/>\n(+33) 04 73 30 93.01<br \/>\n<a href=\"m&#97;&#105;&#108;&#116;o&#58;cla&#117;&#100;e.ben&#105;str&#97;nd&#64;&#119;&#97;&#110;adoo&#46;fr\">&#99;la&#117;de&#46;&#98;&#101;nist&#114;a&#110;d&#64;&#119;a&#110;&#97;&#100;o&#111;&#46;f&#114;<\/a><\/p>\n<p>&nbsp;<\/p>\n","protected":false},"excerpt":{"rendered":"<p>Les photos Voir l&#8217;album photo Pr\u00e9sentation Au sud-est du d\u00e9partement du Puy-de-D\u00f4me, la route d\u00e9partementale n\u00b0 205 met en communication les cantons d\u2019Arlanc et de Viverols\u00a0 en franchissant les Monts du Forez par le col de CHEMINTRAND. Ce col est l\u2019un des plus bas du massif, \u00e0 1028 m\u00a0 seulement d\u2019altitude, car la partie m\u00e9ridionale [&hellip;]<\/p>\n","protected":false},"author":2001,"featured_media":0,"comment_status":"closed","ping_status":"closed","sticky":false,"template":"","format":"standard","meta":{"_acf_changed":false,"ub_ctt_via":"","_monsterinsights_skip_tracking":false,"_monsterinsights_sitenote_active":false,"_monsterinsights_sitenote_note":"","_monsterinsights_sitenote_category":0,"footnotes":""},"categories":[8,7],"tags":[],"acf":[],"featured_image_urls":{"full":"","thumbnail":"","medium":"","medium_large":"","large":"","1536x1536":"","2048x2048":"","woocommerce_thumbnail":"","woocommerce_single":"","woocommerce_gallery_thumbnail":""},"post_excerpt_stackable":"<p>Les photos Voir l&#8217;album photo Pr\u00e9sentation Au sud-est du d\u00e9partement du Puy-de-D\u00f4me, la route d\u00e9partementale n\u00b0 205 met en communication les cantons d\u2019Arlanc et de Viverols\u00a0 en franchissant les Monts du Forez par le col de CHEMINTRAND. Ce col est l\u2019un des plus bas du massif, \u00e0 1028 m\u00a0 seulement d\u2019altitude, car la partie m\u00e9ridionale des Cr\u00eates du Forez s\u2019abaisse progressivement pour se raccorder avec le plateau de La Chaise Dieu. Cette particularit\u00e9 physique explique peut-\u00eatre qu\u2019au XVII\u00e8\u00a0 et XVIII\u00e8 si\u00e8cles une route commerciale reliant Lyon \u00e0 Bordeaux \u00e0 travers les Monts d\u2019Auvergne empruntait cet itin\u00e9raire : le professeur F.\u2026<\/p>\n","category_list":"<a href=\"https:\/\/centcols.org\/backup\/categorie\/rassemblements\/rassemblements-2010\/\" rel=\"category tag\">Les rassemblements de 2010<\/a>, <a href=\"https:\/\/centcols.org\/backup\/categorie\/rassemblements\/\" rel=\"category tag\">Rencontres r\u00e9gionales<\/a>","author_info":{"display_name":"Webmestre","author_link":"https:\/\/centcols.org\/backup\/author\/webmestre\/"},"comments_num":"0 commentaire","featured_image_urls_v2":{"full":"","thumbnail":"","medium":"","medium_large":"","large":"","1536x1536":"","2048x2048":"","woocommerce_thumbnail":"","woocommerce_single":"","woocommerce_gallery_thumbnail":""},"post_excerpt_stackable_v2":"<p>Les photos Voir l&#8217;album photo Pr\u00e9sentation Au sud-est du d\u00e9partement du Puy-de-D\u00f4me, la route d\u00e9partementale n\u00b0 205 met en communication les cantons d\u2019Arlanc et de Viverols\u00a0 en franchissant les Monts du Forez par le col de CHEMINTRAND. Ce col est l\u2019un des plus bas du massif, \u00e0 1028 m\u00a0 seulement d\u2019altitude, car la partie m\u00e9ridionale des Cr\u00eates du Forez s\u2019abaisse progressivement pour se raccorder avec le plateau de La Chaise Dieu. Cette particularit\u00e9 physique explique peut-\u00eatre qu\u2019au XVII\u00e8\u00a0 et XVIII\u00e8 si\u00e8cles une route commerciale reliant Lyon \u00e0 Bordeaux \u00e0 travers les Monts d\u2019Auvergne empruntait cet itin\u00e9raire : le professeur F.\u2026<\/p>\n","category_list_v2":"<a href=\"https:\/\/centcols.org\/backup\/categorie\/rassemblements\/rassemblements-2010\/\" rel=\"category tag\">Les rassemblements de 2010<\/a>, <a href=\"https:\/\/centcols.org\/backup\/categorie\/rassemblements\/\" rel=\"category tag\">Rencontres r\u00e9gionales<\/a>","author_info_v2":{"name":"Webmestre","url":"https:\/\/centcols.org\/backup\/author\/webmestre\/"},"comments_num_v2":"0 commentaire","featured_image_src":null,"_links":{"self":[{"href":"https:\/\/centcols.org\/backup\/wp-json\/wp\/v2\/posts\/266"}],"collection":[{"href":"https:\/\/centcols.org\/backup\/wp-json\/wp\/v2\/posts"}],"about":[{"href":"https:\/\/centcols.org\/backup\/wp-json\/wp\/v2\/types\/post"}],"author":[{"embeddable":true,"href":"https:\/\/centcols.org\/backup\/wp-json\/wp\/v2\/users\/2001"}],"replies":[{"embeddable":true,"href":"https:\/\/centcols.org\/backup\/wp-json\/wp\/v2\/comments?post=266"}],"version-history":[{"count":0,"href":"https:\/\/centcols.org\/backup\/wp-json\/wp\/v2\/posts\/266\/revisions"}],"wp:attachment":[{"href":"https:\/\/centcols.org\/backup\/wp-json\/wp\/v2\/media?parent=266"}],"wp:term":[{"taxonomy":"category","embeddable":true,"href":"https:\/\/centcols.org\/backup\/wp-json\/wp\/v2\/categories?post=266"},{"taxonomy":"post_tag","embeddable":true,"href":"https:\/\/centcols.org\/backup\/wp-json\/wp\/v2\/tags?post=266"}],"curies":[{"name":"wp","href":"https:\/\/api.w.org\/{rel}","templated":true}]}}