{"id":269,"date":"2015-04-13T16:46:59","date_gmt":"2015-04-13T14:46:59","guid":{"rendered":"http:\/\/centcols.org\/backup\/?p=269"},"modified":"2015-06-09T11:39:45","modified_gmt":"2015-06-09T09:39:45","slug":"concentration-2010-col-moissiere","status":"publish","type":"post","link":"https:\/\/centcols.org\/backup\/concentration-2010-col-moissiere\/","title":{"rendered":"Concentration Cent Cols dans les Alpes du Sud &#8220;souvenir Roland GRIMAUD&#8221; Le dimanche 12 septembre 2010 au col de Moissi\u00e8re (FR-05-1573)"},"content":{"rendered":"<h2>Les photos<\/h2>\n<p><a class=\"iframe-fancybox\" href=\"http:\/\/centcols.net\/les_rendez-vous\/2010\/concentration-alpes-du-sud\/album01.htm\" target=\"_blank\">1ere partie<\/a><\/p>\n<p><a class=\"iframe-fancybox\" href=\"http:\/\/centcols.net\/les_rendez-vous\/2010\/concentration-alpes-du-sud\/album02.htm\" target=\"_blank\">2e partie<\/a><\/p>\n<p><a class=\"iframe-fancybox\" href=\"http:\/\/centcols.net\/util\/visuAlbum.php?album=05650-001\" target=\"_blank\">3e partie<\/a><\/p>\n<h2>Pr\u00e9sentation<\/h2>\n<p>La concentration des &#8220;Cent Cols&#8221; Alpes du Sud aura lieu le dimanche 12 septembre prochain au <strong>col de Moissi\u00e8re<\/strong> (<a class=\"iframe-fancybox\" href=\"https:\/\/centcols.org\/backup\/util\/geo\/visuGP.php?c=5157300\" target=\"_blank\">FR-05-1573<\/a>) situ\u00e9 sur la commune d&#8217;Ancelle \u00e0 19 kms de Gap.Elle sera jumel\u00e9e avec le rassemblement des cyclos haut-alpins organis\u00e9 par le Comit\u00e9 D\u00e9partemental de Cyclotourisme des Hautes Alpes. Le programme pr\u00e9vu est le suivant :<\/p>\n<ul>\n<li>\u00a0Rendez-vous \u00e0 10h00 sur le parking du t\u00e9l\u00e9si\u00e8ge d&#8217;Ancelle, \u00e0 c\u00f4t\u00e9 de la r\u00e9sidence h\u00f4teli\u00e8re Des Ecrins. Caf\u00e9 pr\u00e9vu.<\/li>\n<li>\u00a0D\u00e9part VTT, route ou \u00e0 pied, (voiture possible) pour le col de Moissi\u00e8re (1573m).<\/li>\n<li>\u00a0Rassemblement \u00e0 11h30 au col pour les diff\u00e9rentes interventions des pr\u00e9sidents, signature du &#8220;livre d&#8217;or Alpes du Sud&#8221; puis ap\u00e9ritif offert par le Comit\u00e9 D\u00e9partemental de Cyclotourisme des Hautes Alpes.<\/li>\n<li>\u00a0Ensuite pique-nique personnel sur l&#8217;esplanade du col pris par l&#8217;ensemble des participants.Caf\u00e9 et douceurs seront offerts par les Cent Cols.<\/li>\n<li>\u00a0A partir de 14h00\/14h30 :<\/li>\n<li>\u00a0d\u00e9part circuit route 70 kms,1300 m de d\u00e9nivell\u00e9 (+ cols en option \u00e9ventuellement) sous la responsabilit\u00e9 de Roger TARDIEU, Cent Cols du club de Gap.<\/li>\n<li>d\u00e9part circuit VTT, environ 3h30 de v\u00e9lo sur les hauteurs d&#8217;Ancelle et de Gap sous ma responsabilit\u00e9.<\/li>\n<li>\u00a0Pour les accompagnants ne pratiquant pas le v\u00e9lo, promenade \u00e0 pied pr\u00e9vu sur le Mont Saint Philippe (alt:1700m). Dur\u00e9e de la promenade AR=2h30. Pas de difficult\u00e9, pr\u00e9voir simplement des chaussures de rando. et un coupe-vent.<\/li>\n<\/ul>\n<p>Fin des randonn\u00e9es cyclos vers 17h30\/18h00.<\/p>\n<p>Possibilit\u00e9 d&#8217;h\u00e9bergement sur place \u00e0 Ancelle \u00e0 La R\u00e9sidence des Ecrins, situ\u00e9 \u00e0 c\u00f4t\u00e9 du d\u00e9part t\u00e9l\u00e9si\u00e8ge.<\/p>\n<p>Resp : Mr VINCENT &#8211; tel:04 92 50 87 01 ou 06 08 64 36 73<br \/>\nmail : <a href=\"m&#97;i&#108;&#116;&#111;&#58;inf&#111;&#115;&#64;&#101;&#99;r&#105;&#110;&#115;&#45;a&#110;&#99;ell&#101;.f&#114;\">&#105;nf&#111;&#115;&#64;&#101;&#99;&#114;&#105;ns-a&#110;c&#101;&#108;l&#101;.fr<\/a><\/p>\n<p>J&#8217;ai n\u00e9goci\u00e9 une formule demi-pension \u00e0 45\u20ac ou pension compl\u00e8te \u00e0 50\u20ac par jour. Simplement se pr\u00e9senter comme participant cent cols ou avec mon nom.<\/p>\n<p>Possibilit\u00e9s d&#8217; un mini s\u00e9jour pour ceux qui en veulent plus, VTT pour taquiner les 7 cols \u00e0 + de 2000m de la commune d&#8217;Ancelle ou tout simplement faire les 50 kms de la piste des &#8220;Balcons du Gapen\u00e7ais&#8221; le long du canal d&#8217;irrigation : circuit ais\u00e9 et superbe ou toute autre sortie dans le DEVOLUY ou la z\u00f4ne p\u00e9riph\u00e9rique du Parc National des Ecrins.<\/p>\n<p>J&#8217;esp\u00e8re n&#8217;avoir rien oubli\u00e9. Pour toute info compl\u00e9mentaire, vous pouvez me contacter.<\/p>\n<p>Amiti\u00e9s \u00e0 tous.<br \/>\nBernard HENRY<br \/>\n<a href=\"&#109;&#97;i&#108;&#116;&#111;&#58;b&#101;&#114;n&#97;&#114;d&#46;h&#101;nry&#64;&#108;a&#112;oste&#46;&#110;et\">b&#101;r&#110;a&#114;&#100;.henry&#64;&#108;aposte&#46;net<\/a><\/p>\n","protected":false},"excerpt":{"rendered":"<p>Les photos 1ere partie 2e partie 3e partie Pr\u00e9sentation La concentration des &#8220;Cent Cols&#8221; Alpes du Sud aura lieu le dimanche 12 septembre prochain au col de Moissi\u00e8re (FR-05-1573) situ\u00e9 sur la commune d&#8217;Ancelle \u00e0 19 kms de Gap.Elle sera jumel\u00e9e avec le rassemblement des cyclos haut-alpins organis\u00e9 par le Comit\u00e9 D\u00e9partemental de Cyclotourisme des [&hellip;]<\/p>\n","protected":false},"author":2001,"featured_media":0,"comment_status":"closed","ping_status":"closed","sticky":false,"template":"","format":"standard","meta":{"_acf_changed":false,"ub_ctt_via":"","_monsterinsights_skip_tracking":false,"_monsterinsights_sitenote_active":false,"_monsterinsights_sitenote_note":"","_monsterinsights_sitenote_category":0,"footnotes":""},"categories":[8,7],"tags":[],"acf":[],"featured_image_urls":{"full":"","thumbnail":"","medium":"","medium_large":"","large":"","1536x1536":"","2048x2048":"","woocommerce_thumbnail":"","woocommerce_single":"","woocommerce_gallery_thumbnail":""},"post_excerpt_stackable":"<p>Les photos 1ere partie 2e partie 3e partie Pr\u00e9sentation La concentration des &#8220;Cent Cols&#8221; Alpes du Sud aura lieu le dimanche 12 septembre prochain au col de Moissi\u00e8re (FR-05-1573) situ\u00e9 sur la commune d&#8217;Ancelle \u00e0 19 kms de Gap.Elle sera jumel\u00e9e avec le rassemblement des cyclos haut-alpins organis\u00e9 par le Comit\u00e9 D\u00e9partemental de Cyclotourisme des Hautes Alpes. Le programme pr\u00e9vu est le suivant : \u00a0Rendez-vous \u00e0 10h00 sur le parking du t\u00e9l\u00e9si\u00e8ge d&#8217;Ancelle, \u00e0 c\u00f4t\u00e9 de la r\u00e9sidence h\u00f4teli\u00e8re Des Ecrins. Caf\u00e9 pr\u00e9vu. \u00a0D\u00e9part VTT, route ou \u00e0 pied, (voiture possible) pour le col de Moissi\u00e8re (1573m). \u00a0Rassemblement \u00e0 11h30\u2026<\/p>\n","category_list":"<a href=\"https:\/\/centcols.org\/backup\/categorie\/rassemblements\/rassemblements-2010\/\" rel=\"category tag\">Les rassemblements de 2010<\/a>, <a href=\"https:\/\/centcols.org\/backup\/categorie\/rassemblements\/\" rel=\"category tag\">Rencontres r\u00e9gionales<\/a>","author_info":{"display_name":"Webmestre","author_link":"https:\/\/centcols.org\/backup\/author\/webmestre\/"},"comments_num":"0 commentaire","featured_image_urls_v2":{"full":"","thumbnail":"","medium":"","medium_large":"","large":"","1536x1536":"","2048x2048":"","woocommerce_thumbnail":"","woocommerce_single":"","woocommerce_gallery_thumbnail":""},"post_excerpt_stackable_v2":"<p>Les photos 1ere partie 2e partie 3e partie Pr\u00e9sentation La concentration des &#8220;Cent Cols&#8221; Alpes du Sud aura lieu le dimanche 12 septembre prochain au col de Moissi\u00e8re (FR-05-1573) situ\u00e9 sur la commune d&#8217;Ancelle \u00e0 19 kms de Gap.Elle sera jumel\u00e9e avec le rassemblement des cyclos haut-alpins organis\u00e9 par le Comit\u00e9 D\u00e9partemental de Cyclotourisme des Hautes Alpes. Le programme pr\u00e9vu est le suivant : \u00a0Rendez-vous \u00e0 10h00 sur le parking du t\u00e9l\u00e9si\u00e8ge d&#8217;Ancelle, \u00e0 c\u00f4t\u00e9 de la r\u00e9sidence h\u00f4teli\u00e8re Des Ecrins. Caf\u00e9 pr\u00e9vu. \u00a0D\u00e9part VTT, route ou \u00e0 pied, (voiture possible) pour le col de Moissi\u00e8re (1573m). \u00a0Rassemblement \u00e0 11h30\u2026<\/p>\n","category_list_v2":"<a href=\"https:\/\/centcols.org\/backup\/categorie\/rassemblements\/rassemblements-2010\/\" rel=\"category tag\">Les rassemblements de 2010<\/a>, <a href=\"https:\/\/centcols.org\/backup\/categorie\/rassemblements\/\" rel=\"category tag\">Rencontres r\u00e9gionales<\/a>","author_info_v2":{"name":"Webmestre","url":"https:\/\/centcols.org\/backup\/author\/webmestre\/"},"comments_num_v2":"0 commentaire","featured_image_src":null,"_links":{"self":[{"href":"https:\/\/centcols.org\/backup\/wp-json\/wp\/v2\/posts\/269"}],"collection":[{"href":"https:\/\/centcols.org\/backup\/wp-json\/wp\/v2\/posts"}],"about":[{"href":"https:\/\/centcols.org\/backup\/wp-json\/wp\/v2\/types\/post"}],"author":[{"embeddable":true,"href":"https:\/\/centcols.org\/backup\/wp-json\/wp\/v2\/users\/2001"}],"replies":[{"embeddable":true,"href":"https:\/\/centcols.org\/backup\/wp-json\/wp\/v2\/comments?post=269"}],"version-history":[{"count":0,"href":"https:\/\/centcols.org\/backup\/wp-json\/wp\/v2\/posts\/269\/revisions"}],"wp:attachment":[{"href":"https:\/\/centcols.org\/backup\/wp-json\/wp\/v2\/media?parent=269"}],"wp:term":[{"taxonomy":"category","embeddable":true,"href":"https:\/\/centcols.org\/backup\/wp-json\/wp\/v2\/categories?post=269"},{"taxonomy":"post_tag","embeddable":true,"href":"https:\/\/centcols.org\/backup\/wp-json\/wp\/v2\/tags?post=269"}],"curies":[{"name":"wp","href":"https:\/\/api.w.org\/{rel}","templated":true}]}}