{"id":274,"date":"2015-04-13T17:20:21","date_gmt":"2015-04-13T15:20:21","guid":{"rendered":"http:\/\/centcols.org\/backup\/?p=274"},"modified":"2015-06-09T11:37:55","modified_gmt":"2015-06-09T09:37:55","slug":"concentration-2011-col-brabant","status":"publish","type":"post","link":"https:\/\/centcols.org\/backup\/concentration-2011-col-brabant\/","title":{"rendered":"Concentration r\u00e9gionale Cent Cols jumel\u00e9e avec celle des Ligues de l&#8217;Est Dimanche 8 mai 2011 au col du Brabant (FR-88-0878)"},"content":{"rendered":"<h2>Pr\u00e9sentation du parcours<\/h2>\n<h3>Distances et denivel\u00e9es<\/h3>\n<p>Le circuit propos\u00e9 permet d&#8217;encha\u00eener de 7 \u00e0 15 cols.<br \/>\nTrajet ALLER : environ 25 km pour une d\u00e9nivel\u00e9e de 850 m\u00e8tres.<br \/>\nTrajet RETOUR (plusieurs variantes possibles) : de 20 \u00e0 30 km.<\/p>\n<h3>Rendez-vous de d\u00e9part<\/h3>\n<p>Le rendez-vous est donn\u00e9 sur la Place de l&#8217;Eglise \u00e0 VENTRON \u00e0 partir de 8h, pour un d\u00e9part \u00e0 8h30 pr\u00e9cises avec le parcours suivant :<\/p>\n<h3>Trajet ALLER (en groupe)<\/h3>\n<p>Ventron (8h30)<br \/>\nSattel FR-68-1095 (9h),<br \/>\nCol des Echarges FR-88-1058 (9h30),<br \/>\nCol de la Place de Bois FR-88-1057b (9h45),<br \/>\nCol de Longfoigneux FR-88-1031 (10h),<br \/>\nXoulces (10h30),<br \/>\nCol du Brabant <a class=\"iframe-fancybox\" href=\"https:\/\/centcols.org\/backup\/util\/geo\/visuGP.php?c=88087800\" target=\"_blank\">FR-88-0878<\/a> (11h30).<\/p>\n<h3>Concentration au Col du Brabant<\/h3>\n<p>C\u00e9r\u00e9monie, signature du livre d&#8217;or et repas tir\u00e9 du sac de 12h \u00e0 14h. Possibilit\u00e9 de d\u00e9jeuner au restaurant (sur r\u00e9servation, voir ci-joint) et de faire un retour routier par le col de la Vierge et le Grand Ventron.<\/p>\n<h3>Trajet RETOUR (libre)<\/h3>\n<p>Sinon, au programme de l&#8217;apr\u00e8s-midi (d\u00e9part 14h) :<br \/>\nCollet Mansuy FR-88-1057a (14h15),<br \/>\nEn aller-retour : Collet de Rouge Mousse FR-88-1086 (14h30),<br \/>\nCol de la Vierge FR-88-1067 (14h40),<br \/>\nEn option : Col de Bramont FR-88-1067 (14h45),<br \/>\nEn option : Col de Pourri Faing FR-68-1095 (15h15),<br \/>\nCol du Bockloch FR-68-1015 (15h45),<br \/>\nGrand Ventron (15h55),<br \/>\nCol de Tchoure FR-88-1076b (16h),<br \/>\nCol des Vinterg\u00e9s FR-68-1048 (16h10),<br \/>\nCol d&#8217;Oderen FR-68-0884 (16h30),<br \/>\nEn option : Col du Page FR-88-0957 (16h45),<br \/>\nEn option : Col du Collet FR-88-0987<br \/>\nVentron (17h00).<\/p>\n<h2>Cartes des parcours<\/h2>\n<h4>Parcours aller<\/h4>\n<p><a href=\"https:\/\/centcols.org\/backup\/wp-content\/uploads\/2015\/04\/ccc2011-aller.jpg\"><img loading=\"lazy\" decoding=\"async\" class=\"alignnone size-medium wp-image-275\" src=\"https:\/\/centcols.org\/backup\/wp-content\/uploads\/2015\/04\/ccc2011-aller-500x360.jpg\" alt=\"ccc2011-aller\" width=\"500\" height=\"360\" srcset=\"https:\/\/centcols.org\/backup\/wp-content\/uploads\/2015\/04\/ccc2011-aller-500x360.jpg 500w, https:\/\/centcols.org\/backup\/wp-content\/uploads\/2015\/04\/ccc2011-aller-600x432.jpg 600w, https:\/\/centcols.org\/backup\/wp-content\/uploads\/2015\/04\/ccc2011-aller.jpg 994w\" sizes=\"(max-width: 500px) 100vw, 500px\" \/><\/a><\/p>\n<h4>Parcours retour<\/h4>\n<p><a href=\"https:\/\/centcols.org\/backup\/wp-content\/uploads\/2015\/04\/ccc2011-retour.jpg\"><img loading=\"lazy\" decoding=\"async\" class=\"alignnone size-medium wp-image-276\" src=\"https:\/\/centcols.org\/backup\/wp-content\/uploads\/2015\/04\/ccc2011-retour-465x500.jpg\" alt=\"ccc2011-retour\" width=\"465\" height=\"500\" srcset=\"https:\/\/centcols.org\/backup\/wp-content\/uploads\/2015\/04\/ccc2011-retour-465x500.jpg 465w, https:\/\/centcols.org\/backup\/wp-content\/uploads\/2015\/04\/ccc2011-retour-600x645.jpg 600w, https:\/\/centcols.org\/backup\/wp-content\/uploads\/2015\/04\/ccc2011-retour.jpg 636w\" sizes=\"(max-width: 465px) 100vw, 465px\" \/><\/a><\/p>\n<h2>Fichiers de g\u00e9olocalisation GPX<\/h2>\n<p>Vous pouvez t\u00e9l\u00e9charger les fichiers au format GPX pour le <a href=\"http:\/\/centcols.net\/les_rendez-vous\/2011\/ligues-de-l-est\/ccc2011-aller.gpx\" target=\"_blank\">parcours ALLER<\/a> et le <a href=\"http:\/\/centcols.net\/les_rendez-vous\/2011\/ligues-de-l-est\/ccc2011-retour.gpx\" target=\"_blank\">parcours RETOUR<\/a>.<\/p>\n<p><strong>Attention<\/strong> : Ces fichiers comportent des extensions propri\u00e9taires Garmin et leur compatibilit\u00e9 n&#8217;est pas garantie sur tous les logiciels GPS. Si vous rencontrez des probl\u00e8mes, vous pouvez utiliser ces fichiers &#8220;\u00e9pur\u00e9s&#8221;, fournis par Alain Brault : <a href=\"http:\/\/centcols.net\/les_rendez-vous\/2011\/ligues-de-l-est\/ccc2011-aller-simplifie.gpx\" target=\"_blank\">parcours ALLER normalis\u00e9<\/a> et <a href=\"http:\/\/centcols.net\/les_rendez-vous\/2011\/ligues-de-l-est\/ccc2011-retour-simplifie.gpx\" target=\"_blank\">parcours RETOUR normalis\u00e9<\/a>.<\/p>\n","protected":false},"excerpt":{"rendered":"<p>Pr\u00e9sentation du parcours Distances et denivel\u00e9es Le circuit propos\u00e9 permet d&#8217;encha\u00eener de 7 \u00e0 15 cols. Trajet ALLER : environ 25 km pour une d\u00e9nivel\u00e9e de 850 m\u00e8tres. Trajet RETOUR (plusieurs variantes possibles) : de 20 \u00e0 30 km. Rendez-vous de d\u00e9part Le rendez-vous est donn\u00e9 sur la Place de l&#8217;Eglise \u00e0 VENTRON \u00e0 partir [&hellip;]<\/p>\n","protected":false},"author":2001,"featured_media":0,"comment_status":"closed","ping_status":"closed","sticky":false,"template":"","format":"standard","meta":{"_acf_changed":false,"ub_ctt_via":"","_monsterinsights_skip_tracking":false,"_monsterinsights_sitenote_active":false,"_monsterinsights_sitenote_note":"","_monsterinsights_sitenote_category":0,"footnotes":""},"categories":[9,7],"tags":[],"acf":[],"featured_image_urls":{"full":"","thumbnail":"","medium":"","medium_large":"","large":"","1536x1536":"","2048x2048":"","woocommerce_thumbnail":"","woocommerce_single":"","woocommerce_gallery_thumbnail":""},"post_excerpt_stackable":"<p>Pr\u00e9sentation du parcours Distances et denivel\u00e9es Le circuit propos\u00e9 permet d&#8217;encha\u00eener de 7 \u00e0 15 cols. Trajet ALLER : environ 25 km pour une d\u00e9nivel\u00e9e de 850 m\u00e8tres. Trajet RETOUR (plusieurs variantes possibles) : de 20 \u00e0 30 km. Rendez-vous de d\u00e9part Le rendez-vous est donn\u00e9 sur la Place de l&#8217;Eglise \u00e0 VENTRON \u00e0 partir de 8h, pour un d\u00e9part \u00e0 8h30 pr\u00e9cises avec le parcours suivant : Trajet ALLER (en groupe) Ventron (8h30) Sattel FR-68-1095 (9h), Col des Echarges FR-88-1058 (9h30), Col de la Place de Bois FR-88-1057b (9h45), Col de Longfoigneux FR-88-1031 (10h), Xoulces (10h30), Col du Brabant\u2026<\/p>\n","category_list":"<a href=\"https:\/\/centcols.org\/backup\/categorie\/rassemblements\/rassemblements-2011\/\" rel=\"category tag\">Les rassemblements de 2011<\/a>, <a href=\"https:\/\/centcols.org\/backup\/categorie\/rassemblements\/\" rel=\"category tag\">Rencontres r\u00e9gionales<\/a>","author_info":{"display_name":"Webmestre","author_link":"https:\/\/centcols.org\/backup\/author\/webmestre\/"},"comments_num":"0 commentaire","featured_image_urls_v2":{"full":"","thumbnail":"","medium":"","medium_large":"","large":"","1536x1536":"","2048x2048":"","woocommerce_thumbnail":"","woocommerce_single":"","woocommerce_gallery_thumbnail":""},"post_excerpt_stackable_v2":"<p>Pr\u00e9sentation du parcours Distances et denivel\u00e9es Le circuit propos\u00e9 permet d&#8217;encha\u00eener de 7 \u00e0 15 cols. Trajet ALLER : environ 25 km pour une d\u00e9nivel\u00e9e de 850 m\u00e8tres. Trajet RETOUR (plusieurs variantes possibles) : de 20 \u00e0 30 km. Rendez-vous de d\u00e9part Le rendez-vous est donn\u00e9 sur la Place de l&#8217;Eglise \u00e0 VENTRON \u00e0 partir de 8h, pour un d\u00e9part \u00e0 8h30 pr\u00e9cises avec le parcours suivant : Trajet ALLER (en groupe) Ventron (8h30) Sattel FR-68-1095 (9h), Col des Echarges FR-88-1058 (9h30), Col de la Place de Bois FR-88-1057b (9h45), Col de Longfoigneux FR-88-1031 (10h), Xoulces (10h30), Col du Brabant\u2026<\/p>\n","category_list_v2":"<a href=\"https:\/\/centcols.org\/backup\/categorie\/rassemblements\/rassemblements-2011\/\" rel=\"category tag\">Les rassemblements de 2011<\/a>, <a href=\"https:\/\/centcols.org\/backup\/categorie\/rassemblements\/\" rel=\"category tag\">Rencontres r\u00e9gionales<\/a>","author_info_v2":{"name":"Webmestre","url":"https:\/\/centcols.org\/backup\/author\/webmestre\/"},"comments_num_v2":"0 commentaire","featured_image_src":null,"_links":{"self":[{"href":"https:\/\/centcols.org\/backup\/wp-json\/wp\/v2\/posts\/274"}],"collection":[{"href":"https:\/\/centcols.org\/backup\/wp-json\/wp\/v2\/posts"}],"about":[{"href":"https:\/\/centcols.org\/backup\/wp-json\/wp\/v2\/types\/post"}],"author":[{"embeddable":true,"href":"https:\/\/centcols.org\/backup\/wp-json\/wp\/v2\/users\/2001"}],"replies":[{"embeddable":true,"href":"https:\/\/centcols.org\/backup\/wp-json\/wp\/v2\/comments?post=274"}],"version-history":[{"count":0,"href":"https:\/\/centcols.org\/backup\/wp-json\/wp\/v2\/posts\/274\/revisions"}],"wp:attachment":[{"href":"https:\/\/centcols.org\/backup\/wp-json\/wp\/v2\/media?parent=274"}],"wp:term":[{"taxonomy":"category","embeddable":true,"href":"https:\/\/centcols.org\/backup\/wp-json\/wp\/v2\/categories?post=274"},{"taxonomy":"post_tag","embeddable":true,"href":"https:\/\/centcols.org\/backup\/wp-json\/wp\/v2\/tags?post=274"}],"curies":[{"name":"wp","href":"https:\/\/api.w.org\/{rel}","templated":true}]}}