{"id":278,"date":"2015-04-13T17:27:45","date_gmt":"2015-04-13T15:27:45","guid":{"rendered":"http:\/\/centcols.org\/backup\/?p=278"},"modified":"2015-06-09T11:37:24","modified_gmt":"2015-06-09T09:37:24","slug":"concentration-2011-baisse-cabanelles","status":"publish","type":"post","link":"https:\/\/centcols.org\/backup\/concentration-2011-baisse-cabanelles\/","title":{"rendered":"Concentration r\u00e9gionale des Cent Cols Alpes d&#8217;Azur (06-83-13) Dimanche 19 juin 2011 \u00e0 la Baisse des Cabanelles (FR-06-1045a)"},"content":{"rendered":"<h2>Les photos<\/h2>\n<p><a class=\"iframe-fancybox\" href=\"http:\/\/centcols.net\/util\/visuAlbum.php?album=03985-001\" target=\"_blank\">Voir les photos<\/a><\/p>\n<h2>Pr\u00e9sentation du parcours<\/h2>\n<p>Dimanche 19 juin 2011 \u00e0 la Baisse des Cabanelles (<a class=\"iframe-fancybox\" href=\"https:\/\/centcols.org\/backup\/util\/geo\/visuGP.php?c=6104501http:\/\/\" target=\"_blank\">FR-06-1045a<\/a>)<\/p>\n<p>Vue f\u00e9\u00e9rique par beau temps ! mais, chez nous il fait toujours beau !<\/p>\n<p>Pour ceux qui le veulent, d\u00e9part group\u00e9 \u00e0 8h30 sur la place du village de &#8220;la Turbie&#8221;.<\/p>\n<p>Sortie autoroute \u00e0 500 m\u00e8tres.<\/p>\n<p>Chacun am\u00e8ne son pique nique ; mais ap\u00e9ritif, dessert et caf\u00e9 offerts.<\/p>\n<p>Possibilit\u00e9 de faire 8 cols routiers, mais il y a d&#8217;autres cols \u00e0 proximit\u00e9 si les participants le d\u00e9sirent.<\/p>\n<p>A bientot<\/p>\n<p>Simone Dayn\u00e9 <a href=\"&#109;a&#105;l&#116;&#111;&#58;&#115;da&#121;&#110;&#101;&#64;9&#111;n&#108;&#105;n&#101;.fr\">&#115;dayne&#64;9on&#108;i&#110;&#101;.fr<\/a><\/p>\n","protected":false},"excerpt":{"rendered":"<p>Les photos Voir les photos Pr\u00e9sentation du parcours Dimanche 19 juin 2011 \u00e0 la Baisse des Cabanelles (FR-06-1045a) Vue f\u00e9\u00e9rique par beau temps ! mais, chez nous il fait toujours beau ! Pour ceux qui le veulent, d\u00e9part group\u00e9 \u00e0 8h30 sur la place du village de &#8220;la Turbie&#8221;. Sortie autoroute \u00e0 500 m\u00e8tres. Chacun [&hellip;]<\/p>\n","protected":false},"author":2001,"featured_media":0,"comment_status":"closed","ping_status":"closed","sticky":false,"template":"","format":"standard","meta":{"_acf_changed":false,"ub_ctt_via":"","_monsterinsights_skip_tracking":false,"_monsterinsights_sitenote_active":false,"_monsterinsights_sitenote_note":"","_monsterinsights_sitenote_category":0,"footnotes":""},"categories":[9,7],"tags":[],"acf":[],"featured_image_urls":{"full":"","thumbnail":"","medium":"","medium_large":"","large":"","1536x1536":"","2048x2048":"","woocommerce_thumbnail":"","woocommerce_single":"","woocommerce_gallery_thumbnail":""},"post_excerpt_stackable":"<p>Les photos Voir les photos Pr\u00e9sentation du parcours Dimanche 19 juin 2011 \u00e0 la Baisse des Cabanelles (FR-06-1045a) Vue f\u00e9\u00e9rique par beau temps ! mais, chez nous il fait toujours beau ! Pour ceux qui le veulent, d\u00e9part group\u00e9 \u00e0 8h30 sur la place du village de &#8220;la Turbie&#8221;. Sortie autoroute \u00e0 500 m\u00e8tres. Chacun am\u00e8ne son pique nique ; mais ap\u00e9ritif, dessert et caf\u00e9 offerts. Possibilit\u00e9 de faire 8 cols routiers, mais il y a d&#8217;autres cols \u00e0 proximit\u00e9 si les participants le d\u00e9sirent. A bientot Simone Dayn\u00e9 s&#100;&#97;y&#110;e&#64;&#57;o&#110;&#108;&#105;n&#101;.f&#114;<\/p>\n","category_list":"<a href=\"https:\/\/centcols.org\/backup\/categorie\/rassemblements\/rassemblements-2011\/\" rel=\"category tag\">Les rassemblements de 2011<\/a>, <a href=\"https:\/\/centcols.org\/backup\/categorie\/rassemblements\/\" rel=\"category tag\">Rencontres r\u00e9gionales<\/a>","author_info":{"display_name":"Webmestre","author_link":"https:\/\/centcols.org\/backup\/author\/webmestre\/"},"comments_num":"0 commentaire","featured_image_urls_v2":{"full":"","thumbnail":"","medium":"","medium_large":"","large":"","1536x1536":"","2048x2048":"","woocommerce_thumbnail":"","woocommerce_single":"","woocommerce_gallery_thumbnail":""},"post_excerpt_stackable_v2":"<p>Les photos Voir les photos Pr\u00e9sentation du parcours Dimanche 19 juin 2011 \u00e0 la Baisse des Cabanelles (FR-06-1045a) Vue f\u00e9\u00e9rique par beau temps ! mais, chez nous il fait toujours beau ! Pour ceux qui le veulent, d\u00e9part group\u00e9 \u00e0 8h30 sur la place du village de &#8220;la Turbie&#8221;. Sortie autoroute \u00e0 500 m\u00e8tres. Chacun am\u00e8ne son pique nique ; mais ap\u00e9ritif, dessert et caf\u00e9 offerts. Possibilit\u00e9 de faire 8 cols routiers, mais il y a d&#8217;autres cols \u00e0 proximit\u00e9 si les participants le d\u00e9sirent. A bientot Simone Dayn\u00e9 sday&#110;e&#64;&#57;o&#110;lin&#101;.&#102;r<\/p>\n","category_list_v2":"<a href=\"https:\/\/centcols.org\/backup\/categorie\/rassemblements\/rassemblements-2011\/\" rel=\"category tag\">Les rassemblements de 2011<\/a>, <a href=\"https:\/\/centcols.org\/backup\/categorie\/rassemblements\/\" rel=\"category tag\">Rencontres r\u00e9gionales<\/a>","author_info_v2":{"name":"Webmestre","url":"https:\/\/centcols.org\/backup\/author\/webmestre\/"},"comments_num_v2":"0 commentaire","featured_image_src":null,"_links":{"self":[{"href":"https:\/\/centcols.org\/backup\/wp-json\/wp\/v2\/posts\/278"}],"collection":[{"href":"https:\/\/centcols.org\/backup\/wp-json\/wp\/v2\/posts"}],"about":[{"href":"https:\/\/centcols.org\/backup\/wp-json\/wp\/v2\/types\/post"}],"author":[{"embeddable":true,"href":"https:\/\/centcols.org\/backup\/wp-json\/wp\/v2\/users\/2001"}],"replies":[{"embeddable":true,"href":"https:\/\/centcols.org\/backup\/wp-json\/wp\/v2\/comments?post=278"}],"version-history":[{"count":0,"href":"https:\/\/centcols.org\/backup\/wp-json\/wp\/v2\/posts\/278\/revisions"}],"wp:attachment":[{"href":"https:\/\/centcols.org\/backup\/wp-json\/wp\/v2\/media?parent=278"}],"wp:term":[{"taxonomy":"category","embeddable":true,"href":"https:\/\/centcols.org\/backup\/wp-json\/wp\/v2\/categories?post=278"},{"taxonomy":"post_tag","embeddable":true,"href":"https:\/\/centcols.org\/backup\/wp-json\/wp\/v2\/tags?post=278"}],"curies":[{"name":"wp","href":"https:\/\/api.w.org\/{rel}","templated":true}]}}