{"id":279,"date":"2015-04-13T17:37:58","date_gmt":"2015-04-13T15:37:58","guid":{"rendered":"http:\/\/centcols.org\/backup\/?p=279"},"modified":"2021-12-23T11:38:58","modified_gmt":"2021-12-23T10:38:58","slug":"concentration-2011-col-annes","status":"publish","type":"post","link":"https:\/\/centcols.org\/backup\/concentration-2011-col-annes\/","title":{"rendered":"Concentration r\u00e9gionale des Cent Cols Alpes du Nord-Jura Sud Dimanche 19 juin 2011 au Col des Annes (FR-74-1722a)"},"content":{"rendered":"<h2>Comptes rendus et photos<\/h2>\n<p><a class=\"iframe-fancybox\" href=\"\/les_rendez-vous\/2011\/col-des-Annes\/album01.htm\" rel=\"noopener\" >1ere partie<\/a><\/p>\n<p><a class=\"iframe-fancybox\" href=\"\/les_rendez-vous\/2011\/col-des-Annes\/album02.htm\"  rel=\"noopener\">2e partie<\/a><\/p>\n<h2>Pr\u00e9sentation<\/h2>\n<p>Rassemblement \u00e0 11H30 au col des Annes <a class=\"iframe-fancybox\" href=\"\/util\/geo\/visuGP.php?c=74172201\" rel=\"noopener\">FR-74-1722a<\/a><br \/>\n<a href=\"\/les_rendez-vous\/2011\/col-des-Annes\/Col-des-Annes.zip\" target=\"_blank\" rel=\"noopener\">T\u00e9l\u00e9chargez les cartes et les traces GPX<\/a><\/p>\n<p><a href=\"\/wp-content\/uploads\/2015\/04\/ChapelleColAnnes.jpeg\"><img loading=\"lazy\" decoding=\"async\" class=\"alignnone size-medium wp-image-280\" src=\"\/wp-content\/uploads\/2015\/04\/ChapelleColAnnes-500x375.jpeg\" alt=\"ChapelleColAnnes\" width=\"500\" height=\"375\" srcset=\"https:\/\/centcols.org\/backup\/wp-content\/uploads\/2015\/04\/ChapelleColAnnes-500x375.jpeg 500w, https:\/\/centcols.org\/backup\/wp-content\/uploads\/2015\/04\/ChapelleColAnnes-600x450.jpeg 600w, https:\/\/centcols.org\/backup\/wp-content\/uploads\/2015\/04\/ChapelleColAnnes.jpeg 800w\" sizes=\"(max-width: 500px) 100vw, 500px\" \/><\/a><\/p>\n<p>Nous avons command\u00e9 le soleil pour cette premi\u00e8re en Haute Savoie. Pour un bon d\u00e9roulement, il para\u00eet important d\u2019avoir une id\u00e9e approximative du nombre de participants. Il serait dommage qu\u2019il manque un verre \u00e0 l\u2019arriv\u00e9e apr\u00e8s tant d\u2019efforts !&#8230; Information \u00e0 transmettre \u00e0 <a href=\"&#109;&#97;&#105;&#108;t&#111;:ha&#114;&#108;&#101;.&#103;&#117;y&#64;&#111;rang&#101;.f&#114;\">h&#97;&#114;le&#46;g&#117;y&#64;or&#97;n&#103;e.&#102;r<\/a> Le repas sera ensuite tir\u00e9 du sac.<\/p>\n<p>Bien que la fa\u00e7on d\u2019arriver au col des Annes soit tout \u00e0 fait libre, nous vous proposons les choix suivants :<\/p>\n<h3>Route :<\/h3>\n<ul>\n<li>D\u00e9part d\u2019Annecy-Le-Vieux (La commune, pas le vieil Annecy) du lieu-dit &#8220;Le petit port&#8221;. Distance, 41 Km, d\u00e9nivel\u00e9, 1400m env : Partir le long du lac (lac \u00e0 droite), en direction de Veyrier du Lac (D909). A la sortie de Veyrier du Lac, continuer \u00e0 gauche sur la D909 en direction de Th\u00f4nes, La Clusaz. Passer le col de Bluffy FR-74-0630, Alex, puis Th\u00f4nes.<\/li>\n<li>D\u00e9part de Th\u00f4nes. Distance, Distance, 23 Km, d\u00e9nivel\u00e9, 1100m env : Prendre la D909 en direction de La Clusaz, Grand Bornand, passez \u00e0 Saint-Jean de Sixt\u00a0 ainsi que le col du m\u00eame nom FR-74-0956, amorcer une descente et prendre la route \u00e0 droite juste avant le pont et la direction de la vall\u00e9e du Bouchet. Au lieu dit &#8220;Les Plans&#8221;, prendre la route \u00e0 gauche qui monte au col des Annes.<\/li>\n<\/ul>\n<h3>VTT :<\/h3>\n<ul>\n<li>D\u00e9part du Grand Bornand. Distance, 20 Km, d\u00e9nivel\u00e9, 1100m : Monter en direction du Chinaillon (D4), passer 7 \u00e9pingles, et 150m avant le lieu dit &#8220;Les Nants&#8221;, \u00e0 l\u2019altitude 1211m, prendre \u00e0 gauche la direction du &#8220;Mont&#8221; et aller chercher le Col de La Forclaz FR-74-1237b (4 km maxi AR comptabilis\u00e9s dans les 20 Km). Puis reprendre la mont\u00e9e sur la D4, traverser &#8220;Le Chinaillon&#8221;, et \u00e0 la sortie, 150m env avant le pont, descendre \u00e0 droite une petite route en direction du lieu-dit &#8220;La Mulaterie&#8221;, traverser la rivi\u00e8re, passer \u00e0 c\u00f4t\u00e9 d\u2019un stationnement r\u00e9serv\u00e9 aux campings-cars et monter une piste en direction du domaine skiable. Vers les hangars des remont\u00e9es m\u00e9caniques, virer \u00e0 gauche, passer le petit pont, puis devant une ferme, prendre ensuite \u00e0 droite et monter dans la combe. Passer un premier col, &#8220;Col de la Cl\u00e9 des Annes&#8221; FR-74-1746, puis arriver en descente au col des Annes.<\/li>\n<\/ul>\n<p>Nota : Il est fortement d\u00e9conseill\u00e9 de monter au col des Annes avec un camping-car en raison de l\u2019\u00e9troitesse de la route et du peu de places de stationnement.<\/p>\n","protected":false},"excerpt":{"rendered":"<p>Comptes rendus et photos 1ere partie 2e partie Pr\u00e9sentation Rassemblement \u00e0 11H30 au col des Annes FR-74-1722a T\u00e9l\u00e9chargez les cartes et les traces GPX Nous avons command\u00e9 le soleil pour cette premi\u00e8re en Haute Savoie. Pour un bon d\u00e9roulement, il para\u00eet important d\u2019avoir une id\u00e9e approximative du nombre de participants. Il serait dommage qu\u2019il manque [&hellip;]<\/p>\n","protected":false},"author":2001,"featured_media":0,"comment_status":"closed","ping_status":"closed","sticky":false,"template":"","format":"standard","meta":{"_acf_changed":false,"ub_ctt_via":"","_monsterinsights_skip_tracking":false,"_monsterinsights_sitenote_active":false,"_monsterinsights_sitenote_note":"","_monsterinsights_sitenote_category":0,"footnotes":""},"categories":[9,7],"tags":[],"acf":[],"featured_image_urls":{"full":"","thumbnail":"","medium":"","medium_large":"","large":"","1536x1536":"","2048x2048":"","woocommerce_thumbnail":"","woocommerce_single":"","woocommerce_gallery_thumbnail":""},"post_excerpt_stackable":"<p>Comptes rendus et photos 1ere partie 2e partie Pr\u00e9sentation Rassemblement \u00e0 11H30 au col des Annes FR-74-1722a T\u00e9l\u00e9chargez les cartes et les traces GPX Nous avons command\u00e9 le soleil pour cette premi\u00e8re en Haute Savoie. Pour un bon d\u00e9roulement, il para\u00eet important d\u2019avoir une id\u00e9e approximative du nombre de participants. Il serait dommage qu\u2019il manque un verre \u00e0 l\u2019arriv\u00e9e apr\u00e8s tant d\u2019efforts !&#8230; Information \u00e0 transmettre \u00e0 ha&#114;&#108;e.guy&#64;&#111;ra&#110;ge.f&#114; Le repas sera ensuite tir\u00e9 du sac. Bien que la fa\u00e7on d\u2019arriver au col des Annes soit tout \u00e0 fait libre, nous vous proposons les choix suivants : Route : D\u00e9part d\u2019Annecy-Le-Vieux\u2026<\/p>\n","category_list":"<a href=\"https:\/\/centcols.org\/backup\/categorie\/rassemblements\/rassemblements-2011\/\" rel=\"category tag\">Les rassemblements de 2011<\/a>, <a href=\"https:\/\/centcols.org\/backup\/categorie\/rassemblements\/\" rel=\"category tag\">Rencontres r\u00e9gionales<\/a>","author_info":{"display_name":"Webmestre","author_link":"https:\/\/centcols.org\/backup\/author\/webmestre\/"},"comments_num":"0 commentaire","featured_image_urls_v2":{"full":"","thumbnail":"","medium":"","medium_large":"","large":"","1536x1536":"","2048x2048":"","woocommerce_thumbnail":"","woocommerce_single":"","woocommerce_gallery_thumbnail":""},"post_excerpt_stackable_v2":"<p>Comptes rendus et photos 1ere partie 2e partie Pr\u00e9sentation Rassemblement \u00e0 11H30 au col des Annes FR-74-1722a T\u00e9l\u00e9chargez les cartes et les traces GPX Nous avons command\u00e9 le soleil pour cette premi\u00e8re en Haute Savoie. Pour un bon d\u00e9roulement, il para\u00eet important d\u2019avoir une id\u00e9e approximative du nombre de participants. Il serait dommage qu\u2019il manque un verre \u00e0 l\u2019arriv\u00e9e apr\u00e8s tant d\u2019efforts !&#8230; Information \u00e0 transmettre \u00e0 &#104;&#97;&#114;&#108;&#101;&#46;g&#117;y&#64;&#111;range&#46;&#102;r Le repas sera ensuite tir\u00e9 du sac. Bien que la fa\u00e7on d\u2019arriver au col des Annes soit tout \u00e0 fait libre, nous vous proposons les choix suivants : Route : D\u00e9part d\u2019Annecy-Le-Vieux\u2026<\/p>\n","category_list_v2":"<a href=\"https:\/\/centcols.org\/backup\/categorie\/rassemblements\/rassemblements-2011\/\" rel=\"category tag\">Les rassemblements de 2011<\/a>, <a href=\"https:\/\/centcols.org\/backup\/categorie\/rassemblements\/\" rel=\"category tag\">Rencontres r\u00e9gionales<\/a>","author_info_v2":{"name":"Webmestre","url":"https:\/\/centcols.org\/backup\/author\/webmestre\/"},"comments_num_v2":"0 commentaire","featured_image_src":null,"_links":{"self":[{"href":"https:\/\/centcols.org\/backup\/wp-json\/wp\/v2\/posts\/279"}],"collection":[{"href":"https:\/\/centcols.org\/backup\/wp-json\/wp\/v2\/posts"}],"about":[{"href":"https:\/\/centcols.org\/backup\/wp-json\/wp\/v2\/types\/post"}],"author":[{"embeddable":true,"href":"https:\/\/centcols.org\/backup\/wp-json\/wp\/v2\/users\/2001"}],"replies":[{"embeddable":true,"href":"https:\/\/centcols.org\/backup\/wp-json\/wp\/v2\/comments?post=279"}],"version-history":[{"count":0,"href":"https:\/\/centcols.org\/backup\/wp-json\/wp\/v2\/posts\/279\/revisions"}],"wp:attachment":[{"href":"https:\/\/centcols.org\/backup\/wp-json\/wp\/v2\/media?parent=279"}],"wp:term":[{"taxonomy":"category","embeddable":true,"href":"https:\/\/centcols.org\/backup\/wp-json\/wp\/v2\/categories?post=279"},{"taxonomy":"post_tag","embeddable":true,"href":"https:\/\/centcols.org\/backup\/wp-json\/wp\/v2\/tags?post=279"}],"curies":[{"name":"wp","href":"https:\/\/api.w.org\/{rel}","templated":true}]}}