{"id":282,"date":"2015-04-13T17:46:26","date_gmt":"2015-04-13T15:46:26","guid":{"rendered":"http:\/\/centcols.org\/backup\/?p=282"},"modified":"2015-06-09T11:36:47","modified_gmt":"2015-06-09T09:36:47","slug":"concentration-suisse-2011","status":"publish","type":"post","link":"https:\/\/centcols.org\/backup\/concentration-suisse-2011\/","title":{"rendered":"7e Concentration VTT des Cent Cols Suisses le dimanche 17 juillet 2011"},"content":{"rendered":"<p>&nbsp;<\/p>\n<h2>Le circuit<\/h2>\n<p>Je vous propose un d\u00e9part \u00e0 Charmey.<\/p>\n<h3>La carte du circuit<\/h3>\n<p><a href=\"https:\/\/centcols.org\/backup\/wp-content\/uploads\/2015\/04\/Concentration.jpg\"><img loading=\"lazy\" decoding=\"async\" class=\"alignnone size-medium wp-image-283\" src=\"https:\/\/centcols.org\/backup\/wp-content\/uploads\/2015\/04\/Concentration-500x348.jpg\" alt=\"Concentration\" width=\"500\" height=\"348\" srcset=\"https:\/\/centcols.org\/backup\/wp-content\/uploads\/2015\/04\/Concentration-500x348.jpg 500w, https:\/\/centcols.org\/backup\/wp-content\/uploads\/2015\/04\/Concentration-600x418.jpg 600w, https:\/\/centcols.org\/backup\/wp-content\/uploads\/2015\/04\/Concentration-1200x835.jpg 1200w, https:\/\/centcols.org\/backup\/wp-content\/uploads\/2015\/04\/Concentration.jpg 1274w\" sizes=\"(max-width: 500px) 100vw, 500px\" \/><\/a><\/p>\n<p>2 cols : Euschelpass et col de la Balisa.<\/p>\n<p>1000 m de d\u00e9nivellation pour\u00a0 41 km.<\/p>\n<p>Rendez-vous 08h30, parking du centre thermal. D\u00e9part 09h00.<\/p>\n<p>Joseph nous attendra au lac Noir pour un petit ap\u00e9ro. Pique-nique dans le sac.<\/p>\n<h3>Contact:<\/h3>\n<p>Pierre Mai <a href=\"&#109;&#97;i&#108;&#116;&#111;:pma&#105;&#64;&#98;&#108;u&#101;&#119;i&#110;&#46;c&#104;\">pm&#97;&#105;&#64;&#98;l&#117;ewi&#110;&#46;&#99;h<\/a><\/p>\n","protected":false},"excerpt":{"rendered":"<p>&nbsp; Le circuit Je vous propose un d\u00e9part \u00e0 Charmey. La carte du circuit 2 cols : Euschelpass et col de la Balisa. 1000 m de d\u00e9nivellation pour\u00a0 41 km. Rendez-vous 08h30, parking du centre thermal. D\u00e9part 09h00. Joseph nous attendra au lac Noir pour un petit ap\u00e9ro. Pique-nique dans le sac. Contact: Pierre Mai<\/p>\n","protected":false},"author":2001,"featured_media":0,"comment_status":"closed","ping_status":"closed","sticky":false,"template":"","format":"standard","meta":{"_acf_changed":false,"ub_ctt_via":"","_monsterinsights_skip_tracking":false,"_monsterinsights_sitenote_active":false,"_monsterinsights_sitenote_note":"","_monsterinsights_sitenote_category":0,"footnotes":""},"categories":[9,7],"tags":[],"acf":[],"featured_image_urls":{"full":"","thumbnail":"","medium":"","medium_large":"","large":"","1536x1536":"","2048x2048":"","woocommerce_thumbnail":"","woocommerce_single":"","woocommerce_gallery_thumbnail":""},"post_excerpt_stackable":"<p>&nbsp; Le circuit Je vous propose un d\u00e9part \u00e0 Charmey. La carte du circuit 2 cols : Euschelpass et col de la Balisa. 1000 m de d\u00e9nivellation pour\u00a0 41 km. Rendez-vous 08h30, parking du centre thermal. D\u00e9part 09h00. Joseph nous attendra au lac Noir pour un petit ap\u00e9ro. Pique-nique dans le sac. Contact: Pierre Mai &#112;&#109;&#97;&#105;&#64;&#98;luewi&#110;.ch<\/p>\n","category_list":"<a href=\"https:\/\/centcols.org\/backup\/categorie\/rassemblements\/rassemblements-2011\/\" rel=\"category tag\">Les rassemblements de 2011<\/a>, <a href=\"https:\/\/centcols.org\/backup\/categorie\/rassemblements\/\" rel=\"category tag\">Rencontres r\u00e9gionales<\/a>","author_info":{"display_name":"Webmestre","author_link":"https:\/\/centcols.org\/backup\/author\/webmestre\/"},"comments_num":"0 commentaire","featured_image_urls_v2":{"full":"","thumbnail":"","medium":"","medium_large":"","large":"","1536x1536":"","2048x2048":"","woocommerce_thumbnail":"","woocommerce_single":"","woocommerce_gallery_thumbnail":""},"post_excerpt_stackable_v2":"<p>&nbsp; Le circuit Je vous propose un d\u00e9part \u00e0 Charmey. La carte du circuit 2 cols : Euschelpass et col de la Balisa. 1000 m de d\u00e9nivellation pour\u00a0 41 km. Rendez-vous 08h30, parking du centre thermal. D\u00e9part 09h00. Joseph nous attendra au lac Noir pour un petit ap\u00e9ro. Pique-nique dans le sac. Contact: Pierre Mai &#112;mai&#64;&#98;&#108;uewin&#46;c&#104;<\/p>\n","category_list_v2":"<a href=\"https:\/\/centcols.org\/backup\/categorie\/rassemblements\/rassemblements-2011\/\" rel=\"category tag\">Les rassemblements de 2011<\/a>, <a href=\"https:\/\/centcols.org\/backup\/categorie\/rassemblements\/\" rel=\"category tag\">Rencontres r\u00e9gionales<\/a>","author_info_v2":{"name":"Webmestre","url":"https:\/\/centcols.org\/backup\/author\/webmestre\/"},"comments_num_v2":"0 commentaire","featured_image_src":null,"_links":{"self":[{"href":"https:\/\/centcols.org\/backup\/wp-json\/wp\/v2\/posts\/282"}],"collection":[{"href":"https:\/\/centcols.org\/backup\/wp-json\/wp\/v2\/posts"}],"about":[{"href":"https:\/\/centcols.org\/backup\/wp-json\/wp\/v2\/types\/post"}],"author":[{"embeddable":true,"href":"https:\/\/centcols.org\/backup\/wp-json\/wp\/v2\/users\/2001"}],"replies":[{"embeddable":true,"href":"https:\/\/centcols.org\/backup\/wp-json\/wp\/v2\/comments?post=282"}],"version-history":[{"count":0,"href":"https:\/\/centcols.org\/backup\/wp-json\/wp\/v2\/posts\/282\/revisions"}],"wp:attachment":[{"href":"https:\/\/centcols.org\/backup\/wp-json\/wp\/v2\/media?parent=282"}],"wp:term":[{"taxonomy":"category","embeddable":true,"href":"https:\/\/centcols.org\/backup\/wp-json\/wp\/v2\/categories?post=282"},{"taxonomy":"post_tag","embeddable":true,"href":"https:\/\/centcols.org\/backup\/wp-json\/wp\/v2\/tags?post=282"}],"curies":[{"name":"wp","href":"https:\/\/api.w.org\/{rel}","templated":true}]}}