{"id":284,"date":"2015-04-13T17:51:48","date_gmt":"2015-04-13T15:51:48","guid":{"rendered":"http:\/\/centcols.org\/backup\/?p=284"},"modified":"2015-06-09T11:36:29","modified_gmt":"2015-06-09T09:36:29","slug":"concentration-2011-poulzinieres","status":"publish","type":"post","link":"https:\/\/centcols.org\/backup\/concentration-2011-poulzinieres\/","title":{"rendered":"Concentration r\u00e9gionale des Cent Cols en C\u00e9vennes le Lundi 15 aout 2011 au Col de Poulzini\u00e8res (FR-12-1047)"},"content":{"rendered":"<h2>Les photos<\/h2>\n<p><a class=\"iframe-fancybox\" href=\"http:\/\/centcols.net\/util\/visuAlbum.php?album=06862-001\" target=\"_blank\">1ere partie<\/a><\/p>\n<p><a class=\"iframe-fancybox\" href=\"http:\/\/centcols.net\/util\/visuAlbum.php?album=03225-005\" target=\"_blank\">2e partie<\/a><\/p>\n<h2>Pr\u00e9sentation<\/h2>\n<p>La concentration r\u00e9gionale Cent Cols en C\u00e9vennes aura lieu le lundi 15 ao\u00fbt 2011 au <strong>col de Poulzini\u00e8res<\/strong> (<a class=\"iframe-fancybox\" href=\"https:\/\/centcols.org\/backup\/util\/geo\/visuGP.php?c=12104700\" target=\"_blank\">FR-12-1047<\/a>).<\/p>\n<p>Pour cette \u00e9dition 2011, une petite infid\u00e9lit\u00e9 sera faite aux C\u00e9vennes, la concentration r\u00e9gionale aura lieu dans les Monts du Lev\u00e9zou en sud aveyron. Les C\u00e9vennes n\u2019ont pas de limites administratives pr\u00e9cises et une petite partie du d\u00e9partement 12 baigne en terres c\u00e9venoles. La proximit\u00e9 du s\u00e9jour estival m\u2019a pouss\u00e9 \u00e0 vous proposer une journ\u00e9e suppl\u00e9mentaire car je sais que beaucoup d\u2019entre vous venant de contr\u00e9es lointaines s\u00e9journeront une semaine ou plus dans le secteur de l\u2019Aigoual. Outre les deux cols propos\u00e9s ce jour-l\u00e0, il y aura le charme de la cit\u00e9 de MILLAU, capitale de la ganterie, le c\u00e9l\u00e8bre viaduc sous toutes ses facettes (les photographes pourront s\u2019en donner \u00e0 c\u0153ur joie), la vall\u00e9e du Tarn, de beaux villages et pour ceux qui le souhaitent \u00ab Micropolis \u00bb la cit\u00e9 des insectes.<\/p>\n<p>D\u2019autres pr\u00e9f\u00e8reront \u00e9courter la balade sur deux roues, pour d\u00e9couvrir ROQUEFORT et ses caves de renomm\u00e9es mondiales.<\/p>\n<p>Le parcours propos\u00e9 n\u2019est qu\u2019une suggestion, chacun dispose de sa libert\u00e9 pour rejoindre le lieu de concentration \u00e0 sa guise, en suivant un itin\u00e9raire soigneusement concoct\u00e9 ou bien en fonction de son intuition du moment. Un cyclotouriste est avant tout, un individu \u00e9pris de libert\u00e9.<\/p>\n<p>Bienvenue \u00e0 tous entre 11h et 13h \u00e0 1047m d\u2019altitude, sur la D30 entre BOULOC et ST BEAUZELY (carte Michelin-D\u00e9partements France 339), pour le partage du vin et du fromage dans la tradition Centcoliste.<\/p>\n<p>Tr\u00e8s amicalement. Guy CAMBESSEDES (animateur r\u00e9gional).<br \/>\n<a href=\"m&#97;i&#108;&#116;&#111;&#58;g&#117;&#121;&#46;&#99;&#97;mbes&#115;e&#100;&#101;s&#64;&#111;ra&#110;ge.f&#114;\">gu&#121;.c&#97;m&#98;e&#115;s&#101;&#100;&#101;&#115;&#64;&#111;&#114;&#97;&#110;&#103;e&#46;&#102;&#114;<\/a><\/p>\n<h2>Itin\u00e9raire de la balade propos\u00e9e<\/h2>\n<p>Quitter MILLAU par la D41, en longeant le Tarn, traverser COMPREGNAC et CANDAS. A ST HIPPOLYTE grimper en direction de MONTJAU, puis poursuivre par la D993 pour franchir le col de Vernhette FR-12-1029 et rejoindre BOULOC. Attention \u00e0 la localisation du col, il faut au niveau du panneau DDE tourner \u00e0 gauche sur une petite route et parcourir quelques centaines de m\u00e8tres afin de respecter le catalogue des cols fran\u00e7ais (le Chauvot). De BOULOC grimper encore par la D30 jusqu\u2019au col de Poulzini\u00e8res FR-12-1047 pour rejoindre les confr\u00e8res sur le lieu de concentration.<\/p>\n<p>Toujours par la D30 atteindre ST BAUZELY, de l\u00e0 possibilit\u00e9 de rejoindre ST LEONS pour la visite de \u00ab Micropolis \u00bb ou redescendre par la D96, la 515 et CV sur le village de PEYRE et rejoindre ensuite la capitale du gant de cuir.<\/p>\n<p><a href=\"https:\/\/centcols.org\/backup\/wp-content\/uploads\/2015\/04\/Poulzinieres01.jpg\"><img loading=\"lazy\" decoding=\"async\" class=\"alignnone size-medium wp-image-285\" src=\"https:\/\/centcols.org\/backup\/wp-content\/uploads\/2015\/04\/Poulzinieres01-500x375.jpg\" alt=\"Poulzinieres01\" width=\"500\" height=\"375\" srcset=\"https:\/\/centcols.org\/backup\/wp-content\/uploads\/2015\/04\/Poulzinieres01-500x375.jpg 500w, https:\/\/centcols.org\/backup\/wp-content\/uploads\/2015\/04\/Poulzinieres01.jpg 600w\" sizes=\"(max-width: 500px) 100vw, 500px\" \/><\/a><\/p>\n<p><a href=\"https:\/\/centcols.org\/backup\/wp-content\/uploads\/2015\/04\/Poulzinieres02.jpg\"><img loading=\"lazy\" decoding=\"async\" class=\"alignnone size-medium wp-image-286\" src=\"https:\/\/centcols.org\/backup\/wp-content\/uploads\/2015\/04\/Poulzinieres02-500x375.jpg\" alt=\"Poulzinieres02\" width=\"500\" height=\"375\" srcset=\"https:\/\/centcols.org\/backup\/wp-content\/uploads\/2015\/04\/Poulzinieres02-500x375.jpg 500w, https:\/\/centcols.org\/backup\/wp-content\/uploads\/2015\/04\/Poulzinieres02.jpg 600w\" sizes=\"(max-width: 500px) 100vw, 500px\" \/><\/a><\/p>\n","protected":false},"excerpt":{"rendered":"<p>Les photos 1ere partie 2e partie Pr\u00e9sentation La concentration r\u00e9gionale Cent Cols en C\u00e9vennes aura lieu le lundi 15 ao\u00fbt 2011 au col de Poulzini\u00e8res (FR-12-1047). Pour cette \u00e9dition 2011, une petite infid\u00e9lit\u00e9 sera faite aux C\u00e9vennes, la concentration r\u00e9gionale aura lieu dans les Monts du Lev\u00e9zou en sud aveyron. Les C\u00e9vennes n\u2019ont pas de [&hellip;]<\/p>\n","protected":false},"author":2001,"featured_media":0,"comment_status":"closed","ping_status":"closed","sticky":false,"template":"","format":"standard","meta":{"_acf_changed":false,"ub_ctt_via":"","_monsterinsights_skip_tracking":false,"_monsterinsights_sitenote_active":false,"_monsterinsights_sitenote_note":"","_monsterinsights_sitenote_category":0,"footnotes":""},"categories":[9,7],"tags":[],"acf":[],"featured_image_urls":{"full":"","thumbnail":"","medium":"","medium_large":"","large":"","1536x1536":"","2048x2048":"","woocommerce_thumbnail":"","woocommerce_single":"","woocommerce_gallery_thumbnail":""},"post_excerpt_stackable":"<p>Les photos 1ere partie 2e partie Pr\u00e9sentation La concentration r\u00e9gionale Cent Cols en C\u00e9vennes aura lieu le lundi 15 ao\u00fbt 2011 au col de Poulzini\u00e8res (FR-12-1047). Pour cette \u00e9dition 2011, une petite infid\u00e9lit\u00e9 sera faite aux C\u00e9vennes, la concentration r\u00e9gionale aura lieu dans les Monts du Lev\u00e9zou en sud aveyron. Les C\u00e9vennes n\u2019ont pas de limites administratives pr\u00e9cises et une petite partie du d\u00e9partement 12 baigne en terres c\u00e9venoles. La proximit\u00e9 du s\u00e9jour estival m\u2019a pouss\u00e9 \u00e0 vous proposer une journ\u00e9e suppl\u00e9mentaire car je sais que beaucoup d\u2019entre vous venant de contr\u00e9es lointaines s\u00e9journeront une semaine ou plus dans le\u2026<\/p>\n","category_list":"<a href=\"https:\/\/centcols.org\/backup\/categorie\/rassemblements\/rassemblements-2011\/\" rel=\"category tag\">Les rassemblements de 2011<\/a>, <a href=\"https:\/\/centcols.org\/backup\/categorie\/rassemblements\/\" rel=\"category tag\">Rencontres r\u00e9gionales<\/a>","author_info":{"display_name":"Webmestre","author_link":"https:\/\/centcols.org\/backup\/author\/webmestre\/"},"comments_num":"0 commentaire","featured_image_urls_v2":{"full":"","thumbnail":"","medium":"","medium_large":"","large":"","1536x1536":"","2048x2048":"","woocommerce_thumbnail":"","woocommerce_single":"","woocommerce_gallery_thumbnail":""},"post_excerpt_stackable_v2":"<p>Les photos 1ere partie 2e partie Pr\u00e9sentation La concentration r\u00e9gionale Cent Cols en C\u00e9vennes aura lieu le lundi 15 ao\u00fbt 2011 au col de Poulzini\u00e8res (FR-12-1047). Pour cette \u00e9dition 2011, une petite infid\u00e9lit\u00e9 sera faite aux C\u00e9vennes, la concentration r\u00e9gionale aura lieu dans les Monts du Lev\u00e9zou en sud aveyron. Les C\u00e9vennes n\u2019ont pas de limites administratives pr\u00e9cises et une petite partie du d\u00e9partement 12 baigne en terres c\u00e9venoles. La proximit\u00e9 du s\u00e9jour estival m\u2019a pouss\u00e9 \u00e0 vous proposer une journ\u00e9e suppl\u00e9mentaire car je sais que beaucoup d\u2019entre vous venant de contr\u00e9es lointaines s\u00e9journeront une semaine ou plus dans le\u2026<\/p>\n","category_list_v2":"<a href=\"https:\/\/centcols.org\/backup\/categorie\/rassemblements\/rassemblements-2011\/\" rel=\"category tag\">Les rassemblements de 2011<\/a>, <a href=\"https:\/\/centcols.org\/backup\/categorie\/rassemblements\/\" rel=\"category tag\">Rencontres r\u00e9gionales<\/a>","author_info_v2":{"name":"Webmestre","url":"https:\/\/centcols.org\/backup\/author\/webmestre\/"},"comments_num_v2":"0 commentaire","featured_image_src":null,"_links":{"self":[{"href":"https:\/\/centcols.org\/backup\/wp-json\/wp\/v2\/posts\/284"}],"collection":[{"href":"https:\/\/centcols.org\/backup\/wp-json\/wp\/v2\/posts"}],"about":[{"href":"https:\/\/centcols.org\/backup\/wp-json\/wp\/v2\/types\/post"}],"author":[{"embeddable":true,"href":"https:\/\/centcols.org\/backup\/wp-json\/wp\/v2\/users\/2001"}],"replies":[{"embeddable":true,"href":"https:\/\/centcols.org\/backup\/wp-json\/wp\/v2\/comments?post=284"}],"version-history":[{"count":0,"href":"https:\/\/centcols.org\/backup\/wp-json\/wp\/v2\/posts\/284\/revisions"}],"wp:attachment":[{"href":"https:\/\/centcols.org\/backup\/wp-json\/wp\/v2\/media?parent=284"}],"wp:term":[{"taxonomy":"category","embeddable":true,"href":"https:\/\/centcols.org\/backup\/wp-json\/wp\/v2\/categories?post=284"},{"taxonomy":"post_tag","embeddable":true,"href":"https:\/\/centcols.org\/backup\/wp-json\/wp\/v2\/tags?post=284"}],"curies":[{"name":"wp","href":"https:\/\/api.w.org\/{rel}","templated":true}]}}